{"id":162639,"date":"2025-12-21T07:17:08","date_gmt":"2025-12-21T07:17:08","guid":{"rendered":"https:\/\/www.europesays.com\/pl\/162639\/"},"modified":"2025-12-21T07:17:08","modified_gmt":"2025-12-21T07:17:08","slug":"artur-szpilka-jako-wiezien-takiego-go-nie-znacie-w-ksiazce-o-tym-ani-slowa","status":"publish","type":"post","link":"https:\/\/www.europesays.com\/pl\/162639\/","title":{"rendered":"Artur Szpilka jako wi\u0119zie\u0144. Takiego go nie znacie. W ksi\u0105\u017cce o tym ani s\u0142owa"},"content":{"rendered":"<p class=\"Paragraph_desktopParagraph__Fd2e9\">Marcin &#8222;R\u00f3\u017cal&#8221; R\u00f3\u017calski o powrocie do okr\u0105g\u0142ej klatki dowiedzia\u0142 si\u0119 raptem kilka dni przed XTB KSW 113. Nie waha\u0142 si\u0119 jednak nawet chwili, mimo 47 lat na karku. A pow\u00f3d by\u0142 prosty. W ko\u0144cu zaproponowano mu, \u017ce jego wyst\u0119p b\u0119dzie oznacza\u0142 wp\u0142at\u0119 \u015brodk\u00f3w na jego zbi\u00f3rk\u0119, kt\u00f3ra ma na celu ratowanie koni. A to, jak wiele znaczy\u0142o to dla kibic\u00f3w, by\u0142o wida\u0107 i s\u0142ycha\u0107 na Atlas Arenie w \u0141odzi.<\/p>\n<p class=\"Paragraph_desktopParagraph__Fd2e9\">Gdy R\u00f3\u017calski wchodzi\u0142 do klatki, na trybunach rozleg\u0142 si\u0119 g\u0142o\u015bny szmer. Co oznacza\u0142? Zaciekawienie, ekscytacj\u0119, ale niew\u0105tpliwie i obawy. A te szybko si\u0119 potwierdzi\u0142y. <a href=\"https:\/\/przegladsportowy.onet.pl\/mma\/ksw\/alez-bomba-nokaut-w-1-rundzie-walki-marcina-rozalskiego-na-ksw-i-nagle-ogloszenie\/q218wv2\" id=\"eaa7f6d0-f0e5-4db4-baf6-cb19f7418232\" rel=\"nofollow noopener\" target=\"_blank\">Jeszcze w pierwszej rundzie legenda run\u0119\u0142a na mat\u0119 po pot\u0119\u017cnym ciosie, a publika d\u0142ugo milcza\u0142a, czekaj\u0105c, a\u017c &#8222;R\u00f3zal&#8221; wstanie<\/a>. Po czasie 47-latek na pewno i tak nie \u017ca\u0142uje. W ko\u0144cu w taki spos\u00f3b uratowa\u0142 swoje ukochane zwierz\u0119ta. A na gali XTB KSW 113 to by\u0142 dopiero pocz\u0105tek.<\/p>\n<p>Artur Szpilka zn\u00f3w jako wi\u0119zie\u0144. Wyci\u0105gn\u0105\u0142 wnioski. Zmieni\u0142o si\u0119 wszystko<\/p>\n<p class=\"Paragraph_desktopParagraph__Fd2e9\">Niesamowite by\u0142o te\u017c to, co zrobi\u0142 Artur Szpilka. Kolejne wyj\u0105tkowe wyj\u015bcie do klatki? Prosz\u0119 bardzo. Najpierw zdj\u0119cia z przesz\u0142o\u015bci, wzruszaj\u0105ce s\u0142owa, a potem wyj\u015bcie na p\u0142yt\u0119 Atlas Areny w stroju wi\u0119\u017ania, w kajdankach. Szpila cofn\u0105\u0142 si\u0119 do pocz\u0105tk\u00f3w kariery bokserskiej, gdy te\u017c stawia\u0142 na taki performance, ale od tego czasu zmieni\u0142o si\u0119 jednak wiele. A mo\u017ce i wszystko?<\/p>\n<p class=\"Paragraph_desktopParagraph__Fd2e9\">To, jak\u0105 drog\u0119 przeszed\u0142 w \u017cyciu Artur Szpilka, to jedno. Nie ma tu zreszt\u0105 co opowiada\u0107 kolejnych etap\u00f3w, bo idealnie opisuj\u0105 je ksi\u0105\u017cka i film o tej postaci. Teraz trzeba doda\u0107 jednak co\u015b jeszcze. Niedawno trenerzy w\u015bciekali si\u0119 na &#8222;Szpil\u0119&#8221;, \u017ce ten potrafi co\u015b sobie wymy\u015bli\u0107 i zrealizowa\u0107, nawet je\u015bli to nie ma sensu.<\/p>\n<p class=\"Paragraph_desktopParagraph__Fd2e9\">\u2014 Je\u015bli zn\u00f3w to zrobi, to wskocz\u0119 do klatki i go zdziel\u0119 \u2014 opowiada\u0142 Arbi Szamajew, wspominaj\u0105c nietypowy cios, na kt\u00f3ry Szpilka zdecydowa\u0142 si\u0119 w walce z Arkadiuszem Wrzoskiem, przez co przegra\u0142 w kilkana\u015bcie sekund.<\/p>\n<p class=\"Paragraph_desktopParagraph__Fd2e9\">Teraz by\u0142o jednak inaczej. Nawet \u017cywio\u0142owo reaguj\u0105ca publika, kt\u00f3ra zach\u0119ca\u0142a go do ruszenia na rywala, nic nie zmienia\u0142a. Szpilka by\u0142 skupiony, dok\u0142adny i udowodni\u0142, \u017ce mo\u017ce celowa\u0107 w pas mistrzowski. Ale najpierw czeka na Wrzoska, co zn\u00f3w podkre\u015bli\u0142.<\/p>\n<p>W \u0141odzi pola\u0142y si\u0119 \u0142zy. Najwi\u0119ksi twardziele mieli do\u015b\u0107<\/p>\n<p class=\"Paragraph_desktopParagraph__Fd2e9\">A to nie by\u0142 koniec niesamowitych emocji i pi\u0119knych chwil. Najpierw Pawe\u0142 Pawlak w pi\u0119kny spos\u00f3b obroni\u0142 mistrzowski pas, poddaj\u0105c Laida Zerhouniego, a p\u00f3\u017aniej show skradli Adrian Bartosi\u0144ski i Muslim Tulszajew. Walka wieczoru sprawi\u0142a, \u017ce Atlas Arena unios\u0142a si\u0119 w powietrzu, a gdy w wielkim stylu wygra\u0142 lokalny bohater, rozpocz\u0105\u0142 si\u0119 absolutny sza\u0142. A potem pola\u0142y si\u0119 \u0142zy.<\/p>\n<p class=\"Paragraph_desktopParagraph__Fd2e9\">\u2014 Chcia\u0142em podziekowa\u0107 mojej \u017conie, pomaga mi we wszystkim \u2014 powiedzia\u0142 wci\u0105\u017c aktualny mistrz, a potem postanowi\u0142 wr\u0119czy\u0107 pas swojemu trenerowi.<\/p>\n<p class=\"Paragraph_desktopParagraph__Fd2e9\">\u2014 To jest m\u00f3j pas, ale sam bym go nie zdoby\u0142. Ja ju\u017c jeden taki mam, ten jest dla ciebie, ma zawisn\u0105\u0107 w twoim domu \u2014 zwr\u00f3ci\u0142 si\u0119 do Dawida Pep\u0142owskiego, kt\u00f3ry nie potrafi\u0142 powstrzyma\u0107 \u0142ez.<\/p>\n<p class=\"Paragraph_desktopParagraph__Fd2e9\">&#8222;Chlopaki nie p\u0142acz\u0105&#8221;? Jeden z ulubionych film\u00f3w &#8222;Bartosa&#8221; tym razem nie mia\u0142 prawa bytu. NA zako\u0144czenie gali XTB KSW 113 \u0142ezk\u0119 uronili nawet najwi\u0119ksi twardziele. Trudno o lepsze podsumowanie tego pi\u0119knego \u015bwi\u0119ta sportu.<\/p>\n","protected":false},"excerpt":{"rendered":"Marcin &#8222;R\u00f3\u017cal&#8221; R\u00f3\u017calski o powrocie do okr\u0105g\u0142ej klatki dowiedzia\u0142 si\u0119 raptem kilka dni przed XTB KSW 113. Nie&hellip;\n","protected":false},"author":2,"featured_media":162640,"comment_status":"","ping_status":"","sticky":false,"template":"","format":"standard","meta":{"footnotes":""},"categories":[24],"tags":[32256,13790,67,1254,32257,1255,32161,42,38,40,39,41,136,128,47,127,135,126,130],"class_list":{"0":"post-162639","1":"post","2":"type-post","3":"status-publish","4":"format-standard","5":"has-post-thumbnail","7":"category-sport","8":"tag-adrian_bartosinski","9":"tag-artur_szpilka","10":"tag-intextvideo_splayer","11":"tag-ksw","12":"tag-marcin_rozalski","13":"tag-mma","14":"tag-pawel_pawlak","15":"tag-pl","16":"tag-poland","17":"tag-polish","18":"tag-polska","19":"tag-polski","20":"tag-ps_detal_new","21":"tag-psv2","22":"tag-screening_general","23":"tag-sport","24":"tag-sport_sport","25":"tag-sports","26":"tag-wiadomosci_sportowe"},"share_on_mastodon":{"url":"https:\/\/pubeurope.com\/@pl\/115756337906945699","error":""},"_links":{"self":[{"href":"https:\/\/www.europesays.com\/pl\/wp-json\/wp\/v2\/posts\/162639","targetHints":{"allow":["GET"]}}],"collection":[{"href":"https:\/\/www.europesays.com\/pl\/wp-json\/wp\/v2\/posts"}],"about":[{"href":"https:\/\/www.europesays.com\/pl\/wp-json\/wp\/v2\/types\/post"}],"author":[{"embeddable":true,"href":"https:\/\/www.europesays.com\/pl\/wp-json\/wp\/v2\/users\/2"}],"replies":[{"embeddable":true,"href":"https:\/\/www.europesays.com\/pl\/wp-json\/wp\/v2\/comments?post=162639"}],"version-history":[{"count":0,"href":"https:\/\/www.europesays.com\/pl\/wp-json\/wp\/v2\/posts\/162639\/revisions"}],"wp:featuredmedia":[{"embeddable":true,"href":"https:\/\/www.europesays.com\/pl\/wp-json\/wp\/v2\/media\/162640"}],"wp:attachment":[{"href":"https:\/\/www.europesays.com\/pl\/wp-json\/wp\/v2\/media?parent=162639"}],"wp:term":[{"taxonomy":"category","embeddable":true,"href":"https:\/\/www.europesays.com\/pl\/wp-json\/wp\/v2\/categories?post=162639"},{"taxonomy":"post_tag","embeddable":true,"href":"https:\/\/www.europesays.com\/pl\/wp-json\/wp\/v2\/tags?post=162639"}],"curies":[{"name":"wp","href":"https:\/\/api.w.org\/{rel}","templated":true}]}}