{"id":162656,"date":"2025-12-21T07:32:11","date_gmt":"2025-12-21T07:32:11","guid":{"rendered":"https:\/\/www.europesays.com\/pl\/162656\/"},"modified":"2025-12-21T07:32:11","modified_gmt":"2025-12-21T07:32:11","slug":"corka-michala-urbaniaka-zegna-ojca-spij-z-aniolami-onet","status":"publish","type":"post","link":"https:\/\/www.europesays.com\/pl\/162656\/","title":{"rendered":"C\u00f3rka Micha\u0142a Urbaniaka \u017cegna ojca. &quot;\u015apij z anio\u0142ami&quot; &#8211; Onet"},"content":{"rendered":"<ol>\n<li><a href=\"https:\/\/news.google.com\/rss\/articles\/CBMiqgFBVV95cUxQUktzVFZveUREYTk4QURCQVlZV2ZKUFl5Zm16Rk5ZbV8wUXk2ZUtveWRaMlh0SHBHYUNQSG44UjNmT0VJVWdxcHBfYlMyWXNQUndmSFg3d3hoZVlGQTdZNElyTWNRTTE3SjZRb0FzR2V3RDFScU9GRHZzVk9hQjdqWm5QMmVaUTB4NlY3YW5XVGZRbkM2R2p1ZmNsaEYwV0hnaDB1TlkzVVY5Zw?oc=5\" target=\"_blank\" rel=\"nofollow noopener\">C\u00f3rka Micha\u0142a Urbaniaka \u017cegna ojca. &#8222;\u015apij z anio\u0142ami&#8221;<\/a>&nbsp;&nbsp;Onet<\/li>\n<li><a href=\"https:\/\/news.google.com\/rss\/articles\/CBMiowFBVV95cUxOeEIyXy1nVzJiNjM1NjFvdERicloyWnpicFFGLVBuXzBzc1FhTy13R1ZyLUlVNlZ2dDZta3B3aHdpY2tlelRsM1REZ3pHSWszVm41cm1IeGE2U1FtcUlyeVViX2ZLMHNfMHhmaU8tMDFIeHhWV1JCbVZyaEZTR3pJVzBwclJOYkxXM19ITEhhYzh5V1l4azRPelhUTTJCYjY2dU1F?oc=5\" target=\"_blank\" rel=\"nofollow noopener\">&#8222;\u017by\u0142 i czu\u0142 wielkimi nutami&#8221;. Micha\u0142 Urbaniak, wybitny jazzman, nie \u017cyje<\/a>&nbsp;&nbsp;Wyborcza.pl<\/li>\n<li><a href=\"https:\/\/news.google.com\/rss\/articles\/CBMitAFBVV95cUxNeWlPY3o3WXFCMGVja0t4QWdwUTk1czBQeDlQWlJVelNYdWItX2xjMUNVcWJLYWxUSDYwYjNLeVV3OGcxZHM0S3BJdENYQ0N4bE9jTTN4MnVUR2MtbVpKZnhvWXNMZXZDU1Frc2kyMFZZRjRPZDBubU9idE1qZ3BuSG40a21Ic0VRa052ZTdYNnQxTTBhN2JiUjZLZHpkV3FDVTdUVGVrQkFEeDFWcDVXY1ZZYTQ?oc=5\" target=\"_blank\" rel=\"nofollow noopener\">Nie \u017cyje ikona polskiego jazzu, atak na polski konsulat, ostrze\u017cenie dla klient\u00f3w banku<\/a>&nbsp;&nbsp;TVN24<\/li>\n<li><a href=\"https:\/\/news.google.com\/rss\/articles\/CBMiwgFBVV95cUxONHpjWnZNY0NzSjRFQzJhU2s3MlhBblRJSUt5RnZVUEg5MVJPazJSNXdKRTFTMTNBSkp3NWppdVVqaExudDU2MU4yNVVDN3c5MnRUTHlqUG1KNUNOTzlaRFF2LWFnRnJnQ2F5X0JvSlNxUURFOTVyMzB5WGJwZHV2QVVMWVRoSjB2TGFXcTlWSXlOYmpJMy12WHFacHhFZzN0TTRzSzUyd3dsRmY1cUw2RGNYenNKTS02dWhjZUlRNF9qQQ?oc=5\" target=\"_blank\" rel=\"nofollow noopener\">Micha\u0142 Urbaniak nie \u017cyje. Wybitny muzyk jazzowy mia\u0142 82 lata<\/a>&nbsp;&nbsp;Medonet<\/li>\n<li><a href=\"https:\/\/news.google.com\/rss\/articles\/CBMiqAFBVV95cUxQcVp0eld0UDg2U0JCbC10NnJPMG5EMHVVOS1oVm95a0lKTVJaTS1TRFk4cTY5TVdvdVF6U2dKWjF6SC10b3Q4M3Q0U1p3RUFEbFhDT0MtdzU3QnNJUWVWMFVXckJMbXo2M2tLdnhnNVRiWjVndGFZbzZKdFJxVzZIOVpqcHFnUUluNUg5ZVk2MzBULXlCblJINXh4SWVTZk5GdHRaRmoyMkk?oc=5\" target=\"_blank\" rel=\"nofollow noopener\">Kuba Wojew\u00f3dzki \u017cegna Micha\u0142a Urbaniaka. Wystarczy\u0142o kilka wymownych s\u0142\u00f3w<\/a>&nbsp;&nbsp;Jastrz\u0105b Post<\/li>\n<\/ol>\n","protected":false},"excerpt":{"rendered":"C\u00f3rka Micha\u0142a Urbaniaka \u017cegna ojca. &#8222;\u015apij z anio\u0142ami&#8221;&nbsp;&nbsp;Onet &#8222;\u017by\u0142 i czu\u0142 wielkimi nutami&#8221;. Micha\u0142 Urbaniak, wybitny jazzman, nie&hellip;\n","protected":false},"author":2,"featured_media":162657,"comment_status":"","ping_status":"","sticky":false,"template":"","format":"standard","meta":{"footnotes":""},"categories":[22],"tags":[122,67,32253,32259,53,52,68,51,55,42,38,40,39,41,32258,17956,123,47,511,196,65,50],"class_list":{"0":"post-162656","1":"post","2":"type-post","3":"status-publish","4":"format-standard","5":"has-post-thumbnail","7":"category-rozrywka","8":"tag-entertainment","9":"tag-intextvideo_splayer","10":"tag-michal_urbaniak_muzyk","11":"tag-mika_urbaniak_wokalistka","12":"tag-new_header","13":"tag-onet3","14":"tag-onet3d","15":"tag-onet3d_2i","16":"tag-phx","17":"tag-pl","18":"tag-poland","19":"tag-polish","20":"tag-polska","21":"tag-polski","22":"tag-pozegnania","23":"tag-pozegnanie","24":"tag-rozrywka","25":"tag-screening_general","26":"tag-smierc","27":"tag-styl_zycia","28":"tag-update_me","29":"tag-v2021"},"share_on_mastodon":{"url":"https:\/\/pubeurope.com\/@pl\/115756396913949778","error":""},"_links":{"self":[{"href":"https:\/\/www.europesays.com\/pl\/wp-json\/wp\/v2\/posts\/162656","targetHints":{"allow":["GET"]}}],"collection":[{"href":"https:\/\/www.europesays.com\/pl\/wp-json\/wp\/v2\/posts"}],"about":[{"href":"https:\/\/www.europesays.com\/pl\/wp-json\/wp\/v2\/types\/post"}],"author":[{"embeddable":true,"href":"https:\/\/www.europesays.com\/pl\/wp-json\/wp\/v2\/users\/2"}],"replies":[{"embeddable":true,"href":"https:\/\/www.europesays.com\/pl\/wp-json\/wp\/v2\/comments?post=162656"}],"version-history":[{"count":0,"href":"https:\/\/www.europesays.com\/pl\/wp-json\/wp\/v2\/posts\/162656\/revisions"}],"wp:featuredmedia":[{"embeddable":true,"href":"https:\/\/www.europesays.com\/pl\/wp-json\/wp\/v2\/media\/162657"}],"wp:attachment":[{"href":"https:\/\/www.europesays.com\/pl\/wp-json\/wp\/v2\/media?parent=162656"}],"wp:term":[{"taxonomy":"category","embeddable":true,"href":"https:\/\/www.europesays.com\/pl\/wp-json\/wp\/v2\/categories?post=162656"},{"taxonomy":"post_tag","embeddable":true,"href":"https:\/\/www.europesays.com\/pl\/wp-json\/wp\/v2\/tags?post=162656"}],"curies":[{"name":"wp","href":"https:\/\/api.w.org\/{rel}","templated":true}]}}