{"id":162672,"date":"2025-12-21T07:44:16","date_gmt":"2025-12-21T07:44:16","guid":{"rendered":"https:\/\/www.europesays.com\/pl\/162672\/"},"modified":"2025-12-21T07:44:16","modified_gmt":"2025-12-21T07:44:16","slug":"skoki-narciarskie-engelberg-2025-terminarz-zawodow-ps-19-21-grudnia-o-ktorej-konkursy-i-kwalifikacje-sport-tvp-pl","status":"publish","type":"post","link":"https:\/\/www.europesays.com\/pl\/162672\/","title":{"rendered":"Skoki narciarskie Engelberg 2025 \u2013 terminarz zawod\u00f3w P\u015a (19-21 grudnia). O kt\u00f3rej konkursy i kwalifikacje? &#8211; sport.tvp.pl"},"content":{"rendered":"<ol>\n<li><a href=\"https:\/\/news.google.com\/rss\/articles\/CBMiygFBVV95cUxQVzBpUmhIVGNfQzJ4RDRDQmVuU2tnbWxIdFh1cGR1bV92OF82ZFcxVXBnT1d5N2lJU0xnLXRQcjZQUEIxeGZCdXk1S3Q0Sk5YbEJDYmhzczg4SGpPUDNVOVdlN1VrS0FvRG5iUFdCYXV3ZldCZUJJLUs3RWpJYUxwRzc2YlVZakZBN05UTnhFODlrYkJjejRqcXNuWWJEWDFkam0tWFo3UEJrUjlUN29XUFN6dFZLM3RtVjN1VzdiejBxNWt0LXhmend30gHPAUFVX3lxTE01T1lnUFhUa0cxT0p4NVJRd25WclNmeEFocEpHRzNSZk9ZMy0xWFNBRHpKUXEyVkxlOEhCN2ZOcXZ4UE9KU3BWbmFmN2JkbFR1MTZjbWktWnpTdERxaHAyM0dqb3FfZlJkcjhYVkhMaUFMMWFrTWdqX1FTVWU4SVFlR1Q5d2VpTF9Xb2NxVmNIN2RpVEVjOHZ2XzJJZnl6U0E1ejVDQTIyNDZnNkdCN0dmYzBfN0hmTEV4RjhpY3VtQmhJSm82Zy1fcmNEbUJpYw?oc=5\" target=\"_blank\" rel=\"nofollow noopener\">Skoki narciarskie Engelberg 2025 \u2013 terminarz zawod\u00f3w P\u015a (19-21 grudnia). O kt\u00f3rej konkursy i kwalifikacje?<\/a>&nbsp;&nbsp;sport.tvp.pl<\/li>\n<li><a href=\"https:\/\/news.google.com\/rss\/articles\/CBMi6AFBVV95cUxNbVhmUkdIbl8yckc2bVNyaFl6dW1pUnZkVXp3R25IMGQ1cUNIOWVBSjZrY2pBYnZPanZSSThTVmdoVVdJUWNERm9aXzAtaGNxTk43N0RralNzT1NNY2Q0R3Y5dkpIYWFobXhrNFY4UDJza2RQV3hlbFpYNjU3ZTVTbGoyblB1YzdrT3NwUC1vRUNlLUc1Si1XNF9UZVpwd1M5d3RfWUJJdzZfdkVmUkVDamllS0NxTGhmVUhDZWhDSlNLU1V3Sk5yaU9lckJhR0dMemVUN1JNZFRURm5nZzQzR3dzTjY5YUo4?oc=5\" target=\"_blank\" rel=\"nofollow noopener\">Zapad\u0142 wyrok po katastrofie polskich gwiazd w Engelbergu. Wskazuj\u0105 jedno nazwisko<\/a>&nbsp;&nbsp;Przegl\u0105d Sportowy Onet<\/li>\n<li><a href=\"https:\/\/news.google.com\/rss\/articles\/CBMiugFBVV95cUxPS3JKSjdQNXJKZlJtVXNsWS1pRlUxZGNjQUZFd1BCZTFtMmQtMjVvWFctaGlrSUVHUUlWZmdseEtJZmpYWVBNQ2Y1MUdwT185ZmR1endpQ080alhsUHNSTFJXRjdrNFFuanVDU1hqQU8waDZfbzZTczh6NjdtWmRoQzg5cTNGWFZnTV9xUzZpLVJsUWdhY1U3MF81azItdlRWVXdQMEJfVUJ6NmhDM3hqNTVnWDlFTWZNcVHSAb8BQVVfeXFMTzJnMEtkNW1LVFJrQm93RjVKZ1lvaC1UWURrUXlmbk1rdVhpVGYxbmpjNWppa1FjdFUwNmNDT3NVblNlT2p1NVJLRmpjdnNtZWhHeG84VllKX0tJd2NpeGdWTFZ1d3B3enUyemo4cWxtb1lNM3JIX3F3a0YwTWotVUFRQTVhUGwzQVJkS1pvN2xCMlVTRmxXdFVfY29SbjBzbnM3MmFCNlo1Y29NOWVqa3V5SnVMNkdpX0N3OE5jRjg?oc=5\" target=\"_blank\" rel=\"nofollow noopener\">P\u015a w Engelbergu: Ostatnie zawody przed \u015bwi\u0119tami! (listy startowe kwalifikacji)<\/a>&nbsp;&nbsp;Skijumping<\/li>\n<li><a href=\"https:\/\/news.google.com\/rss\/articles\/CBMingFBVV95cUxOT01oY0pOQzlTdVJfLWRzN1ZqeEFvbndnRG83UTUtMndZNTZnUmlMSDdhamlJY2FReTVlTkhoSjBOdElHUDAwVnNrd2FyeGF0YVE0c3BnWW44OGxZOHRWX2cwUlN2UUdLNlNEWWdTX0VNNkxMdUZqQy1oOTlRdElqMkpGUUFDSzhmOGpDQy1SQzJUcEplRUpTUXdUUnlBZw?oc=5\" target=\"_blank\" rel=\"nofollow noopener\">18-latek z Polski pokaza\u0142 klas\u0119. Spory awans<\/a>&nbsp;&nbsp;SportoweFakty<\/li>\n<li><a href=\"https:\/\/news.google.com\/rss\/articles\/CBMivgFBVV95cUxPVnVua2JTdHdLNFlFYXlBS3RQdGJ4OXhEbVlKMjFvN2RDMzB0UXZ3ZWtsZVhYUXo2ZzhaRXVlYm1ER2FWZFE3elk3WHlIejdEWGRHVS1pWUpnVWNseVR1OUNNOFNTcHFzOUF6dzlycS1VVE1YcVNpSFI4RjNmQ0l6SXAyeVJQbHFKLTF3WTdJUUZDTUVuWFZiTmNqa0VTZDVhLVRKTXRYM3lWc3NIaWg1cUgyOC1GU1hDaHdZV2RB?oc=5\" target=\"_blank\" rel=\"nofollow noopener\">Szalony konkurs w Engelbergu. Wielka pogo\u0144 Tomasiaka. Awans a\u017c o dziewi\u0119\u0107 pozycji<\/a>&nbsp;&nbsp;Sport w INTERIA.PL<\/li>\n<\/ol>\n","protected":false},"excerpt":{"rendered":"Skoki narciarskie Engelberg 2025 \u2013 terminarz zawod\u00f3w P\u015a (19-21 grudnia). O kt\u00f3rej konkursy i kwalifikacje?&nbsp;&nbsp;sport.tvp.pl Zapad\u0142 wyrok po&hellip;\n","protected":false},"author":2,"featured_media":162673,"comment_status":"","ping_status":"","sticky":false,"template":"","format":"standard","meta":{"footnotes":"","_share_on_mastodon":"0"},"categories":[5],"tags":[25769,32,33,25770,30697,36,37,27,6799,34,35,28,31,25,42,38,40,39,41,17495,3140,334,29,30,26],"class_list":["post-162672","post","type-post","status-publish","format-standard","has-post-thumbnail","category-naglowki","tag-anze-lanisek","tag-breaking-news","tag-breakingnews","tag-domen-prevc","tag-engelberg","tag-featured-news","tag-featurednews","tag-headlines","tag-kacper-tomasiak","tag-latest-news","tag-latestnews","tag-naglowki","tag-najwazniejsze-artykuly","tag-news","tag-pl","tag-poland","tag-polish","tag-polska","tag-polski","tag-puchar-swiata-w-skokach-narciarskich","tag-ryoyu-kobayashi","tag-sport-tvp-pl","tag-top-stories","tag-topstories","tag-wiadomosci"],"share_on_mastodon":{"url":"https:\/\/pubeurope.com\/@pl\/115756444339314632","error":""},"_links":{"self":[{"href":"https:\/\/www.europesays.com\/pl\/wp-json\/wp\/v2\/posts\/162672","targetHints":{"allow":["GET"]}}],"collection":[{"href":"https:\/\/www.europesays.com\/pl\/wp-json\/wp\/v2\/posts"}],"about":[{"href":"https:\/\/www.europesays.com\/pl\/wp-json\/wp\/v2\/types\/post"}],"author":[{"embeddable":true,"href":"https:\/\/www.europesays.com\/pl\/wp-json\/wp\/v2\/users\/2"}],"replies":[{"embeddable":true,"href":"https:\/\/www.europesays.com\/pl\/wp-json\/wp\/v2\/comments?post=162672"}],"version-history":[{"count":0,"href":"https:\/\/www.europesays.com\/pl\/wp-json\/wp\/v2\/posts\/162672\/revisions"}],"wp:featuredmedia":[{"embeddable":true,"href":"https:\/\/www.europesays.com\/pl\/wp-json\/wp\/v2\/media\/162673"}],"wp:attachment":[{"href":"https:\/\/www.europesays.com\/pl\/wp-json\/wp\/v2\/media?parent=162672"}],"wp:term":[{"taxonomy":"category","embeddable":true,"href":"https:\/\/www.europesays.com\/pl\/wp-json\/wp\/v2\/categories?post=162672"},{"taxonomy":"post_tag","embeddable":true,"href":"https:\/\/www.europesays.com\/pl\/wp-json\/wp\/v2\/tags?post=162672"}],"curies":[{"name":"wp","href":"https:\/\/api.w.org\/{rel}","templated":true}]}}