{"id":162683,"date":"2025-12-21T07:51:12","date_gmt":"2025-12-21T07:51:12","guid":{"rendered":"https:\/\/www.europesays.com\/pl\/162683\/"},"modified":"2025-12-21T07:51:12","modified_gmt":"2025-12-21T07:51:12","slug":"autostrada-w-kierunku-krakowa-zablokowana-smiertelny-wypadek-na-a4-onet","status":"publish","type":"post","link":"https:\/\/www.europesays.com\/pl\/162683\/","title":{"rendered":"Autostrada w kierunku Krakowa zablokowana. \u015amiertelny wypadek na A4 &#8211; Onet"},"content":{"rendered":"<ol>\n<li><a href=\"https:\/\/news.google.com\/rss\/articles\/CBMiwwFBVV95cUxQZTNxUk9MS2ZGakVSLUxDLUZud3k2eU1XSWREWGxtcnZvOHVfUE1IVHpLZndIaEw2UVdrRHkydldZZGtlbXZFSGFjTTAyd241LWNWUEhlcURYdjRKU2ItUW1LTGxOTzhUTW9SUUVYbFI4Z2ZydzNYY2tZQWxVOWNDZ3QzM2N3M2hTQ0JPMDY4RW9FQ0I3WndXQU1FUmhmWVppVDN5bmxudmNGUklvYmFROE9EajJzaVk3RWFiVmFSQWxXd2M?oc=5\" target=\"_blank\" rel=\"nofollow noopener\">Autostrada w kierunku Krakowa zablokowana. \u015amiertelny wypadek na A4<\/a>&nbsp;&nbsp;Onet<\/li>\n<li><a href=\"https:\/\/news.google.com\/rss\/articles\/CBMimAFBVV95cUxNTTV2VTVxNWdTMFhfQXlVcGxwaFJfQkxGeEo0QnhFMTlZZlo1NmhVcEJWanMtTXhwNllBdTFLVmNDc20tUXdraGRUWG5XTE4wcDZDMzRDVXg1dFd5VUFPdkRzb3FzbmVGT3A4ck1DSlV0S3A4dEtUWVRuRmtzcFdNemVZUzN3YjBCaUszVGMtTEFvdEFycEtRaA?oc=5\" target=\"_blank\" rel=\"nofollow noopener\">Uwaga kierowcy. Pot\u0119\u017cne utrudnienia na A4<\/a>&nbsp;&nbsp;RMF24<\/li>\n<li><a href=\"https:\/\/news.google.com\/rss\/articles\/CBMiqAFBVV95cUxQSzFWWXdjeGVtVGtNQnM4NW9JemM0T3Bqam1weE5iWEVZV25JT3Atc3QwcVJNeTAxNDM4ZG9FTzFtalZkZzlLaVlVYmhrZ0EwWUdaMlFxUk1zNWRucmJHS2l6NUxIa1gzZVFCY0VnTmQ1Sk54VnNxcEtzaXlzRDJnOHZwWVN5b1FjeGUtVmh5QVExUDFTVGViSDFRWEtSU2pMTFpQZ2s5aVY?oc=5\" target=\"_blank\" rel=\"nofollow noopener\">Karambol i \u015bmiertelna kolizja. Seria dramatycznych zdarze\u0144 na A4<\/a>&nbsp;&nbsp;Onet Wiadomo\u015bci<\/li>\n<li><a href=\"https:\/\/news.google.com\/rss\/articles\/CBMilAFBVV95cUxPUXd4cm9TVHJIV0I0N3NUWnYyMjkxNjk1SGcwZFZjTHdUcHlFQVAyZHdTMzhvTGRBOXAyUzllSGZPeUxCOVFCQnNxOE1Yb2pWa0VyUExNRnFhNlNBYzgzdmNpMk5DeE1UVmNiWVpVejlRSEhHOS1tVU9NelkweE82bVkyZWpHUFEweWFhZDJPdlZqdG1K?oc=5\" target=\"_blank\" rel=\"nofollow noopener\">\u015amiertelny wypadek na A4. Autostrada zablokowana<\/a>&nbsp;&nbsp;WP Wiadomo\u015bci<\/li>\n<li><a href=\"https:\/\/news.google.com\/rss\/articles\/CBMiygFBVV95cUxNWVUwNE5fUk95c0xSOTB4cHZld2lDWVFRZ0ZBM3gwRkVXLTZJaFBERHI1cDNlR0gzczFSaWs1a19BcG5HTGdCa1RaQnMzQXV0WGdzS0ZQZlpjLTVvNzNXRXVHS2tBbGtRMF9KZ3lxUWUxWUMxSXpKa3poSFMzSEY3VjJFZnFJdy1jdkhsZHY1TVduNnNFbDI4dzYxN19wcFFJTFhEekF2Mi1Bd0ZTVzVwNzAxRzJhSU9ocFE5WGplbHM3SHJjXzNLRnpR?oc=5\" target=\"_blank\" rel=\"nofollow noopener\">Autostrada A4 zamkni\u0119ta po \u015bmiertelnych wypadkach. &#8222;To nie by\u0142 spokojny poranek&#8221;<\/a>&nbsp;&nbsp;Fakt<\/li>\n<\/ol>\n","protected":false},"excerpt":{"rendered":"Autostrada w kierunku Krakowa zablokowana. \u015amiertelny wypadek na A4&nbsp;&nbsp;Onet Uwaga kierowcy. Pot\u0119\u017cne utrudnienia na A4&nbsp;&nbsp;RMF24 Karambol i \u015bmiertelna&hellip;\n","protected":false},"author":2,"featured_media":162684,"comment_status":"","ping_status":"","sticky":false,"template":"","format":"standard","meta":{"footnotes":""},"categories":[5],"tags":[32,33,36,37,5051,27,67,1267,34,35,28,31,53,25,52,68,51,55,42,38,40,39,41,5652,47,29,30,65,50,26,2588],"class_list":{"0":"post-162683","1":"post","2":"type-post","3":"status-publish","4":"format-standard","5":"has-post-thumbnail","7":"category-naglowki","8":"tag-breaking-news","9":"tag-breakingnews","10":"tag-featured-news","11":"tag-featurednews","12":"tag-generalna_dyrekcja_drog_krajowych_i_autostrad","13":"tag-headlines","14":"tag-intextvideo_splayer","15":"tag-krakow_miasto","16":"tag-latest-news","17":"tag-latestnews","18":"tag-naglowki","19":"tag-najwazniejsze-artykuly","20":"tag-new_header","21":"tag-news","22":"tag-onet3","23":"tag-onet3d","24":"tag-onet3d_2i","25":"tag-phx","26":"tag-pl","27":"tag-poland","28":"tag-polish","29":"tag-polska","30":"tag-polski","31":"tag-samochody_samochod_osobowy_ciezarowy_auto_auta_prawo_jazdy_kodeks_drogowy","32":"tag-screening_general","33":"tag-top-stories","34":"tag-topstories","35":"tag-update_me","36":"tag-v2021","37":"tag-wiadomosci","38":"tag-wypadek"},"share_on_mastodon":{"url":"","error":"Validation failed: Text character limit of 500 exceeded"},"_links":{"self":[{"href":"https:\/\/www.europesays.com\/pl\/wp-json\/wp\/v2\/posts\/162683","targetHints":{"allow":["GET"]}}],"collection":[{"href":"https:\/\/www.europesays.com\/pl\/wp-json\/wp\/v2\/posts"}],"about":[{"href":"https:\/\/www.europesays.com\/pl\/wp-json\/wp\/v2\/types\/post"}],"author":[{"embeddable":true,"href":"https:\/\/www.europesays.com\/pl\/wp-json\/wp\/v2\/users\/2"}],"replies":[{"embeddable":true,"href":"https:\/\/www.europesays.com\/pl\/wp-json\/wp\/v2\/comments?post=162683"}],"version-history":[{"count":0,"href":"https:\/\/www.europesays.com\/pl\/wp-json\/wp\/v2\/posts\/162683\/revisions"}],"wp:featuredmedia":[{"embeddable":true,"href":"https:\/\/www.europesays.com\/pl\/wp-json\/wp\/v2\/media\/162684"}],"wp:attachment":[{"href":"https:\/\/www.europesays.com\/pl\/wp-json\/wp\/v2\/media?parent=162683"}],"wp:term":[{"taxonomy":"category","embeddable":true,"href":"https:\/\/www.europesays.com\/pl\/wp-json\/wp\/v2\/categories?post=162683"},{"taxonomy":"post_tag","embeddable":true,"href":"https:\/\/www.europesays.com\/pl\/wp-json\/wp\/v2\/tags?post=162683"}],"curies":[{"name":"wp","href":"https:\/\/api.w.org\/{rel}","templated":true}]}}