{"id":162721,"date":"2025-12-21T08:17:07","date_gmt":"2025-12-21T08:17:07","guid":{"rendered":"https:\/\/www.europesays.com\/pl\/162721\/"},"modified":"2025-12-21T08:17:07","modified_gmt":"2025-12-21T08:17:07","slug":"wladimir-putin-wyrazil-gotowosc-do-rozmow-z-emmanuelem-macronem","status":"publish","type":"post","link":"https:\/\/www.europesays.com\/pl\/162721\/","title":{"rendered":"W\u0142adimir Putin wyrazi\u0142 gotowo\u015b\u0107 do rozm\u00f3w z Emmanuelem Macronem"},"content":{"rendered":"<p class=\"ods-c-paragraph \">&#8211; Je\u017celi jest wzajemna wola polityczna to mo\u017cna j\u0105 oceni\u0107 tylko pozytywnie \u2014 powiedzia\u0142 Pieskow cytowany przez RIA Nowosti.<\/p>\n<p> Jak\u0105 gotowo\u015b\u0107 wyrazi\u0142 W\u0142adimir Putin? <\/p>\n<p> Co powiedzia\u0142 rzecznik Kremla na temat rozm\u00f3w? <\/p>\n<p> Jakie by\u0142y wcze\u015bniejsze wypowiedzi Macrona na temat rozm\u00f3w z Putinem? <\/p>\n<p> Co powiedzia\u0142 prezydent Ukrainy Wo\u0142odymyr Ze\u0142enski? <\/p>\n<p class=\"ods-c-paragraph \">Pieskow mia\u0142 przypomnie\u0107, \u017ce Macron wyra\u017ca\u0142 wcze\u015bniej gotowo\u015b\u0107 do rozm\u00f3w z Putinem. &#8211; Wa\u017cne jest chyba, aby przypomnie\u0107, co powiedzia\u0142 prezydent (Putin)<a href=\"https:\/\/wiadomosci.onet.pl\/swiat\/doroczna-konferencja-wladimira-putina-dominuje-wojna-w-ukrainie\/kpgff98\" id=\"42fdd4e5-e5db-41d2-985f-0a1a72639105\" rel=\"nofollow noopener\" target=\"_blank\"> podczas Linii Bezpo\u015bredniej (dorocznej konferencji prasowej<\/a>\u2014 PAP). R\u00f3wnie\u017c wyrazi\u0142 gotowo\u015b\u0107 rozpocz\u0119cia dialogu z Macronem \u2014 powiedzia\u0142 Pieskow.<\/p>\n<p class=\"ods-c-paragraph \">Wed\u0142ug AFP rzecznik Kremla nawi\u0105za\u0142 do wypowiedzi Macrona w pi\u0105tek rano w Brukseli po szczycie UE, na kt\u00f3rym osi\u0105gni\u0119to <a href=\"https:\/\/wiadomosci.onet.pl\/swiat\/ukraina-otrzyma-miliardy-euro-w-trybie-pilnym-udzielimy-pozyczki\/tqdjmwx\" id=\"92192f48-3c8a-4d6e-b6b9-7562eff14433\" rel=\"nofollow noopener\" target=\"_blank\">porozumienie w sprawie udzielenia Ukrainie po\u017cyczki w wysoko\u015bci 90 mld euro.<\/a><\/p>\n<p class=\"ods-c-paragraph \">&#8211; Uwa\u017cam, \u017ce by\u0142oby po\u017cyteczne wznowi\u0107 rozmowy z W\u0142adimirem Putinem \u2014 powiedzia\u0142 w\u00f3wczas francuski prezydent na konferencji prasowej. Przypomnia\u0142, \u017ce &#8222;s\u0105 osoby, kt\u00f3re rozmawiaj\u0105 z Putinem&#8221;. Zdaniem AFP by\u0142a to aluzja do prezydenta USA Donalda Trumpa, kt\u00f3ry wznowi\u0142 dialog ze swym rosyjskim odpowiednikiem.<\/p>\n<p class=\"ods-c-paragraph \">&#8211; My \u2014 Europejczycy i Ukrai\u0144cy \u2014 mamy interes w tym, aby znale\u017a\u0107 spos\u00f3b, aby znowu wej\u015b\u0107 do tej dyskusji (z Putinem \u2014 PAP) we w\u0142a\u015bciwy spos\u00f3b. Inaczej rozmawiamy mi\u0119dzy sob\u0105, a negocjatorzy sami rozmawiaj\u0105 z Rosjanami \u2014 powiedzia\u0142 Macron, zwracaj\u0105c uwag\u0119, \u017ce kuluarowe rozmowy nie powinny odbywa\u0107 si\u0119 bez udzia\u0142u kraj\u00f3w europejskich.<\/p>\n<p class=\"ods-c-paragraph \">Wys\u0142annicy Trumpa Steve Witkoff i Jared Kushner przeprowadzili ju\u017c seri\u0119 oddzielnych rozm\u00f3w z Rosjanami oraz z Ukrai\u0144cami i reprezentantami Europy. Obecnie<a href=\"https:\/\/wiadomosci.onet.pl\/swiat\/wladimir-putin-wyslal-swojego-czlowieka-do-usa-na-negocjacje-ten-zabral-glos\/5xkwgpc\" id=\"c5261914-f6e1-4b2f-97be-e2ac041f5c2b\" rel=\"nofollow noopener\" target=\"_blank\"> trwaj\u0105 rozmowy w Miami na Florydzie,<\/a> w kt\u00f3rych bior\u0105 udzia\u0142 wys\u0142annicy USA, Europy, Ukrainy i Rosji.<\/p>\n<p class=\"ods-c-paragraph \">Prezydent Ukrainy Wo\u0142odymyr Ze\u0142enski zaapelowa\u0142 w sobot\u0119 do sojusznik\u00f3w o wsparcie rozm\u00f3w w Miami, apeluj\u0105c r\u00f3wnocze\u015bnie do Waszyngtonu, aby nasili\u0142 presj\u0119 na Moskw\u0119 w celu zako\u0144czenia trwaj\u0105cej od lutego 2022 r. wojny. <\/p>\n","protected":false},"excerpt":{"rendered":"&#8211; Je\u017celi jest wzajemna wola polityczna to mo\u017cna j\u0105 oceni\u0107 tylko pozytywnie \u2014 powiedzia\u0142 Pieskow cytowany przez RIA&hellip;\n","protected":false},"author":2,"featured_media":162722,"comment_status":"","ping_status":"","sticky":false,"template":"","format":"standard","meta":{"footnotes":""},"categories":[14],"tags":[32,33,445,44,340,189,27,76,34,35,11372,28,31,48,25,46,40,41,87,47,80,29,30,415,26,408,82,83,84],"class_list":{"0":"post-162721","1":"post","2":"type-post","3":"status-publish","4":"format-standard","5":"has-post-thumbnail","7":"category-swiat","8":"tag-breaking-news","9":"tag-breakingnews","10":"tag-dmitrij_pieskow","11":"tag-donald_trump","12":"tag-emmanuel_macron","13":"tag-europa","14":"tag-headlines","15":"tag-inwazja_rosji_na_ukraine","16":"tag-latest-news","17":"tag-latestnews","18":"tag-miami","19":"tag-naglowki","20":"tag-najwazniejsze-artykuly","21":"tag-nat_styl","22":"tag-news","23":"tag-omp","24":"tag-polish","25":"tag-polski","26":"tag-rosja","27":"tag-screening_general","28":"tag-swiat","29":"tag-top-stories","30":"tag-topstories","31":"tag-ukraina","32":"tag-wiadomosci","33":"tag-wladimir_putin","34":"tag-world","35":"tag-world-news","36":"tag-worldnews"},"share_on_mastodon":{"url":"https:\/\/pubeurope.com\/@pl\/115756573875417343","error":""},"_links":{"self":[{"href":"https:\/\/www.europesays.com\/pl\/wp-json\/wp\/v2\/posts\/162721","targetHints":{"allow":["GET"]}}],"collection":[{"href":"https:\/\/www.europesays.com\/pl\/wp-json\/wp\/v2\/posts"}],"about":[{"href":"https:\/\/www.europesays.com\/pl\/wp-json\/wp\/v2\/types\/post"}],"author":[{"embeddable":true,"href":"https:\/\/www.europesays.com\/pl\/wp-json\/wp\/v2\/users\/2"}],"replies":[{"embeddable":true,"href":"https:\/\/www.europesays.com\/pl\/wp-json\/wp\/v2\/comments?post=162721"}],"version-history":[{"count":0,"href":"https:\/\/www.europesays.com\/pl\/wp-json\/wp\/v2\/posts\/162721\/revisions"}],"wp:featuredmedia":[{"embeddable":true,"href":"https:\/\/www.europesays.com\/pl\/wp-json\/wp\/v2\/media\/162722"}],"wp:attachment":[{"href":"https:\/\/www.europesays.com\/pl\/wp-json\/wp\/v2\/media?parent=162721"}],"wp:term":[{"taxonomy":"category","embeddable":true,"href":"https:\/\/www.europesays.com\/pl\/wp-json\/wp\/v2\/categories?post=162721"},{"taxonomy":"post_tag","embeddable":true,"href":"https:\/\/www.europesays.com\/pl\/wp-json\/wp\/v2\/tags?post=162721"}],"curies":[{"name":"wp","href":"https:\/\/api.w.org\/{rel}","templated":true}]}}