{"id":162738,"date":"2025-12-21T08:33:25","date_gmt":"2025-12-21T08:33:25","guid":{"rendered":"https:\/\/www.europesays.com\/pl\/162738\/"},"modified":"2025-12-21T08:33:25","modified_gmt":"2025-12-21T08:33:25","slug":"aleksander-wolszczan-uhonorowany-planetoida-rmf-24","status":"publish","type":"post","link":"https:\/\/www.europesays.com\/pl\/162738\/","title":{"rendered":"Aleksander Wolszczan uhonorowany planetoid\u0105 &#8211; RMF 24"},"content":{"rendered":"<p>Do listy &#8222;polskich&#8221; obiekt\u00f3w w Kosmosie do\u0142\u0105czy\u0142a kolejna planetoida. Nazwano j\u0105 Wolszczan na cze\u015b\u0107 polskiego astronoma Aleksandra Wolszczana, odkrywcy pierwszych planet pozas\u0142onecznych. W gronie odkrywc\u00f3w planetoidy jest polska uczennica Maria Wicher, kt\u00f3ra planetoid\u0119 wypatrzy\u0142a w wakacje 2024 roku.<\/p>\n<p>                         &#13;<br \/>\n        &#13;<\/p>\n<p>                                        &#13;<br \/>\n                        &#13;<br \/>\n                            <img decoding=\"async\" src=\"https:\/\/www.europesays.com\/pl\/wp-content\/uploads\/2025\/12\/000M3US49WSA0865-C123-F4.jpg\" title=\"\u200bWcze\u015bniej by\u0142a znana jako 2016 LL10. Teraz ma polskie nazwisko\" alt=\"Odkrywca pierwszych planet pozas\u0142onecznych, astronom i astrofizyk, prof. dr hab. Aleksander Wolszczan. \/Tytys \u017bmijewski \/PAP\" class=\"img-responsive\"\/>&#13;<\/p>\n<p>                            &#13;<\/p>\n<p>      &#13;<br \/>\n                            Odkrywca pierwszych planet pozas\u0142onecznych, astronom i astrofizyk, prof. dr hab. Aleksander Wolszczan.&#13;<br \/>\n                                    \/Tytys \u017bmijewski \/PAP  &#13;\n                                    <\/p>\n<p>&#13;<\/p>\n<p>Planetoida (805997) Wolszczan, wcze\u015bniej znana jako 2016 LL106 (jak r\u00f3wnie\u017c 2012 XP157), zosta\u0142a odkryta na zdj\u0119ciu wykonanym 12 czerwca 2016 roku, przy pomocy japo\u0144skiego Teleskopu Subaru, pracuj\u0105cego na Hawajach. Informacj\u0119 o nadaniu oficjalnej nazwy opublikowano w biuletynie WGSBN nr 28 z 15.12.2025 r., wydawanym przez Mi\u0119dzynarodow\u0105 Uni\u0119 Astronomiczn\u0105 (IAU).<\/p>\n<p>  Odkrywcami planetoidy s\u0105 cztery osoby &#8211; z Chin, Japonii, Stan\u00f3w Zjednoczonych oraz Polski. Jest w\u015br\u00f3d nich polska uczennica Maria Wicher, kt\u00f3ra planetoid\u0119 wypatrzy\u0142a w wakacje 2024 roku. Jest uczennic\u0105 Liceum Og\u00f3lnokszta\u0142c\u0105cego &#8222;Liceum w Chmurze&#8221; w Katowicach. Maria Wicher jest te\u017c inicjatork\u0105 nadania planetoidzie nazwy Wolszczan.<\/p>\n<p>Planetoida zosta\u0142a odkryta w ramach projektu Come On! Impacting Asteroids (COIAS). Jest to aplikacja online pozwalaj\u0105ca ka\u017cdemu na poszukiwania ma\u0142ych cia\u0142 Uk\u0142adu S\u0142onecznego na zdj\u0119ciach z 8-metrowego Teleskopu Subaru.<\/p>\n<p>Szacuje si\u0119, \u017ce rozmiar planetoidy to 1,2 km. Obiega S\u0142o\u0144ce w g\u0142\u00f3wnym pasie planetoid, z okresem 4,88 roku, w \u015bredniej odleg\u0142o\u015bci 2,88 jednostki astronomicznej, czyli oko\u0142o 430 milion\u00f3w kilometr\u00f3w.<\/p>\n<p>Prawo nadawania nazw planetoidom maj\u0105 ich odkrywcy. Pocz\u0105tkowo planetoida (asteroida) uzyskuje tymczasowe oznaczenie, wskazuj\u0105ce na rok odkrycia i kolejny numer w roku w oznaczeniu literowo-cyfrowym. Gdy obiekt b\u0119dzie mia\u0142 ju\u017c odpowiednio dobrze poznan\u0105 orbit\u0119, otrzymuje sta\u0142y numer w katalogu planetoid i wtedy mo\u017cna nada\u0107 mu nazw\u0119.\u00a0<\/p>\n<p>Proponowane nazwy musz\u0105 spe\u0142nia\u0107 kryteria ustalone przed Mi\u0119dzynarodow\u0105 Uni\u0119 Astronomiczn\u0105 (IAU), kt\u00f3ra jako jedyna na \u015bwiecie ma prawo nadawa\u0107 obiektom astronomicznym nazwy uznawane powszechnie za oficjalne. IAU organizuje te\u017c co jaki\u015b czas globalne konkursy na nadawanie nazw obiektom astronomicznym.<\/p>\n<p>    &#13;<br \/>\n        &#13;<\/p>\n<p>                                        &#13;<br \/>\n                        &#13;<br \/>\n                            <img decoding=\"async\" src=\"https:\/\/www.europesays.com\/pl\/wp-content\/uploads\/2025\/12\/000M3US2AQU0JPWI-C123-F4.jpg\" title=\"\u200bWcze\u015bniej by\u0142a znana jako 2016 LL10. Teraz ma polskie nazwisko\" alt=\"\u200bWcze\u015bniej by\u0142a znana jako 2016 LL10. Teraz ma polskie nazwisko\" class=\"img-responsive\"\/>&#13;<\/p>\n<p>                            &#13;<\/p>\n<p>      &#13;<br \/>\n                            Planetoida &#8211; zdj\u0119cie ilustracyjne&#13;<br \/>\n                                    \/Shutterstock  &#13;\n                                    <\/p>\n<p>&#13;<\/p>\n<p>  Aleksander Wolszczan (ur. 1946 w Szczecinku) to polski astronom, odkrywca pierwszych planet pozas\u0142onecznych w 1992 roku (wsp\u00f3lnie z Dalem Frailem), okr\u0105\u017caj\u0105cych pulsara PSR B1257+12. Dokona\u0142 tego przy pomocy radioteleskopu w Obserwatorium Arecibo. W pracy naukowej zajmuje si\u0119 radioastronomi\u0105, badaniami pulsar\u00f3w oraz planet pozas\u0142onecznych.<\/p>\n<p>Magisterium i doktorat uzyska\u0142 na Uniwersytecie Miko\u0142aja Kopernika w Toruniu w latach 1969 i 1975, tytu\u0142 profesora &#8211; w 1998 roku. Od 1992 roku pracowa\u0142 na Uniwersytecie Stanowym Pensylwanii (USA), a\u017c do przej\u015bcia na emerytur\u0119 w 2024 roku. W r\u00f3\u017cnych latach pracowa\u0142 tak\u017ce na Uniwersytecie Miko\u0142aja Kopernika w Toruniu, w Instytucie Maxa Plancka ds. Radioastronomii w Bonn (Niemcy), Centrum Astronomicznym im. Miko\u0142aja Kopernika PAN (w plac\u00f3wce w Toruniu) oraz ameryka\u0144skich uniwersytetach Cornell i Princeton.<\/p>\n<p>Profesor Wolszczan zosta\u0142 uhonorowany m.in. w 1995 roku Krzy\u017cem Oficerskim Orderu Zas\u0142ugi Rzeczypospolitej Polskiej, w 1997 roku Krzy\u017cem Komandorskim Orderu Odrodzenia Polski, od 2006 roku jest Honorowym Obywatelem Miasta Szczecina, ma te\u017c swoj\u0105 &#8222;katarzynk\u0119&#8221; (toru\u0144ski piernik) w Piernikowej Alei Gwiazd w Toruniu (by\u0142a to katarzynka otwieraj\u0105ca ten projekt w 2003 roku).<\/p>\n<p>Na polu naukowym w 1977 roku otrzyma\u0142 Nagrod\u0119 M\u0142odych Polskiego Towarzystwa Astronomicznego, w 1992 roku Nagrod\u0119 Fundacji na rzecz Nauki Polskiej, w 1996 roku nagrod\u0119 Beatrice M. Tinsley od Ameryka\u0144skiego Towarzystwa Astronomicznego, w 2001 roku Medal Mariana Smochulowskiego od Polskiego Towarzystwa Fizycznego, a w 2017 roku Medal Bohdana Paczy\u0144skiego od Polskiego Towarzystwa Astronomicznego.<\/p>\n","protected":false},"excerpt":{"rendered":"Do listy &#8222;polskich&#8221; obiekt\u00f3w w Kosmosie do\u0142\u0105czy\u0142a kolejna planetoida. Nazwano j\u0105 Wolszczan na cze\u015b\u0107 polskiego astronoma Aleksandra Wolszczana,&hellip;\n","protected":false},"author":2,"featured_media":162739,"comment_status":"","ping_status":"","sticky":false,"template":"","format":"standard","meta":{"footnotes":""},"categories":[5],"tags":[32,33,36,37,27,34,35,28,31,25,42,38,40,39,41,29,30,26],"class_list":{"0":"post-162738","1":"post","2":"type-post","3":"status-publish","4":"format-standard","5":"has-post-thumbnail","7":"category-naglowki","8":"tag-breaking-news","9":"tag-breakingnews","10":"tag-featured-news","11":"tag-featurednews","12":"tag-headlines","13":"tag-latest-news","14":"tag-latestnews","15":"tag-naglowki","16":"tag-najwazniejsze-artykuly","17":"tag-news","18":"tag-pl","19":"tag-poland","20":"tag-polish","21":"tag-polska","22":"tag-polski","23":"tag-top-stories","24":"tag-topstories","25":"tag-wiadomosci"},"share_on_mastodon":{"url":"https:\/\/pubeurope.com\/@pl\/115756637295314167","error":""},"_links":{"self":[{"href":"https:\/\/www.europesays.com\/pl\/wp-json\/wp\/v2\/posts\/162738","targetHints":{"allow":["GET"]}}],"collection":[{"href":"https:\/\/www.europesays.com\/pl\/wp-json\/wp\/v2\/posts"}],"about":[{"href":"https:\/\/www.europesays.com\/pl\/wp-json\/wp\/v2\/types\/post"}],"author":[{"embeddable":true,"href":"https:\/\/www.europesays.com\/pl\/wp-json\/wp\/v2\/users\/2"}],"replies":[{"embeddable":true,"href":"https:\/\/www.europesays.com\/pl\/wp-json\/wp\/v2\/comments?post=162738"}],"version-history":[{"count":0,"href":"https:\/\/www.europesays.com\/pl\/wp-json\/wp\/v2\/posts\/162738\/revisions"}],"wp:featuredmedia":[{"embeddable":true,"href":"https:\/\/www.europesays.com\/pl\/wp-json\/wp\/v2\/media\/162739"}],"wp:attachment":[{"href":"https:\/\/www.europesays.com\/pl\/wp-json\/wp\/v2\/media?parent=162738"}],"wp:term":[{"taxonomy":"category","embeddable":true,"href":"https:\/\/www.europesays.com\/pl\/wp-json\/wp\/v2\/categories?post=162738"},{"taxonomy":"post_tag","embeddable":true,"href":"https:\/\/www.europesays.com\/pl\/wp-json\/wp\/v2\/tags?post=162738"}],"curies":[{"name":"wp","href":"https:\/\/api.w.org\/{rel}","templated":true}]}}