{"id":162753,"date":"2025-12-21T08:46:15","date_gmt":"2025-12-21T08:46:15","guid":{"rendered":"https:\/\/www.europesays.com\/pl\/162753\/"},"modified":"2025-12-21T08:46:15","modified_gmt":"2025-12-21T08:46:15","slug":"wola-swieta-z-psem-niz-z-rodzina-ich-postawa-budzi-wiele-emocji","status":"publish","type":"post","link":"https:\/\/www.europesays.com\/pl\/162753\/","title":{"rendered":"Wol\u0105 \u015bwi\u0119ta z psem, ni\u017c z rodzin\u0105? Ich postawa budzi wiele emocji"},"content":{"rendered":"<p>\u015awi\u0119ta bez ukochanego psa? Wykluczone<\/p>\n<p class=\"typography ids-typeset-body ids-typeset-body--preset-large link paragraph ids-paragraph ids-paragraph--default\">&#8211; Maks \u017cyje ze mn\u0105 od szczeniaka, od 7 lat. Nie wyobra\u017cam sobie bez niego sp\u0119dzi\u0107 \u015bwi\u0105t &#8211; deklaruje Marta, kt\u00f3ra jest zaanga\u017cowan\u0105 opiekunk\u0105 psa rasy Cocker Spaniel.<\/p>\n<p class=\"typography ids-typeset-body ids-typeset-body--preset-large link paragraph ids-paragraph ids-paragraph--default\">W tym roku Marta dosta\u0142a zaproszenie na \u015bwi\u0119ta do swojej siostry, jak co roku, lecz wyj\u0105tkowo kobieta postanowi\u0142a odm\u00f3wi\u0107 udzia\u0142u w tym wydarzeniu.<\/p>\n<p class=\"typography ids-typeset-body ids-typeset-body--preset-large link paragraph ids-paragraph ids-paragraph--default\">&#8211; Okaza\u0142o si\u0119, \u017ce na tegoroczne \u015bwi\u0119ta zosta\u0142a tak\u017ce zaproszona nasza kuzynka, kt\u00f3ra nie przepada za psami. Zaznacz\u0119, \u017ce to nie kwestia alergii, czy traumy po pogryzieniu. Ona ich po prostu nie lubi. Siostra poprosi\u0142a mnie, \u017cebym z tego powodu zostawi\u0142a Maksa samego w domu i przysz\u0142a z m\u0119\u017cem na kolacj\u0119 wigilijn\u0105 &#8211; t\u0142umaczy w rozmowie z Interi\u0105 Marta.<\/p>\n<p class=\"typography ids-typeset-body ids-typeset-body--preset-large link paragraph ids-paragraph ids-paragraph--default\">To by\u0142 pow\u00f3d odrzucenia zaproszenia, a rozmowa z siostr\u0105 sko\u0144czy\u0142a si\u0119 sprzeczk\u0105 i brakiem zrozumienia.<\/p>\n<p class=\"typography ids-typeset-body ids-typeset-body--preset-large link paragraph ids-paragraph ids-paragraph--default\">&#8211; Siostra oburzy\u0142a si\u0119, bo nie rozumie, jak pies mo\u017ce by\u0107 wa\u017cniejszy, ni\u017c rodzina. Ja z kolei nie rozumiem, dlaczego mam dostosowywa\u0107 si\u0119 do kuzynki, kt\u00f3ra nawet nie sk\u0142ada mi \u017cycze\u0144 urodzinowych, bo o nich zapomina i zostawia\u0107 w domu istot\u0119, kt\u00f3ra wspiera\u0142a mnie w najtrudniejszych momentach mojego \u017cycia &#8211; t\u0142umaczy swoj\u0105 decyzj\u0119 Marta i podkre\u015bla, \u017ce na \u015bwi\u0119ta wybiera si\u0119 do te\u015bci\u00f3w, gdzie Maks jest mile widziany.<\/p>\n<p class=\"typography ids-typeset-body ids-typeset-body--preset-large link paragraph ids-paragraph ids-paragraph--default\">Marta nale\u017cy do grupy opiekun\u00f3w ps\u00f3w, czy kot\u00f3w, kt\u00f3rzy rezygnuj\u0105 z r\u00f3\u017cnych powod\u00f3w ze \u015bwi\u0105t z rodzin\u0105. Niekt\u00f3rzy rezygnuj\u0105 dla swoich zwierz\u0105t z d\u0142ugiej podr\u00f3\u017cy poci\u0105giem, czy nawet autem. Rezygnacja ze wsp\u00f3lnych \u015bwi\u0105t z rodzin\u0105 pojawia si\u0119, gdy kto\u015b z rodziny ma alergi\u0119 na zwierz\u0119, a opiekun nie ma z kim lub po prostu nie chce zostawia\u0107 psa czy kota w okresie \u015bwi\u0105t.<\/p>\n<p class=\"typography ids-typeset-body ids-typeset-body--preset-large link paragraph ids-paragraph ids-paragraph--default\">-Trzy lata temu nie polecia\u0142am do mojej mamy do Wielkiej Brytanii na \u015bwi\u0119ta, bo absolutnie nie bra\u0142am pod uwag\u0119 transportu psa samolotem, a nie mia\u0142am go z kim zostawi\u0107 w Polsce. Na szcz\u0119\u015bcie mama kocha mojego psa tak samo jak ja go kocham i zrozumia\u0142a sytuacj\u0119. Wigili\u0119 sp\u0119dzili\u015bmy przy oddzielnych sto\u0142ach na kamerce wideo &#8211; m\u00f3wi w rozmowie z Interi\u0105 Luiza.<\/p>\n<p class=\"typography ids-typeset-body ids-typeset-body--preset-large link paragraph ids-paragraph ids-paragraph--default\">Powody mog\u0105 by\u0107 tak\u017ce bardziej osobiste, niekiedy zwi\u0105zane z trudnymi relacjami rodzinnymi. Ludzie wybieraj\u0105 sp\u0119dzenie \u015bwi\u0105tecznego czasu ze swoim pupilem, z kt\u00f3rym przez lata nawi\u0105zywali poprawne, ciep\u0142e, pe\u0142ne mi\u0142o\u015bci i zaufania relacje w momencie, gdy z cz\u0142onkami rodziny \u0142\u0105cz\u0105 ich trudne sytuacje i nieporozumienia.<\/p>\n<blockquote role=\"blockquote\" class=\"quote ids-quote ids-quote--nosurface--short--medium\"><p>\u015awi\u0119ta w naszej kulturze s\u0105 silnie kojarzone z rodzin\u0105. Gdy kto\u015b sp\u0119dza je inaczej, niezale\u017cnie od powodu tej decyzji, \u0142amie spo\u0142eczn\u0105 norm\u0119 lub tradycj\u0119, co mo\u017ce wywo\u0142ywa\u0107 r\u00f3\u017cne reakcje. Na przyk\u0142ad osoby, kt\u00f3re sp\u0119dzaj\u0105 \u015bwi\u0119ta z rodzin\u0105 nie z wyboru, lecz z poczucia obowi\u0105zku, mog\u0105 odczuwa\u0107 dyskomfort lub napi\u0119cie emocjonalne. Aby nie mierzy\u0107 si\u0119 z tymi uczuciami, psychika mo\u017ce uruchamia\u0107 mechanizmy obronne.<\/p><\/blockquote>\n<p class=\"typography ids-typeset-body ids-typeset-body--preset-large link paragraph ids-paragraph ids-paragraph--default\">Dla wielu os\u00f3b s\u0105 to wybory niezrozumia\u0142e, zw\u0142aszcza dla takich, kt\u00f3re nigdy nie posiada\u0142y zwierz\u0119cia lub nie stworzy\u0142y nigdy ze zwierz\u0119ciem g\u0142\u0119bokiej wi\u0119zi. Tu tak\u017ce ma znaczenie postrzeganie zwierz\u0105t w spo\u0142ecze\u0144stwie danego kraju. Je\u017celi przez lata pies, czy kot by\u0142 jedynie &#8222;dodatkiem&#8221; do \u017cycia, albo zwierz\u0119ta by\u0142y og\u00f3lnie postrzegane jako rzeczy i elementy wiejskiego podw\u00f3rka, a nie \u017cywe, czuj\u0105ce istoty, to faktycznie osoby funkcjonuj\u0105ce z takim postrzeganiem rzeczywisto\u015bci, mog\u0105 wyrazi\u0107 swoje zdumienie, a nawet wr\u0119cz z\u0142o\u015b\u0107.<\/p>\n<p class=\"typography ids-typeset-body ids-typeset-body--preset-large link paragraph ids-paragraph ids-paragraph--default\">Mo\u017ce to tak\u017ce by\u0107 odbierane jako stawianie zwierz\u0119cia ponad cz\u0142owieka w wielu wymiarach, tak\u017ce tym filozoficznym. W\u00f3wczas mo\u017ce pojawi\u0107 si\u0119 takie zjawisko psychologiczne, jak dysonans poznawczy. Ten mechanizm pojawia si\u0119 wtedy, gdy czyje\u015b zachowanie lub przekonania zostaj\u0105 skonfrontowane z innym modelem, kt\u00f3ry podwa\u017ca ich w\u0142asne wybory. Osoba, kt\u00f3ra nie dba o zwierz\u0119 lub traktuje je instrumentalnie, widz\u0105c opiekuna zapewniaj\u0105cego psu wysoki standard \u017cycia, mo\u017ce do\u015bwiadcza\u0107 wewn\u0119trznego napi\u0119cia. Zamiast zmieni\u0107 w\u0142asne postawy, \u0142atwiej jest zdeprecjonowa\u0107 drug\u0105 stron\u0119. Agresja s\u0142owna dzia\u0142a tu jako mechanizm redukcji dysonansu, a nie racjonalna krytyka.<\/p>\n<p class=\"typography ids-typeset-body ids-typeset-body--preset-large link paragraph ids-paragraph ids-paragraph--default\">&#8211; Wy\u015bmianie lub krytykowanie kogo\u015b, kto wybiera inaczej, pomaga chwilowo odsun\u0105\u0107 w\u0142asny dyskomfort. Cz\u0119sto dzia\u0142a tu tak\u017ce projekcja &#8211; w\u0142asne trudne emocje s\u0105 przypisywane drugiej osobie. W takich sytuacjach nie mamy do czynienia z obiektywn\u0105 ocen\u0105 czyjej\u015b decyzji, lecz z reakcj\u0105 obronn\u0105. G\u0142\u0119biej mo\u017ce kry\u0107 si\u0119 l\u0119k przed podwa\u017ceniem tradycji lub przekonanie, \u017ce istnieje tylko jedna 'w\u0142a\u015bciwa&#8217; forma sp\u0119dzania \u015bwi\u0105t &#8211; wyja\u015bnia Katarzyna \u0141opian.<\/p>\n<p class=\"typography ids-typeset-body ids-typeset-body--preset-large link paragraph ids-paragraph ids-paragraph--default\">Widok psa traktowanego z czu\u0142o\u015bci\u0105 mo\u017ce uruchamia\u0107 w\u0142asne deficyty emocjonalne: brak blisko\u015bci, zaniedbanie, samotno\u015b\u0107. Zamiast zmierzy\u0107 si\u0119 z tym uczuciem, osoba projektuje je na w\u0142a\u015bciciela psa czy kota. W rzeczywisto\u015bci to obserwator do\u015bwiadcza dyskomfortu, ale przenosi go na zewn\u0105trz.<\/p>\n<p>Prezenty pod choink\u0105, \u015bwi\u0105teczne ubranka i specjalne \u015bwi\u0105teczne menu<\/p>\n<p><img decoding=\"async\" class=\"ids-image-holder__img\" loading=\"lazy\" alt=\"Pies jest \u017cyw\u0105, czuj\u0105c\u0105 oraz my\u015bl\u0105c\u0105 istota. Wk\u0142adanie go do prezentowego pud\u0142a i ofiarowywanie drugiej osobie jest skrajn\u0105 nieodpowiedzialno\u015bci\u0105 za los tego zwierz\u0119cia\" title=\"Coraz wi\u0119cej ps\u00f3w i kot\u00f3w dostaje prezenty na \u015bwi\u0119ta\" width=\"4000\" height=\"2667\" src=\"https:\/\/www.europesays.com\/pl\/wp-content\/uploads\/2025\/12\/000DYXHHTP5KFEST-C323-F4.webp.webp\"\/><\/p>\n<p>Coraz wi\u0119cej ps\u00f3w i kot\u00f3w dostaje prezenty na \u015bwi\u0119ta\/123rf.com123RF\/PICSEL<\/p>\n<p class=\"typography ids-typeset-body ids-typeset-body--preset-large link paragraph ids-paragraph ids-paragraph--default\">Nowe badanie potwierdza, \u017ce Brytyjczycy traktuj\u0105 swoje zwierz\u0119ta domowe nie tylko jako cz\u0142onk\u00f3w rodziny w czasie \u015bwi\u0105t Bo\u017cego Narodzenia, ale jako co\u015b znacznie wi\u0119cej.<\/p>\n<p class=\"typography ids-typeset-body ids-typeset-body--preset-large link paragraph ids-paragraph ids-paragraph--default\">Badanie Co-op Insurance\u00b9 z 2025 roku ujawnia, \u017ce brytyjscy w\u0142a\u015bciciele zwierz\u0105t domowych w okresie Bo\u017cego Narodzenia rozpieszczaj\u0105 swoje psy i koty. Brytyjczycy tak bardzo kochaj\u0105 swoich pupili, \u017ce ponad jedna trzecia brytyjskich w\u0142a\u015bcicieli zwierz\u0105t domowych (34 proc.) wydaje na nie w te \u015bwi\u0119ta Bo\u017cego Narodzenia wi\u0119cej ni\u017c na swoje dzieci. 32 proc. z nich przyzna\u0142o, \u017ce ich futrzani towarzysze dostan\u0105 pod choink\u0119 dro\u017cszy prezent ni\u017c ich partnerzy.<\/p>\n<p class=\"typography ids-typeset-body ids-typeset-body--preset-large link paragraph ids-paragraph ids-paragraph--default\">Z kolei 33 proc. spo\u015br\u00f3d opiekun\u00f3w zamierza wyda\u0107 w tym roku na swoich pupili wi\u0119cej ni\u017c podczas Bo\u017cego Narodzenia w 2024 roku. Jednak \u015bwi\u0105teczna gor\u0105czka na tym si\u0119 nie ko\u0144czy &#8211; 36 proc. ankietowanych twierdzi, \u017ce \u015bwi\u0105teczny str\u00f3j ich pupila b\u0119dzie dro\u017cszy ni\u017c ich w\u0142asny, a w\u0142a\u015bciciele wydaj\u0105 pieni\u0105dze na wszystko, od pasuj\u0105cych do siebie swetr\u00f3w po \u015bwi\u0105teczne kostiumy.<\/p>\n<p class=\"typography ids-typeset-body ids-typeset-body--preset-large link paragraph ids-paragraph ids-paragraph--default\">42 proc. zadeklarowa\u0142o, \u017ce w tym roku kupi mu \u015bwi\u0105teczny prezent, a 36 proc. zaserwuje mu w\u0142asn\u0105 \u015bwi\u0105teczn\u0105 kolacj\u0119.<\/p>\n<p class=\"typography ids-typeset-body ids-typeset-body--preset-large link paragraph ids-paragraph ids-paragraph--default\">To jednak nie wszystko &#8211; 23 proc. Brytyjczyk\u00f3w zabiera swojego psa na wyj\u0105tkowy spacer z okazji \u015bwi\u0105t Bo\u017cego Narodzenia, a 22 proc. Brytyjczyk\u00f3w posuwa si\u0119 nawet do tego, \u017ce podpisuje kartk\u0119 z \u017cyczeniami od swojego psa.<\/p>\n<p class=\"typography ids-typeset-body ids-typeset-body--preset-large link paragraph ids-paragraph ids-paragraph--default\">W Polsce nie przeprowadzono podobnych bada\u0144, ale mo\u017cna tak\u017ce zauwa\u017cy\u0107 rosn\u0105c\u0105 tendencj\u0119 do w\u0142\u0105czania w naszym kraju swojego psa, czy kota w czas \u015bwi\u0119towania.<\/p>\n<blockquote role=\"blockquote\" class=\"quote ids-quote ids-quote--nosurface--short--medium\"><p>Skoro wszyscy maj\u0105 prezenty, ciesz\u0105 si\u0119, raduj\u0105 tym czasem, to dlaczego m\u00f3j pies ma nie dosta\u0107 nowych szelek pod choink\u0119, kt\u00f3re i tak pr\u0119dzej czy p\u00f3\u017aniej musia\u0142abym mu kupi\u0107?\u00a0<\/p><\/blockquote>\n<p class=\"typography ids-typeset-body ids-typeset-body--preset-large link paragraph ids-paragraph ids-paragraph--default\">Z kolei Katarzyna ch\u0119tnie ubiera swojego charta w sweterek, bo ta konkretna rasa ps\u00f3w wr\u0119cz powinna nosi\u0107 w mrozy ubrania. Dlaczego wi\u0119c nie zrobi\u0107 tego w &#8222;\u015bwi\u0105teczny spos\u00f3b&#8221; przy okazji?<\/p>\n<p class=\"typography ids-typeset-body ids-typeset-body--preset-large link paragraph ids-paragraph ids-paragraph--default\">&#8211; Chester wygl\u0105da uroczo w swoim czerwonym sweterku i budzi u\u015bmiech na twarzach dzieci, kiedy nas mijaj\u0105 na ulicy. Wszyscy s\u0105 wygrani &#8211; pies, bo mu ciep\u0142o i ludzie, bo ciesz\u0105 si\u0119 pi\u0119knym \u015bwi\u0105tecznym sweterkiem, kt\u00f3ry wygl\u0105da uroczo na psie. Nie wiem komu mo\u017ce to przeszkadza\u0107 &#8211; m\u00f3wi w rozmowie z Interi\u0105 Katarzyna.<\/p>\n<p class=\"typography ids-typeset-body ids-typeset-body--preset-large link paragraph ids-paragraph ids-paragraph--default\">W opozycji do takich komentarzy staj\u0105 obro\u0144cy naturalno\u015bci i tego, \u017ce pies ma by\u0107 psem, a ucz\u0142owieczanie go, mo\u017ce prowadzi\u0107 wr\u0119cz do zaniedba\u0144 jego potrzeb, kt\u00f3re s\u0105 zupe\u0142nie inne ni\u017c te ludzkie.<\/p>\n<p class=\"typography ids-typeset-body ids-typeset-body--preset-large link paragraph ids-paragraph ids-paragraph--default\">&#8211; Nie ubieram mojego psa, bo to husky, kt\u00f3remu absolutnie nie jest zimno, a mam robi\u0107 to tylko dla \u0142adnego zdj\u0119cia? To nie jest jego potrzeba, a moja &#8211; komentuje S\u0142awek w rozmowie z Interi\u0105.<\/p>\n<p class=\"typography ids-typeset-body ids-typeset-body--preset-large link paragraph ids-paragraph ids-paragraph--default\">O ile, w ubieraniu psa, kt\u00f3ry realnie tego potrzebuje, bo jest psem starszym, schorowanym lub nie wyst\u0119puje u niego podszerstek, czy w przygotowywaniu mu zdrowego posi\u0142ku, na kt\u00f3ry zas\u0142uguje nie tylko w \u015bwi\u0119ta, nie ma nic z\u0142ego, tak mo\u017ce pojawi\u0107 si\u0119 pytanie o przesad\u0119 w momencie, gdy ubieramy psa na si\u0142\u0119, dla w\u0142asnej uciechy i karmimy go potrawami z ludzkiego sto\u0142u, kt\u00f3re mog\u0105 mu zaszkodzi\u0107. W\u00f3wczas jako opiekunowie przekraczamy pewn\u0105 granic\u0119.<\/p>\n<p class=\"typography ids-typeset-body ids-typeset-body--preset-large link paragraph ids-paragraph ids-paragraph--default\">&#8211; Kupowanie zwierz\u0119tom prezent\u00f3w pod choink\u0119 czy wsp\u00f3lne \u015bwi\u0119towanie podczas Wigilii nie musi oznacza\u0107 ucz\u0142owieczania pupili. Z perspektywy psychologii takie zachowania cz\u0119\u015bciej s\u0105 wyrazem wi\u0119zi i blisko\u015bci. Ryzyko pojawia si\u0119 wtedy, gdy cz\u0142owiek zapomina o realnych potrzebach zwierz\u0119cia i o gatunkowych r\u00f3\u017cnicach mi\u0119dzy lud\u017ami a zwierz\u0119tami &#8211; w\u00f3wczas nie jest to bezpieczne dla \u017cadnej ze stron &#8211; sugeruje psycholog Katarzyna \u0141opian w rozmowie z Interi\u0105.<\/p>\n<p>Psiecko i kotecko, zamiast dziecka. Narastaj\u0105cy problem, czy wolno\u015b\u0107 wyboru<\/p>\n<p><img decoding=\"async\" class=\"ids-image-holder__img\" loading=\"lazy\" alt=\"Pies, czy kot jako \u015bwi\u0105teczny prezent to wci\u0105\u017c cz\u0119sta praktyka z fatalnym skutkiem\" title=\"Pies, czy kot zamiast dziecka? Co m\u00f3wi o tym psychologia?\" width=\"6720\" height=\"4480\" src=\"https:\/\/www.europesays.com\/pl\/wp-content\/uploads\/2025\/12\/000GICBR6LGKHQ91-C323-F4.webp.webp\"\/><\/p>\n<p>Pies, czy kot zamiast dziecka? Co m\u00f3wi o tym psychologia?123RF\/PICSEL<\/p>\n<p class=\"typography ids-typeset-body ids-typeset-body--preset-large link paragraph ids-paragraph ids-paragraph--default\">Temat sp\u0119dzania \u015bwi\u0105t z psem, czy kotem, serwowanie im \u015bwi\u0105tecznych potraw dostosowanych do ich zdrowia, kupowanie prezent\u00f3w i rezygnowanie ze sp\u0119dzania \u015bwi\u0105t z rodzin\u0105 na rzecz zwierz\u0119cia \u0142\u0105czy si\u0119 nierozerwanie z tematem ucz\u0142owieczania zwierz\u0105t i zast\u0119powania nimi dzieci. Temat traktowania psa czy kota jako w\u0142asnego dziecka rozgrzewa dyskusj\u0119 publiczn\u0105 od d\u0142u\u017cszego czasu, a w okresie \u015bwi\u0105t powraca ze zdwojon\u0105 si\u0142\u0105.<\/p>\n<p class=\"typography ids-typeset-body ids-typeset-body--preset-large link paragraph ids-paragraph ids-paragraph--default\">Zjawisko traktowania psa lub kota jako &#8222;dziecka&#8221; bywa cz\u0119sto upraszczane do prowokacyjnego has\u0142a: zwierz\u0119 zamiast dziecka. W rzeczywisto\u015bci jednak psychologiczne t\u0142o takich decyzji jest znacznie bardziej z\u0142o\u017cone i rzadko sprowadza si\u0119 do jednego powodu czy \u015bwiadomej ideologii.<\/p>\n<p class=\"typography ids-typeset-body ids-typeset-body--preset-large link paragraph ids-paragraph ids-paragraph--default\">Jednym z kluczowych mechanizm\u00f3w jest potrzeba wi\u0119zi i opieki, opisywana w psychologii jako potrzeba przywi\u0105zania. Cz\u0142owiek ma biologicznie uwarunkowan\u0105 potrzeb\u0119 tworzenia bliskich, stabilnych relacji opartych na poczuciu bezpiecze\u0144stwa, wzajemno\u015bci i przewidywalno\u015bci. Jednak nie dla wszystkich b\u0119dzie ona znaczy\u0142a dok\u0142adnie to samo. Potrzeb\u0119 t\u0119 mo\u017cna zaspokaja\u0107 w r\u00f3\u017cny spos\u00f3b.<\/p>\n<p class=\"typography ids-typeset-body ids-typeset-body--preset-large link paragraph ids-paragraph ids-paragraph--default\">&#8211; M\u00f3wi\u0119 czasem o moim psie, \u017ce jest moim psieckiem, czy psynkiem. Ale robi\u0119 to w formie \u017cartu. Je\u017celi kto\u015b s\u0105dzi, \u017ce ja naprawd\u0119 my\u015bl\u0119, \u017ce m\u00f3j pies jest moim dzieckiem, to nie wiem, co mam s\u0105dzi\u0107 o takiej osobie. Kocham mojego psa, jest dla mnie wa\u017cny, ale wiem, \u017ce nie jest cz\u0142owiekiem. Czuj\u0119 si\u0119 wr\u0119cz dziwnie, musz\u0105c to wyja\u015bnia\u0107 &#8211; m\u00f3wi Izabela, kt\u00f3ra od 7 lat jest opiekunk\u0105 psa, kt\u00f3rego adoptowa\u0142a ze schroniska.<\/p>\n<p class=\"typography ids-typeset-body ids-typeset-body--preset-large link paragraph ids-paragraph ids-paragraph--default\">Problem pojawia si\u0119 nie wtedy, gdy kto\u015b kocha swoje zwierz\u0119 jak cz\u0142onka rodziny, lecz w momencie, gdy przypisuje mu role i potrzeby stricte ludzkie, ignoruj\u0105c jego gatunkowe uwarunkowania. Nadmierna antropomorfizacja mo\u017ce prowadzi\u0107 do zaburze\u0144 zachowania u zwierz\u0105t, frustracji, a nawet problem\u00f3w zdrowotnych. Z perspektywy psychologicznej nie jest to ju\u017c troska o zwierz\u0119, lecz regulowanie w\u0142asnych emocji jego kosztem.<\/p>\n<p class=\"typography ids-typeset-body ids-typeset-body--preset-large link paragraph ids-paragraph ids-paragraph--default\">&#8211; Obecnie mamy coraz \u0142atwiejszy dost\u0119p do wiedzy z zakresu psychologii i behawiorystyki zwierz\u0105t, a tak\u017ce rosn\u0105c\u0105 \u015bwiadomo\u015b\u0107 spo\u0142eczn\u0105 dotycz\u0105c\u0105 ich potrzeb i komunikacji. Daje to perspektyw\u0119, \u017ce zwierz\u0119ta b\u0119d\u0105 wa\u017cnymi towarzyszami cz\u0142owieka w r\u00f3\u017cnych \u017cyciowych sytuacjach, ale z wi\u0119ksz\u0105 uwa\u017cno\u015bci\u0105 na zdrowe granice w relacji cz\u0142owiek-zwierz\u0119 &#8211; wyja\u015bnia Katarzyna \u0141opian.<\/p>\n<p class=\"typography ids-typeset-body ids-typeset-body--preset-large link paragraph ids-paragraph ids-paragraph--default\">Dla wielu os\u00f3b zwierz\u0119 nie jest substytutem dziecka, lecz autonomiczn\u0105 relacj\u0105, kt\u00f3ra nie konkuruje z rodzicielstwem, bo nigdy nie mia\u0142a go zast\u0105pi\u0107. Spo\u0142eczne emocje wok\u00f3\u0142 tego tematu cz\u0119sto wynikaj\u0105 z projekcji i l\u0119k\u00f3w zbiorowych: obaw o demografi\u0119, zmian\u0119 tradycyjnych r\u00f3l czy redefinicj\u0119 rodziny. W praktyce jednak relacja cz\u0142owieka ze zwierz\u0119ciem nie odbiera nikomu prawa do posiadania dzieci ani nie deprecjonuje rodzicielstwa. Jest jedynie inn\u0105 odpowiedzi\u0105 na fundamentaln\u0105 ludzk\u0105 potrzeb\u0119 blisko\u015bci, sensu i wi\u0119zi.<\/p>\n<p>&#8222;Ewa gotuje&#8221;: Placuszki z dyniPolsat<\/p>\n<p><a class=\"ids-undecorated-link source ids-page-info--source__link\" href=\"http:\/\/www.styl.pl\" rel=\"nofollow noopener\" target=\"_blank\"><img decoding=\"async\" class=\"ids-image-holder__img\" loading=\"lazy\" alt=\"\" title=\"\" height=\"24px\" src=\"https:\/\/www.europesays.com\/pl\/wp-content\/uploads\/2025\/12\/0000OY1X95V3PDPI-C202-F4.webp.webp\"\/><\/a><\/p>\n<p>Masz sugestie, uwagi albo widzisz b\u0142\u0105d? Napisz do nas<\/p>\n","protected":false},"excerpt":{"rendered":"\u015awi\u0119ta bez ukochanego psa? Wykluczone &#8211; Maks \u017cyje ze mn\u0105 od szczeniaka, od 7 lat. Nie wyobra\u017cam sobie&hellip;\n","protected":false},"author":2,"featured_media":162754,"comment_status":"","ping_status":"","sticky":false,"template":"","format":"standard","meta":{"footnotes":""},"categories":[12],"tags":[32,33,36,37,27,34,35,28,31,25,42,38,40,39,41,29,30,26],"class_list":{"0":"post-162753","1":"post","2":"type-post","3":"status-publish","4":"format-standard","5":"has-post-thumbnail","7":"category-polska","8":"tag-breaking-news","9":"tag-breakingnews","10":"tag-featured-news","11":"tag-featurednews","12":"tag-headlines","13":"tag-latest-news","14":"tag-latestnews","15":"tag-naglowki","16":"tag-najwazniejsze-artykuly","17":"tag-news","18":"tag-pl","19":"tag-poland","20":"tag-polish","21":"tag-polska","22":"tag-polski","23":"tag-top-stories","24":"tag-topstories","25":"tag-wiadomosci"},"share_on_mastodon":{"url":"https:\/\/pubeurope.com\/@pl\/115756688153295018","error":""},"_links":{"self":[{"href":"https:\/\/www.europesays.com\/pl\/wp-json\/wp\/v2\/posts\/162753","targetHints":{"allow":["GET"]}}],"collection":[{"href":"https:\/\/www.europesays.com\/pl\/wp-json\/wp\/v2\/posts"}],"about":[{"href":"https:\/\/www.europesays.com\/pl\/wp-json\/wp\/v2\/types\/post"}],"author":[{"embeddable":true,"href":"https:\/\/www.europesays.com\/pl\/wp-json\/wp\/v2\/users\/2"}],"replies":[{"embeddable":true,"href":"https:\/\/www.europesays.com\/pl\/wp-json\/wp\/v2\/comments?post=162753"}],"version-history":[{"count":0,"href":"https:\/\/www.europesays.com\/pl\/wp-json\/wp\/v2\/posts\/162753\/revisions"}],"wp:featuredmedia":[{"embeddable":true,"href":"https:\/\/www.europesays.com\/pl\/wp-json\/wp\/v2\/media\/162754"}],"wp:attachment":[{"href":"https:\/\/www.europesays.com\/pl\/wp-json\/wp\/v2\/media?parent=162753"}],"wp:term":[{"taxonomy":"category","embeddable":true,"href":"https:\/\/www.europesays.com\/pl\/wp-json\/wp\/v2\/categories?post=162753"},{"taxonomy":"post_tag","embeddable":true,"href":"https:\/\/www.europesays.com\/pl\/wp-json\/wp\/v2\/tags?post=162753"}],"curies":[{"name":"wp","href":"https:\/\/api.w.org\/{rel}","templated":true}]}}