{"id":162757,"date":"2025-12-21T08:52:11","date_gmt":"2025-12-21T08:52:11","guid":{"rendered":"https:\/\/www.europesays.com\/pl\/162757\/"},"modified":"2025-12-21T08:52:11","modified_gmt":"2025-12-21T08:52:11","slug":"rpa-strzelanina-przed-barem-pod-johannesburgiem-nie-zyje-dziewiec-osob","status":"publish","type":"post","link":"https:\/\/www.europesays.com\/pl\/162757\/","title":{"rendered":"RPA. Strzelanina przed barem pod Johannesburgiem, nie \u017cyje dziewi\u0119\u0107 os\u00f3b"},"content":{"rendered":"<p>W skr\u00f3cie<\/p>\n<ul class=\"typography ids-typeset-body ids-typeset-body--preset-large list ids-list ids-list--unordered ids-list--size-large \" datatype=\"disc\">\n<li class=\"ids-list-item\">\n<p>Nieznani napastnicy otworzyli ogie\u0144 przed barem w Bekkersdal niedaleko Johannesburga, zabijaj\u0105c dziewi\u0119\u0107 os\u00f3b i rani\u0105c dziesi\u0119\u0107 kolejnych.<\/p>\n<\/li>\n<li class=\"ids-list-item\">\n<p>Policja rozpocz\u0119\u0142a ob\u0142aw\u0119 na sprawc\u00f3w, kt\u00f3rzy zbiegli z miejsca zdarzenia dwoma bia\u0142ymi samochodami typu kombi.<\/p>\n<\/li>\n<li class=\"ids-list-item\">\n<p>To ju\u017c druga masowa strzelanina w Republice Po\u0142udniowej Afryki w tym miesi\u0105cu, co zwraca uwag\u0119 na narastaj\u0105cy problem zorganizowanej przest\u0119pczo\u015bci i \u0142atwego dost\u0119pu do nielegalnej broni.<\/p>\n<\/li>\n<li class=\"ids-list-item\"><\/li>\n<\/ul>\n<p class=\"typography ids-typeset-body ids-typeset-body--preset-large link paragraph ids-paragraph ids-paragraph--default\">Do zdarzenia dosz\u0142o przed godz. 1:00 w nocy z soboty na niedziel\u0119 czasu lokalnego w tawernie Bekkersdal. Bar po\u0142o\u017cony jest ok. 40 km od Johannesburga.<\/p>\n<p class=\"typography ids-typeset-body ids-typeset-body--preset-large link paragraph ids-paragraph ids-paragraph--default\">Wed\u0142ug relacji lokalnej policji, przed lokalem pojawi\u0142y si\u0119 dwa bia\u0142e samochody typu kombi. Znajduj\u0105cy si\u0119 w nich napastnicy zacz\u0119li strzela\u0107 &#8222;na o\u015blep&#8221; do klient\u00f3w i innych os\u00f3b znajduj\u0105cych si\u0119 w okolicy.<\/p>\n<p>Strzelanina przed barem pod Johannesburgiem. Nie \u017cyje dziewi\u0119\u0107 os\u00f3b<\/p>\n<p class=\"typography ids-typeset-body ids-typeset-body--preset-large link paragraph ids-paragraph ids-paragraph--default\">12 sprawc\u00f3w, kt\u00f3rzy brali udzia\u0142 w strzelaninie, zbieg\u0142o z miejsca zdarzenia. Pocz\u0105tkowo policja informowa\u0142a o 10 ofiarach \u015bmiertelnych, po weryfikacji ustalono, \u017ce zgin\u0119\u0142o dziewi\u0119\u0107 os\u00f3b, a 10 innych odnios\u0142o rany.<\/p>\n<p class=\"typography ids-typeset-body ids-typeset-body--preset-large link paragraph ids-paragraph ids-paragraph--default\">S\u0142u\u017cby powiadomi\u0142y, \u017ce w\u015br\u00f3d zmar\u0142ych jest kierowca dzia\u0142aj\u0105cy w ramach internetowej us\u0142ugi przewozu os\u00f3b. W komunikacie zapewniono te\u017c, \u017ce rozpocz\u0119to ob\u0142aw\u0119 na napastnik\u00f3w.<\/p>\n<p class=\"typography ids-typeset-body ids-typeset-body--preset-large link paragraph ids-paragraph ids-paragraph--default\">Motywy sprawc\u00f3w tragedii pozostaj\u0105 nieznane.<\/p>\n<p>RPA zmaga si\u0119 z problemem zorganizowanej przest\u0119pczo\u015bci<\/p>\n<p class=\"typography ids-typeset-body ids-typeset-body--preset-large link paragraph ids-paragraph ids-paragraph--default\">Tragedia pod Johannesburgiem jest ju\u017c drug\u0105 tego rodzaju, jaka mia\u0142a miejsce w RPA w tym miesi\u0105cu. 6 grudnia uzbrojeni napastnicy wtargn\u0119li do hostelu w Saulsville, nieopodal Pretorii.<\/p>\n<p class=\"typography ids-typeset-body ids-typeset-body--preset-large link paragraph ids-paragraph ids-paragraph--default\">Zgin\u0119\u0142o kilkana\u015bcie os\u00f3b, w tym trzyletnie dziecko. Z danych policji wynika, \u017ce do strzelaniny dosz\u0142o w miejscu, gdzie prowadzona by\u0142a nielegalna sprzeda\u017c napoj\u00f3w alkoholowych.<\/p>\n<p class=\"typography ids-typeset-body ids-typeset-body--preset-large link paragraph ids-paragraph ids-paragraph--default\">RPA, najbardziej rozwini\u0119ty pod wzgl\u0119dem przemys\u0142owym kraj w <a href=\"https:\/\/wydarzenia.interia.pl\/tematy-afryka,gsbi,6643\" rel=\"nofollow noopener\" target=\"_blank\">Afryce<\/a>, od dawna zmaga si\u0119 z problemem przest\u0119pczo\u015bci powi\u0105zanej z gangami. Sytuacji nie sprzyja fakt coraz powszechniejszego dost\u0119pu do nielegalnej broni.<\/p>\n<p>Premier Tusk chwali prezydenta Ze\u0142enskiego. &#8221;Jeste\u015b bohaterem tutaj w Polsce&#8221;Polsat NewsPolsat News<\/p>\n<p><a class=\"ids-undecorated-link source ids-page-info--source__link\" href=\"https:\/\/www.interia.pl\" rel=\"nofollow noopener\" target=\"_blank\"><img decoding=\"async\" class=\"ids-image-holder__img\" loading=\"lazy\" alt=\"\" title=\"\" height=\"24px\" src=\"https:\/\/www.europesays.com\/pl\/wp-content\/uploads\/2025\/12\/1766178490_276_0009A60QQ5I2TYF7-C202-F4.webp.webp\"\/><\/a><\/p>\n<p>Masz sugestie, uwagi albo widzisz b\u0142\u0105d? Napisz do nas<\/p>\n","protected":false},"excerpt":{"rendered":"W skr\u00f3cie Nieznani napastnicy otworzyli ogie\u0144 przed barem w Bekkersdal niedaleko Johannesburga, zabijaj\u0105c dziewi\u0119\u0107 os\u00f3b i rani\u0105c dziesi\u0119\u0107&hellip;\n","protected":false},"author":2,"featured_media":162758,"comment_status":"","ping_status":"","sticky":false,"template":"","format":"standard","meta":{"footnotes":""},"categories":[14],"tags":[32,33,27,34,35,28,31,25,40,41,80,29,30,26,82,83,84],"class_list":{"0":"post-162757","1":"post","2":"type-post","3":"status-publish","4":"format-standard","5":"has-post-thumbnail","7":"category-swiat","8":"tag-breaking-news","9":"tag-breakingnews","10":"tag-headlines","11":"tag-latest-news","12":"tag-latestnews","13":"tag-naglowki","14":"tag-najwazniejsze-artykuly","15":"tag-news","16":"tag-polish","17":"tag-polski","18":"tag-swiat","19":"tag-top-stories","20":"tag-topstories","21":"tag-wiadomosci","22":"tag-world","23":"tag-world-news","24":"tag-worldnews"},"share_on_mastodon":{"url":"https:\/\/pubeurope.com\/@pl\/115756711953718538","error":""},"_links":{"self":[{"href":"https:\/\/www.europesays.com\/pl\/wp-json\/wp\/v2\/posts\/162757","targetHints":{"allow":["GET"]}}],"collection":[{"href":"https:\/\/www.europesays.com\/pl\/wp-json\/wp\/v2\/posts"}],"about":[{"href":"https:\/\/www.europesays.com\/pl\/wp-json\/wp\/v2\/types\/post"}],"author":[{"embeddable":true,"href":"https:\/\/www.europesays.com\/pl\/wp-json\/wp\/v2\/users\/2"}],"replies":[{"embeddable":true,"href":"https:\/\/www.europesays.com\/pl\/wp-json\/wp\/v2\/comments?post=162757"}],"version-history":[{"count":0,"href":"https:\/\/www.europesays.com\/pl\/wp-json\/wp\/v2\/posts\/162757\/revisions"}],"wp:featuredmedia":[{"embeddable":true,"href":"https:\/\/www.europesays.com\/pl\/wp-json\/wp\/v2\/media\/162758"}],"wp:attachment":[{"href":"https:\/\/www.europesays.com\/pl\/wp-json\/wp\/v2\/media?parent=162757"}],"wp:term":[{"taxonomy":"category","embeddable":true,"href":"https:\/\/www.europesays.com\/pl\/wp-json\/wp\/v2\/categories?post=162757"},{"taxonomy":"post_tag","embeddable":true,"href":"https:\/\/www.europesays.com\/pl\/wp-json\/wp\/v2\/tags?post=162757"}],"curies":[{"name":"wp","href":"https:\/\/api.w.org\/{rel}","templated":true}]}}