{"id":162759,"date":"2025-12-21T08:53:25","date_gmt":"2025-12-21T08:53:25","guid":{"rendered":"https:\/\/www.europesays.com\/pl\/162759\/"},"modified":"2025-12-21T08:53:25","modified_gmt":"2025-12-21T08:53:25","slug":"skradl-show-podczas-spotkania-oplatkowego-w-sejmie-nagranie-obieglo-siec","status":"publish","type":"post","link":"https:\/\/www.europesays.com\/pl\/162759\/","title":{"rendered":"Skrad\u0142 show podczas spotkania op\u0142atkowego w Sejmie. Nagranie obieg\u0142o sie\u0107"},"content":{"rendered":"<p class=\"ods-c-paragraph \">W czwartek, 18 grudnia, <a href=\"https:\/\/wiadomosci.onet.pl\/warszawa\/spotkanie-oplatkowe-w-sejmie-kolejka-do-premier-szydlo\/ypfje8z\" id=\"70f9d666-9e58-4358-8616-42b6d35364fa\" rel=\"nofollow noopener\" target=\"_blank\">odby\u0142o si\u0119 spotkanie op\u0142atkowe parlamentarzyst\u00f3w w Sejmie<\/a>. Na miejscu pojawili si\u0119 m.in. W\u0142odzimierz Czarzasty, Ma\u0142gorzata Kidawa-B\u0142o\u0144ska, Beata Szyd\u0142o oraz metropolita warszawski kardyna\u0142 Kazimierz Nycz.<\/p>\n<p class=\"ods-c-paragraph \">&#8222;M\u00f3wi\u0119 o zdrowiu, maj\u0105c w tej sprawie wielkie do\u015bwiadczenia tego roku. Si\u0142y r\u00f3\u017cne, z lekarzami na czele oczywi\u015bcie, da\u0142y mi powr\u00f3t do zdrowia. I wiem, co to znaczy zdrowie, dlatego wam \u017cycz\u0119 tego zdrowia. \u017bycz\u0119, \u017ceby\u015bcie znale\u017ali spok\u00f3j przy \u015bwi\u0105tecznym stole \u015awi\u0105t Bo\u017cego Narodzenia&#8221; \u2014 powiedzia\u0142 marsza\u0142ek Sejmu.<\/p>\n<p>Dalszy ci\u0105g artyku\u0142u pod materia\u0142em wideo<\/p>\n<p> Kto pe\u0142ni\u0142 rol\u0119 dyrygenta podczas spotkania op\u0142atkowego? <\/p>\n<p> Jakie emocje wykazywa\u0142 p\u0142k Mariusz Dziubek? <\/p>\n<p> Kiedy odby\u0142o si\u0119 spotkanie op\u0142atkowe parlamentarzyst\u00f3w? <\/p>\n<p> Kto by\u0142 jednym z m\u00f3wc\u00f3w na tym wydarzeniu? <\/p>\n<p>  Skrad\u0142 show podczas spotkania op\u0142atkowego w Sejmie. Jest nagranie   <\/p>\n<p class=\"ods-c-paragraph \">Uwag\u0119 dziennikarzy zwr\u00f3ci\u0142 dyrygent-\u017co\u0142nierz, p\u0142k Mariusz Dziubek \u2014 dyrektor Reprezentacyjnego Zespo\u0142u Artystycznego Wojska Polskiego, kt\u00f3ry odpowiada\u0142 za opraw\u0119 muzyczn\u0105 spotkania op\u0142atkowego. Bardzo ekspresyjnie podszed\u0142 do swojej roli jako dyrygent, co zosta\u0142o uchwycone na nagraniach.<\/p>\n<p> <img decoding=\"async\" src=\"https:\/\/www.europesays.com\/pl\/wp-content\/uploads\/2025\/12\/UrDk9lGaHR0cHM6Ly9vY2RuLmV1L3B1bHNjbXMvTURBXy9kNmUwMzQwMC05ZGY0LTQ0YjYtYTVkYi1kODdlM2RlY2FkZGQuanBlZ.jpeg\" height=\"627\" width=\"940\" alt=\"Spotkanie op\u0142atkowe w Sejmie\" loading=\"lazy\" class=\"ods-c-image__img ods-c-image__img--viewport-width\"\/><\/p>\n<p>Spotkanie op\u0142atkowe w SejmiePAP\/Marcin Obara<\/p>\n<p> <img decoding=\"async\" src=\"https:\/\/www.europesays.com\/pl\/wp-content\/uploads\/2025\/12\/iDEk9lGaHR0cHM6Ly9vY2RuLmV1L3B1bHNjbXMvTURBXy9mMGQ5YTZmMC0xMjBlLTQzN2ItYjkyMS03NzllNmQwOWVhNWQuanBlZ.jpeg\" height=\"627\" width=\"940\" alt=\"Spotkanie op\u0142atkowe w Sejmie\" loading=\"lazy\" class=\"ods-c-image__img ods-c-image__img--viewport-width\"\/><\/p>\n<p>Spotkanie op\u0142atkowe w SejmiePAP\/Marcin Obara<\/p>\n<p class=\"ods-c-paragraph \">Dzi\u0119kujemy, \u017ce przeczyta\u0142a\u015b\/e\u015b nasz artyku\u0142 do ko\u0144ca. W serwisie Plejada.pl ka\u017cdego dnia piszemy o najwa\u017cniejszych wydarzeniach show-biznesowych. B\u0105d\u017a na bie\u017c\u0105co! <a rel=\"nofollow noopener\" href=\"https:\/\/news.google.com\/publications\/CAAiEF0PeAlb7W1llpV_mwV2rL4qFAgKIhBdD3gJW-1tZZaVf5sFdqy-?hl=pl&amp;gl=PL&amp;ceid=PL%3Apl\" id=\"3591d7cc-eda4-49b5-8bd7-6341e2ec555f\" target=\"_blank\">Obserwuj<\/a> Plejad\u0119 w Google. Odwied\u017a nas tak\u017ce na <a rel=\"nofollow noopener\" href=\"https:\/\/www.facebook.com\/plejadapl\" id=\"bb242a85-77e9-4d55-8e89-1948a4119af9\" target=\"_blank\">Facebooku<\/a>, <a rel=\"nofollow noopener\" href=\"https:\/\/www.instagram.com\/plejadapl\/\" id=\"f24815d1-fa06-4b8f-bcc8-8dd63cb8bcbd\" target=\"_blank\">Instagramie<\/a>, <a rel=\"nofollow noopener\" href=\"https:\/\/www.youtube.com\/c\/plejada\" id=\"8d7c271d-92d3-47d6-85cf-ffb1d5327051\" target=\"_blank\">YouTubie<\/a> oraz <a rel=\"nofollow noopener\" href=\"https:\/\/www.tiktok.com\/@plejada_pl\" id=\"10991355-d1e9-4038-9bdc-b537b1511978\" target=\"_blank\">TikToku<\/a>.<\/p>\n<p class=\"ods-c-paragraph \">Chcesz podzieli\u0107 si\u0119 ciekawym newsem lub zaproponowa\u0107 temat? Skontaktuj si\u0119 z nami, pisz\u0105c maila na adres: plejada@redakcjaonet.pl.<\/p>\n<p><script async src=\"\/\/www.instagram.com\/embed.js\"><\/script><script async src=\"\/\/www.tiktok.com\/embed.js\"><\/script><\/p>\n","protected":false},"excerpt":{"rendered":"W czwartek, 18 grudnia, odby\u0142o si\u0119 spotkanie op\u0142atkowe parlamentarzyst\u00f3w w Sejmie. Na miejscu pojawili si\u0119 m.in. W\u0142odzimierz Czarzasty,&hellip;\n","protected":false},"author":2,"featured_media":162760,"comment_status":"","ping_status":"","sticky":false,"template":"","format":"standard","meta":{"footnotes":""},"categories":[12],"tags":[23150,32,33,36,37,27,34,35,28,31,48,25,125,46,42,38,40,39,41,47,5485,29,30,26],"class_list":{"0":"post-162759","1":"post","2":"type-post","3":"status-publish","4":"format-standard","5":"has-post-thumbnail","7":"category-polska","8":"tag-boze_narodzenie_wigilia","9":"tag-breaking-news","10":"tag-breakingnews","11":"tag-featured-news","12":"tag-featurednews","13":"tag-headlines","14":"tag-latest-news","15":"tag-latestnews","16":"tag-naglowki","17":"tag-najwazniejsze-artykuly","18":"tag-nat_styl","19":"tag-news","20":"tag-newsy","21":"tag-omp","22":"tag-pl","23":"tag-poland","24":"tag-polish","25":"tag-polska","26":"tag-polski","27":"tag-screening_general","28":"tag-sejm_rp","29":"tag-top-stories","30":"tag-topstories","31":"tag-wiadomosci"},"share_on_mastodon":{"url":"https:\/\/pubeurope.com\/@pl\/115756715820862273","error":""},"_links":{"self":[{"href":"https:\/\/www.europesays.com\/pl\/wp-json\/wp\/v2\/posts\/162759","targetHints":{"allow":["GET"]}}],"collection":[{"href":"https:\/\/www.europesays.com\/pl\/wp-json\/wp\/v2\/posts"}],"about":[{"href":"https:\/\/www.europesays.com\/pl\/wp-json\/wp\/v2\/types\/post"}],"author":[{"embeddable":true,"href":"https:\/\/www.europesays.com\/pl\/wp-json\/wp\/v2\/users\/2"}],"replies":[{"embeddable":true,"href":"https:\/\/www.europesays.com\/pl\/wp-json\/wp\/v2\/comments?post=162759"}],"version-history":[{"count":0,"href":"https:\/\/www.europesays.com\/pl\/wp-json\/wp\/v2\/posts\/162759\/revisions"}],"wp:featuredmedia":[{"embeddable":true,"href":"https:\/\/www.europesays.com\/pl\/wp-json\/wp\/v2\/media\/162760"}],"wp:attachment":[{"href":"https:\/\/www.europesays.com\/pl\/wp-json\/wp\/v2\/media?parent=162759"}],"wp:term":[{"taxonomy":"category","embeddable":true,"href":"https:\/\/www.europesays.com\/pl\/wp-json\/wp\/v2\/categories?post=162759"},{"taxonomy":"post_tag","embeddable":true,"href":"https:\/\/www.europesays.com\/pl\/wp-json\/wp\/v2\/tags?post=162759"}],"curies":[{"name":"wp","href":"https:\/\/api.w.org\/{rel}","templated":true}]}}