{"id":162808,"date":"2025-12-21T09:33:10","date_gmt":"2025-12-21T09:33:10","guid":{"rendered":"https:\/\/www.europesays.com\/pl\/162808\/"},"modified":"2025-12-21T09:33:10","modified_gmt":"2025-12-21T09:33:10","slug":"oneplus-15t-nadchodzi-kompaktowy-flagowiec-w-przeciekach","status":"publish","type":"post","link":"https:\/\/www.europesays.com\/pl\/162808\/","title":{"rendered":"OnePlus 15T nadchodzi. Kompaktowy flagowiec w przeciekach"},"content":{"rendered":"<p class=\"lead\">OnePlus mo\u017ce jeszcze zaskoczy\u0107 fan\u00f3w kompaktowych smartfon\u00f3w. Nowy model z serii OnePlus 15 zacz\u0105\u0142 pojawia\u0107 si\u0119 w przeciekach. Tym razem chodzi o ma\u0142y, ale bardzo wydajny wariant OnePlus 15T.<\/p>\n<p>Po niedawnych premierach <a href=\"https:\/\/www.gsmmaniak.pl\/1610628\/oneplus-15-test\/\" rel=\"nofollow noopener\" target=\"_blank\">OnePlusa 15<\/a> oraz <a href=\"https:\/\/www.gsmmaniak.pl\/1621914\/oneplus-15r-premiera-w-polsce-cena-specyfikacja\/\" rel=\"nofollow noopener\" target=\"_blank\">OnePlusa 15R<\/a> producent nie zwalnia tempa. W sieci pojawi\u0142y si\u0119 informacje o kolejnym modelu z tej samej rodziny. Urz\u0105dzenie b\u0119dzie nosi\u0107 nazw\u0119 OnePlus 15T i zakr\u0119ci si\u0119 wok\u00f3\u0142 segmentu flagowego. Przecieki sugeruj\u0105 po\u0142\u0105czenie kompaktowych rozmiar\u00f3w z bardzo mocn\u0105 specyfikacj\u0105.<\/p>\n<p>OnePlus 15T b\u0119dzie niewielki, ale bardzo mocny<\/p>\n<p>Wed\u0142ug znanego informatora \u2014 digital chat station \u2014 chi\u0144ska firma pracuje nad nowym smartfonem. Model OnePlus 15T b\u0119dzie mniejszy od standardowego wariantu. Ekran otrzyma przek\u0105tn\u0105 6,3\u2033. To rozmiar rzadko spotykany w\u015br\u00f3d najdro\u017cszych reprezentant\u00f3w, wi\u0119c nasz bohater zyska miano kompaktowego flagowca.<\/p>\n<p><a href=\"https:\/\/www.gsmmaniak.pl\/wp-content\/uploads\/gsmmaniak\/2025\/12\/OnePlus-15R-36.jpg\" rel=\"nofollow noopener\" target=\"_blank\"><img loading=\"lazy\" decoding=\"async\" aria-describedby=\"caption-attachment-1621925\" class=\"size-medium wp-image-1621925\" src=\"https:\/\/www.europesays.com\/pl\/wp-content\/uploads\/2025\/12\/OnePlus-15R-36-medium.jpg\" alt=\"OnePlus 15R\" width=\"500\" height=\"231\"   itemprop=\"image\" \/><\/a><\/p>\n<p id=\"caption-attachment-1621925\" class=\"wp-caption-text\">OnePlus 15R \/ fot. producenta<\/p>\n<p>Wy\u015bwietlacz skorzysta ze znanego ju\u017c z serii od\u015bwie\u017cania. Mowa o wysokiej cz\u0119stotliwo\u015bci 165 Hz wraz z rozdzielczo\u015bci\u0105 panelu na poziomie a\u017c 2800 \u00d7 1272 px. Przegl\u0105danie tre\u015bci na takim wy\u015bwietlaczu zadowoli nawet marudnych ManiaK\u00f3w. Jak znam producenta, zn\u00f3w si\u0119gnie po technologi\u0119 LTPO.<\/p>\n<p>Za wydajno\u015b\u0107 odpowie Snapdragon 8 Elite Gen 5 firmy Qualcomm. To najmocniejszy procesor, kt\u00f3ry zasila najwa\u017cniejsze modele na rynku. Wydajno\u015b\u0107 jednostki przekracza 3 000 000 punkt\u00f3w w AnTuTu. Na t\u0119 chwil\u0119 nie ma nic mocniejszego, wi\u0119c fani gamingu powinny by\u0107 zadowoleni. Do tego zapewne pojawi si\u0119 16 GB RAM oraz 512 GB\/1 TB pami\u0119ci na dane.<\/p>\n<p>Aparaty i bateria mog\u0105 zaskoczy\u0107<\/p>\n<p>Z ty\u0142u smartfona znajdzie si\u0119 aparat g\u0142\u00f3wny 50 MP z nieznanym (na razie) sensorem. Potowarzyszy mu teleobiektyw r\u00f3wnie\u017c z matryc\u0105 50 MP. Na razie nie ma informacji o obiektywie ultraszerokok\u0105tnym i moim zdaniem celowo. Uwa\u017cam, \u017ce producent domknie optyk\u0119 jedynie dwoma \u201eoczkami\u201d.<\/p>\n<p>Najwi\u0119kszym zaskoczeniem b\u0119dzie jednak bateria. OnePlus 15T otrzyma akumulator o pojemno\u015bci ponad 7000 mAh. To bardzo du\u017co jak na telefon z tak niewielkim ekranem. Premiera urz\u0105dzenia jest planowana na pierwszy kwarta\u0142 2026 roku.<\/p>\n<blockquote class=\"wp-embedded-content\" data-secret=\"9n4Rkl61xR\">\n<p><a href=\"https:\/\/www.gsmmaniak.pl\/1621914\/oneplus-15r-premiera-w-polsce-cena-specyfikacja\/\" rel=\"nofollow noopener\" target=\"_blank\">7400 mAh i najnowszy Snapdragon w dobrej cenie. Nowy OnePlus 15R zmienia regu\u0142y gry<\/a><\/p>\n<\/blockquote>\n<p>\u0179r\u00f3d\u0142o: <a href=\"https:\/\/www.gizmochina.com\/2025\/12\/20\/oneplus-15t-display-camera-performance-and-battery-details-leak\/\" rel=\"nofollow noopener\" target=\"_blank\">gizmochina<\/a><\/p>\n<p>Na stronie mog\u0105 wyst\u0119powa\u0107 linki afiliacyjne lub reklamowe.<\/p>\n","protected":false},"excerpt":{"rendered":"OnePlus mo\u017ce jeszcze zaskoczy\u0107 fan\u00f3w kompaktowych smartfon\u00f3w. Nowy model z serii OnePlus 15 zacz\u0105\u0142 pojawia\u0107 si\u0119 w przeciekach.&hellip;\n","protected":false},"author":2,"featured_media":162809,"comment_status":"","ping_status":"","sticky":false,"template":"","format":"standard","meta":{"footnotes":"","_share_on_mastodon":"0"},"categories":[20],"tags":[12683,120,118,119,4523,23267,23270,32283,11133,42,38,40,39,41,116,114,115,18978,121,117,24127],"class_list":["post-162808","post","type-post","status-publish","format-standard","has-post-thumbnail","category-nauka-i-technika","tag-kompaktowy-flagowiec","tag-nauka","tag-nauka-i-technika","tag-naukatechnika","tag-nowy-oneplus","tag-oneplus-15t","tag-oneplus-15t-specyfikacja","tag-oneplus-15t-zapowiedz","tag-oplacalny-telefon","tag-pl","tag-poland","tag-polish","tag-polska","tag-polski","tag-science","tag-science-and-technology","tag-sciencetechnology","tag-tani-flagowiec","tag-technika","tag-technology","tag-zabojca-flagowcow"],"share_on_mastodon":{"url":"https:\/\/pubeurope.com\/@pl\/115756873069245879","error":""},"_links":{"self":[{"href":"https:\/\/www.europesays.com\/pl\/wp-json\/wp\/v2\/posts\/162808","targetHints":{"allow":["GET"]}}],"collection":[{"href":"https:\/\/www.europesays.com\/pl\/wp-json\/wp\/v2\/posts"}],"about":[{"href":"https:\/\/www.europesays.com\/pl\/wp-json\/wp\/v2\/types\/post"}],"author":[{"embeddable":true,"href":"https:\/\/www.europesays.com\/pl\/wp-json\/wp\/v2\/users\/2"}],"replies":[{"embeddable":true,"href":"https:\/\/www.europesays.com\/pl\/wp-json\/wp\/v2\/comments?post=162808"}],"version-history":[{"count":0,"href":"https:\/\/www.europesays.com\/pl\/wp-json\/wp\/v2\/posts\/162808\/revisions"}],"wp:featuredmedia":[{"embeddable":true,"href":"https:\/\/www.europesays.com\/pl\/wp-json\/wp\/v2\/media\/162809"}],"wp:attachment":[{"href":"https:\/\/www.europesays.com\/pl\/wp-json\/wp\/v2\/media?parent=162808"}],"wp:term":[{"taxonomy":"category","embeddable":true,"href":"https:\/\/www.europesays.com\/pl\/wp-json\/wp\/v2\/categories?post=162808"},{"taxonomy":"post_tag","embeddable":true,"href":"https:\/\/www.europesays.com\/pl\/wp-json\/wp\/v2\/tags?post=162808"}],"curies":[{"name":"wp","href":"https:\/\/api.w.org\/{rel}","templated":true}]}}