{"id":162836,"date":"2025-12-21T09:50:12","date_gmt":"2025-12-21T09:50:12","guid":{"rendered":"https:\/\/www.europesays.com\/pl\/162836\/"},"modified":"2025-12-21T09:50:12","modified_gmt":"2025-12-21T09:50:12","slug":"czy-putin-moze-zaatakowac-europe-zamieszanie-w-sprawie-doniesien-wywiadu","status":"publish","type":"post","link":"https:\/\/www.europesays.com\/pl\/162836\/","title":{"rendered":"Czy Putin mo\u017ce zaatakowa\u0107 Europ\u0119? Zamieszanie w sprawie doniesie\u0144 wywiadu"},"content":{"rendered":"<p class=\"article-p\" data-section=\"detail-body\">Warto jednak zaznaczy\u0107, \u017ce Tulsi Gabbard by\u0142a w przesz\u0142o\u015bci ju\u017c wielokrotnie krytykowana za powielanie narracji, kt\u00f3re odzwierciedla rosyjsk\u0105 propagand\u0119.<\/p>\n<p>        Awantura wok\u00f3\u0142 doniesie\u0144 wywiadu USA na temat plan\u00f3w Putina<\/p>\n<p class=\"article-p\" data-section=\"detail-body\">W pi\u0105tek 19 grudnia W\u0142adimir Putin o\u015bwiadczy\u0142, \u017ce liderzy zachodni &#8222;stworzyli obecn\u0105 sytuacj\u0119&#8221;, bo &#8222;zlekcewa\u017cyli interesy Rosji w sferze bezpiecze\u0144stwa&#8221; oraz, \u017ce &#8222;bzdurami&#8221; s\u0105 opinie o tym, \u017ce Rosja chce napa\u015b\u0107 na Europ\u0119. Trzeba jednak pami\u0119ta\u0107, \u017ce przed atakiem na Ukrain\u0119 w lutym 2022 r., Moskwa mocno zaprzecza\u0142a, \u017ce chce dokona\u0107 inwazji.<\/p>\n<p class=\"article-p\" data-section=\"detail-body\"><a href=\"https:\/\/www.fakt.pl\/polityka\/spotkanie-witkoffa-z-putinem-na-specjalnych-warunkach-media-ujawniaja-kulisy\/m7707m5\" id=\"e9b34fc7-99cd-429f-be67-98f87789e7e5\" rel=\"nofollow noopener\" target=\"_blank\">Spotkanie Witkoffa z Putinem mia\u0142o by\u0107 nagrod\u0105. Media ujawniaj\u0105: Kreml postawi\u0142 swoje w<\/a><\/p>\n<p class=\"article-p\" data-section=\"detail-body\">Nast\u0119pnie Reuters poda\u0142, \u017ce &#8222;Ameryka\u0144skie s\u0142u\u017cby wywiadowcze wci\u0105\u017c ostrzegaj\u0105, \u017ce W\u0142adimir Putin zamierza zaj\u0105\u0107 ca\u0142\u0105 Ukrain\u0119 i odzyska\u0107 cz\u0119\u015bci Europy nale\u017c\u0105ce niegdy\u015b do by\u0142ego imperium sowieckiego&#8221;. Dodano, \u017ce t\u0119 informacj\u0119 potwierdza &#8222;sze\u015b\u0107 \u017ar\u00f3de\u0142 zaznajomionych z ameryka\u0144skim wywiadem&#8221;.<\/p>\n<p class=\"article-p\" data-section=\"detail-body\">&#8222;Raporty przedstawiaj\u0105 obraz diametralnie r\u00f3\u017cny od tego, jaki nakre\u015blili prezydent USA Donald Trump i jego negocjatorzy pokojowi na Ukrainie, kt\u00f3rzy twierdzili, \u017ce Putin chce zako\u0144czy\u0107 konflikt. Wed\u0142ug jednego ze \u017ar\u00f3de\u0142, najnowszy z raport\u00f3w pochodzi z ko\u0144ca wrze\u015bnia&#8221; \u2014 pisa\u0142a agencja Reutera.<\/p>\n<p class=\"article-p\" data-section=\"detail-body\">Na to z kolei zareagowa\u0142a Dyrektor Wywiadu Narodowego USA Tulsi Gabbard, kt\u00f3ra nazwa\u0142\u0105 doniesienia Reutersa &#8222;k\u0142amstwem i propagand\u0105&#8221;.<\/p>\n<p class=\"article-p\" data-section=\"detail-body\">&#8222;W niebezpieczny spos\u00f3b promujecie t\u0119 fa\u0142szyw\u0105 narracj\u0119, aby zablokowa\u0107 wysi\u0142ki prezydenta Trumpa na rzecz pokoju i podsyca\u0107 histeri\u0119 i strach w\u015br\u00f3d ludzi, aby sk\u0142oni\u0107 ich do poparcia eskalacji wojny, czego naprawd\u0119 chc\u0105 NATO i UE, aby wci\u0105gn\u0105\u0107 wojsko Stan\u00f3w Zjednoczonych bezpo\u015brednio do wojny z Rosj\u0105&#8221; \u2014 stwierdzi\u0142a Gabbard.<\/p>\n<p class=\"article-p\" data-section=\"detail-body\"><a href=\"https:\/\/www.fakt.pl\/polityka\/wyscig-atomowy-wraca-do-europy-naukowcy-pokazali-co-robi-rosja-i-nato-w-tym-temacie\/h1etzct\" id=\"905cfab1-35f0-4564-996d-e666603b2b32\" rel=\"nofollow noopener\" target=\"_blank\">NATO r\u00f3wnie\u017c inwestuje w zbrojenia atomowe. Trwaj\u0105 rozbudowy baz. Szczeg\u00f3\u0142y na mapie<\/a><\/p>\n<p class=\"article-p\" data-section=\"detail-body\">&#8222;Prawda jest taka, \u017ce ameryka\u0144skie s\u0142u\u017cby wywiadowcze poinformowa\u0142y decydent\u00f3w, w tym cytowanego przez agencj\u0119 Reuters cz\u0142onka Komisji Wywiadu Izby Reprezentant\u00f3w z ramienia Partii Demokratycznej, \u017ce wed\u0142ug oceny ameryka\u0144skiego wywiadu Rosja stara si\u0119 unikn\u0105\u0107 wi\u0119kszej wojny z NATO&#8221; \u2014 napisa\u0142a Dyrektor Wywiadu Narodowego USA. &#8222;Wywiad ocenia r\u00f3wnie\u017c, \u017ce, jak pokaza\u0142y ostatnie kilka lat, dzia\u0142ania Rosji na polu bitwy wskazuj\u0105, \u017ce nie ma ona obecnie zdolno\u015bci do podbicia i zaj\u0119cia ca\u0142ej Ukrainy, a tym bardziej Europy&#8221; \u2014 doda\u0142a.<\/p>\n<p class=\"article-p\" data-section=\"detail-body\">W przesz\u0142o\u015bci Tulsi Gabbard by\u0142a krytykowana za swoje wypowiedzi na temat Rosji. Jej krytycy zarzucali jej, \u017ce swoimi wypowiedziami wspiera rosyjskie cele propagandowe.<\/p>\n<p class=\"article-p\" data-section=\"detail-body\">(\u017ar\u00f3d\u0142o: PAP)<\/p>\n<p class=\"article-p\" data-section=\"detail-body\"><a href=\"https:\/\/www.fakt.pl\/polityka\/zelenski-po-spotkaniu-z-tuskiem-skupilismy-sie-na-wspolnych-projektach\/2ekc54g\" id=\"ef9a1286-3c18-4cbb-9ff4-a7b596c4c1c0\" rel=\"nofollow noopener\" target=\"_blank\">Ze\u0142enski zabra\u0142 g\u0142os po spotkaniu z Tuskiem za zamkni\u0119tymi drzwiami. &#8222;Skupili\u015bmy si\u0119 na wsp\u00f3lnych projektach&#8221;<\/a><\/p>\n","protected":false},"excerpt":{"rendered":"Warto jednak zaznaczy\u0107, \u017ce Tulsi Gabbard by\u0142a w przesz\u0142o\u015bci ju\u017c wielokrotnie krytykowana za powielanie narracji, kt\u00f3re odzwierciedla rosyjsk\u0105&hellip;\n","protected":false},"author":2,"featured_media":119728,"comment_status":"","ping_status":"","sticky":false,"template":"","format":"standard","meta":{"footnotes":""},"categories":[14],"tags":[32,33,27,34,35,28,31,25,40,41,80,29,30,26,82,83,84],"class_list":{"0":"post-162836","1":"post","2":"type-post","3":"status-publish","4":"format-standard","5":"has-post-thumbnail","7":"category-swiat","8":"tag-breaking-news","9":"tag-breakingnews","10":"tag-headlines","11":"tag-latest-news","12":"tag-latestnews","13":"tag-naglowki","14":"tag-najwazniejsze-artykuly","15":"tag-news","16":"tag-polish","17":"tag-polski","18":"tag-swiat","19":"tag-top-stories","20":"tag-topstories","21":"tag-wiadomosci","22":"tag-world","23":"tag-world-news","24":"tag-worldnews"},"share_on_mastodon":{"url":"https:\/\/pubeurope.com\/@pl\/115756939555728688","error":""},"_links":{"self":[{"href":"https:\/\/www.europesays.com\/pl\/wp-json\/wp\/v2\/posts\/162836","targetHints":{"allow":["GET"]}}],"collection":[{"href":"https:\/\/www.europesays.com\/pl\/wp-json\/wp\/v2\/posts"}],"about":[{"href":"https:\/\/www.europesays.com\/pl\/wp-json\/wp\/v2\/types\/post"}],"author":[{"embeddable":true,"href":"https:\/\/www.europesays.com\/pl\/wp-json\/wp\/v2\/users\/2"}],"replies":[{"embeddable":true,"href":"https:\/\/www.europesays.com\/pl\/wp-json\/wp\/v2\/comments?post=162836"}],"version-history":[{"count":0,"href":"https:\/\/www.europesays.com\/pl\/wp-json\/wp\/v2\/posts\/162836\/revisions"}],"wp:featuredmedia":[{"embeddable":true,"href":"https:\/\/www.europesays.com\/pl\/wp-json\/wp\/v2\/media\/119728"}],"wp:attachment":[{"href":"https:\/\/www.europesays.com\/pl\/wp-json\/wp\/v2\/media?parent=162836"}],"wp:term":[{"taxonomy":"category","embeddable":true,"href":"https:\/\/www.europesays.com\/pl\/wp-json\/wp\/v2\/categories?post=162836"},{"taxonomy":"post_tag","embeddable":true,"href":"https:\/\/www.europesays.com\/pl\/wp-json\/wp\/v2\/tags?post=162836"}],"curies":[{"name":"wp","href":"https:\/\/api.w.org\/{rel}","templated":true}]}}