{"id":162855,"date":"2025-12-21T10:04:09","date_gmt":"2025-12-21T10:04:09","guid":{"rendered":"https:\/\/www.europesays.com\/pl\/162855\/"},"modified":"2025-12-21T10:04:09","modified_gmt":"2025-12-21T10:04:09","slug":"wladimir-putin-wyrazil-gotowosc-do-rozmow-z-emmanuelem-macronem-2","status":"publish","type":"post","link":"https:\/\/www.europesays.com\/pl\/162855\/","title":{"rendered":"W\u0142adimir Putin wyrazi\u0142 gotowo\u015b\u0107 do rozm\u00f3w z Emmanuelem Macronem"},"content":{"rendered":"<p class=\"Paragraph_desktopParagraph__U31Gm\">&#8211; Je\u017celi jest wzajemna wola polityczna to mo\u017cna j\u0105 oceni\u0107 tylko pozytywnie \u2014 powiedzia\u0142 Pieskow cytowany przez RIA Nowosti.<\/p>\n<p class=\"Paragraph_desktopParagraph__U31Gm\">Pieskow mia\u0142 przypomnie\u0107, \u017ce Macron wyra\u017ca\u0142 wcze\u015bniej gotowo\u015b\u0107 do rozm\u00f3w z Putinem. &#8211; Wa\u017cne jest chyba, aby przypomnie\u0107, co powiedzia\u0142 prezydent (Putin)<a href=\"https:\/\/wiadomosci.onet.pl\/swiat\/doroczna-konferencja-wladimira-putina-dominuje-wojna-w-ukrainie\/kpgff98\" id=\"42fdd4e5-e5db-41d2-985f-0a1a72639105\" rel=\"nofollow noopener\" target=\"_blank\"> podczas Linii Bezpo\u015bredniej (dorocznej konferencji prasowej<\/a>\u2014 PAP). R\u00f3wnie\u017c wyrazi\u0142 gotowo\u015b\u0107 rozpocz\u0119cia dialogu z Macronem \u2014 powiedzia\u0142 Pieskow.<\/p>\n<ul class=\"OchatFollowUps_wrapper__1ry7X\">\n<li class=\"OchatFollowUps_item__Dhyly OchatFollowUps_itemDesktop__R6aBv\">Jak\u0105 gotowo\u015b\u0107 wyrazi\u0142 W\u0142adimir Putin?<\/li>\n<li class=\"OchatFollowUps_item__Dhyly OchatFollowUps_itemDesktop__R6aBv\">Co powiedzia\u0142 rzecznik Kremla na temat rozm\u00f3w?<\/li>\n<li class=\"OchatFollowUps_item__Dhyly OchatFollowUps_itemDesktop__R6aBv\">Jakie by\u0142y wcze\u015bniejsze wypowiedzi Macrona na temat rozm\u00f3w z Putinem?<\/li>\n<li class=\"OchatFollowUps_item__Dhyly OchatFollowUps_itemDesktop__R6aBv\">Co powiedzia\u0142 prezydent Ukrainy Wo\u0142odymyr Ze\u0142enski?<\/li>\n<\/ul>\n<p class=\"Paragraph_desktopParagraph__U31Gm\">Wed\u0142ug AFP rzecznik Kremla nawi\u0105za\u0142 do wypowiedzi Macrona w pi\u0105tek rano w Brukseli po szczycie UE, na kt\u00f3rym osi\u0105gni\u0119to <a href=\"https:\/\/wiadomosci.onet.pl\/swiat\/ukraina-otrzyma-miliardy-euro-w-trybie-pilnym-udzielimy-pozyczki\/tqdjmwx\" id=\"92192f48-3c8a-4d6e-b6b9-7562eff14433\" rel=\"nofollow noopener\" target=\"_blank\">porozumienie w sprawie udzielenia Ukrainie po\u017cyczki w wysoko\u015bci 90 mld euro.<\/a><\/p>\n<p class=\"Paragraph_desktopParagraph__U31Gm\">&#8211; Uwa\u017cam, \u017ce by\u0142oby po\u017cyteczne wznowi\u0107 rozmowy z W\u0142adimirem Putinem \u2014 powiedzia\u0142 w\u00f3wczas francuski prezydent na konferencji prasowej. Przypomnia\u0142, \u017ce &#8222;s\u0105 osoby, kt\u00f3re rozmawiaj\u0105 z Putinem&#8221;. Zdaniem AFP by\u0142a to aluzja do prezydenta USA Donalda Trumpa, kt\u00f3ry wznowi\u0142 dialog ze swym rosyjskim odpowiednikiem.<\/p>\n<p class=\"Paragraph_desktopParagraph__U31Gm\">&#8211; My \u2014 Europejczycy i Ukrai\u0144cy \u2014 mamy interes w tym, aby znale\u017a\u0107 spos\u00f3b, aby znowu wej\u015b\u0107 do tej dyskusji (z Putinem \u2014 PAP) we w\u0142a\u015bciwy spos\u00f3b. Inaczej rozmawiamy mi\u0119dzy sob\u0105, a negocjatorzy sami rozmawiaj\u0105 z Rosjanami \u2014 powiedzia\u0142 Macron, zwracaj\u0105c uwag\u0119, \u017ce kuluarowe rozmowy nie powinny odbywa\u0107 si\u0119 bez udzia\u0142u kraj\u00f3w europejskich.<\/p>\n<p class=\"Paragraph_desktopParagraph__U31Gm\">Wys\u0142annicy Trumpa Steve Witkoff i Jared Kushner przeprowadzili ju\u017c seri\u0119 oddzielnych rozm\u00f3w z Rosjanami oraz z Ukrai\u0144cami i reprezentantami Europy. Obecnie<a href=\"https:\/\/wiadomosci.onet.pl\/swiat\/wladimir-putin-wyslal-swojego-czlowieka-do-usa-na-negocjacje-ten-zabral-glos\/5xkwgpc\" id=\"c5261914-f6e1-4b2f-97be-e2ac041f5c2b\" rel=\"nofollow noopener\" target=\"_blank\"> trwaj\u0105 rozmowy w Miami na Florydzie,<\/a> w kt\u00f3rych bior\u0105 udzia\u0142 wys\u0142annicy USA, Europy, Ukrainy i Rosji.<\/p>\n<p class=\"Paragraph_desktopParagraph__U31Gm\">Prezydent Ukrainy Wo\u0142odymyr Ze\u0142enski zaapelowa\u0142 w sobot\u0119 do sojusznik\u00f3w o wsparcie rozm\u00f3w w Miami, apeluj\u0105c r\u00f3wnocze\u015bnie do Waszyngtonu, aby nasili\u0142 presj\u0119 na Moskw\u0119 w celu zako\u0144czenia trwaj\u0105cej od lutego 2022 r. wojny. <\/p>\n","protected":false},"excerpt":{"rendered":"&#8211; Je\u017celi jest wzajemna wola polityczna to mo\u017cna j\u0105 oceni\u0107 tylko pozytywnie \u2014 powiedzia\u0142 Pieskow cytowany przez RIA&hellip;\n","protected":false},"author":2,"featured_media":162856,"comment_status":"","ping_status":"","sticky":false,"template":"","format":"standard","meta":{"footnotes":""},"categories":[14],"tags":[32,33,445,58,340,339,416,27,64,34,35,22616,28,31,53,25,52,68,51,55,40,41,62,47,80,29,30,390,65,50,26,418,82,83,84],"class_list":{"0":"post-162855","1":"post","2":"type-post","3":"status-publish","4":"format-standard","5":"has-post-thumbnail","7":"category-swiat","8":"tag-breaking-news","9":"tag-breakingnews","10":"tag-dmitrij_pieskow","11":"tag-donald_trump_prezydent_usa","12":"tag-emmanuel_macron","13":"tag-emmanuel_macron_francuski_prezydent","14":"tag-europa_kontynent","15":"tag-headlines","16":"tag-inwazja_rosji_na_ukraine_2014_","17":"tag-latest-news","18":"tag-latestnews","19":"tag-miami_miasto","20":"tag-naglowki","21":"tag-najwazniejsze-artykuly","22":"tag-new_header","23":"tag-news","24":"tag-onet3","25":"tag-onet3d","26":"tag-onet3d_2i","27":"tag-phx","28":"tag-polish","29":"tag-polski","30":"tag-rosja_kraj_rosjanin_rosjanie_rosjanka_rosjanki","31":"tag-screening_general","32":"tag-swiat","33":"tag-top-stories","34":"tag-topstories","35":"tag-ukraina_ukrainiec_ukrainka_ukraincy_ukrainki","36":"tag-update_me","37":"tag-v2021","38":"tag-wiadomosci","39":"tag-wladimir_putin_rosyjski_prezydent","40":"tag-world","41":"tag-world-news","42":"tag-worldnews"},"share_on_mastodon":{"url":"","error":"Validation failed: Text character limit of 500 exceeded"},"_links":{"self":[{"href":"https:\/\/www.europesays.com\/pl\/wp-json\/wp\/v2\/posts\/162855","targetHints":{"allow":["GET"]}}],"collection":[{"href":"https:\/\/www.europesays.com\/pl\/wp-json\/wp\/v2\/posts"}],"about":[{"href":"https:\/\/www.europesays.com\/pl\/wp-json\/wp\/v2\/types\/post"}],"author":[{"embeddable":true,"href":"https:\/\/www.europesays.com\/pl\/wp-json\/wp\/v2\/users\/2"}],"replies":[{"embeddable":true,"href":"https:\/\/www.europesays.com\/pl\/wp-json\/wp\/v2\/comments?post=162855"}],"version-history":[{"count":0,"href":"https:\/\/www.europesays.com\/pl\/wp-json\/wp\/v2\/posts\/162855\/revisions"}],"wp:featuredmedia":[{"embeddable":true,"href":"https:\/\/www.europesays.com\/pl\/wp-json\/wp\/v2\/media\/162856"}],"wp:attachment":[{"href":"https:\/\/www.europesays.com\/pl\/wp-json\/wp\/v2\/media?parent=162855"}],"wp:term":[{"taxonomy":"category","embeddable":true,"href":"https:\/\/www.europesays.com\/pl\/wp-json\/wp\/v2\/categories?post=162855"},{"taxonomy":"post_tag","embeddable":true,"href":"https:\/\/www.europesays.com\/pl\/wp-json\/wp\/v2\/tags?post=162855"}],"curies":[{"name":"wp","href":"https:\/\/api.w.org\/{rel}","templated":true}]}}