{"id":162890,"date":"2025-12-21T10:28:09","date_gmt":"2025-12-21T10:28:09","guid":{"rendered":"https:\/\/www.europesays.com\/pl\/162890\/"},"modified":"2025-12-21T10:28:09","modified_gmt":"2025-12-21T10:28:09","slug":"to-moze-dobic-kubackiego-i-stocha-tylko-tomasiak-ma-pewne-powolanie-na-igrzyska","status":"publish","type":"post","link":"https:\/\/www.europesays.com\/pl\/162890\/","title":{"rendered":"To mo\u017ce dobi\u0107 Kubackiego i Stocha? &#8222;Tylko Tomasiak ma pewne powo\u0142anie na igrzyska&#8221;"},"content":{"rendered":"\n<p class=\"contentpart contentpart--default contentpart--text\" data-position=\"0\">Po niez\u0142ym otwarciu sezonu w Lillehammer, \u015brodowisko polskich skok\u00f3w narciarskich wyczekiwa\u0142o poprawy pewnych detali i odrodzenia Bia\u0142o-Czerwonych po kilku s\u0142abszych latach. Niestety w tym wypadku zi\u015bci\u0142o si\u0119 porzekad\u0142o &#8222;mi\u0142e z\u0142ego pocz\u0105tki&#8221;.<\/p>\n<p class=\"contentpart contentpart--default contentpart--text\" data-position=\"1\">Po niez\u0142ej dyspozycji <a href=\"https:\/\/sportowefakty.wp.pl\/skoki-narciarskie\/kamil-stoch\" rel=\"nofollow noopener\" target=\"_blank\">Kamila Stocha<\/a>\u00a0nie ma \u015bladu, jakiekolwiek post\u0119py poczyni\u0142 jedynie\u00a0<a href=\"https:\/\/sportowefakty.wp.pl\/skoki-narciarskie\/piotr-zyla\" rel=\"nofollow noopener\" target=\"_blank\">Piotr \u017by\u0142a<\/a>, a na miar\u0119 potencja\u0142u prezentuje si\u0119 wy\u0142\u0105cznie\u00a0<a href=\"https:\/\/sportowefakty.wp.pl\/skoki-narciarskie\/kacper-tomasiak\" rel=\"nofollow noopener\" target=\"_blank\">Kacper Tomasiak<\/a>.<\/p>\n<p> <img role=\"presentation\" src=\"https:\/\/std.wpcdn.pl\/images\/adv\/placeholder_wp.svg\" loading=\"lazy\" alt=\"\" decoding=\"async\"\/>  <\/p>\n<p class=\"contentpart contentpart--default contentpart--text\" data-position=\"2\">ZOBACZ WIDEO: Oto jakie zdanie o trenerze polskich skoczk\u00f3w maj\u0105 kibice<\/p>\n<p class=\"contentpart contentpart--default contentpart--text\" data-position=\"4\">&#8211; Prezentujemy si\u0119 s\u0142abo, podsumowuj\u0105c ca\u0142okszta\u0142t, nale\u017cy tylko wyci\u0105\u0107 z analizy Kacpra Tomasiaka, bo on do niej nie pasuje. Do m\u0142odego zawodnika nie mo\u017cemy mie\u0107 \u017cadnych pretensji. Spisuje si\u0119 bardzo dobrze, nie rozczarowuje, a do pojedynczych nieudanych pr\u00f3b ma pe\u0142ne prawo, kt\u00f3re s\u0105 charakterystyczne dla m\u0142odego wieku zawodnika. Reszt\u0105 czuj\u0119 si\u0119 zawiedziony &#8211; m\u00f3wi WP SportoweFakty\u00a0<a href=\"https:\/\/sportowefakty.wp.pl\/skoki-narciarskie\/rafal-kot\" rel=\"nofollow noopener\" target=\"_blank\">Rafa\u0142 Kot<\/a>, cz\u0142onek zarz\u0105du Polskiego Zwi\u0105zku Narciarskiego.<\/p>\n<p>Na sytuacj\u0119 Stocha patrzy si\u0119 z trudem<\/p>\n<p class=\"contentpart contentpart--default contentpart--text\" data-position=\"6\">Stoch w czterech pierwszych konkursach zajmowa\u0142 miejsca w okolicach czo\u0142owej pi\u0119tnastki zawod\u00f3w. W Ruce jednak nadszed\u0142 kryzys, kt\u00f3rego nie pokona\u0142 do dzi\u015b.<\/p>\n<p> <img role=\"presentation\" src=\"https:\/\/std.wpcdn.pl\/images\/adv\/placeholder_wp.svg\" loading=\"lazy\" alt=\"\" decoding=\"async\"\/>  <\/p>\n<p class=\"contentpart contentpart--default contentpart--text\" data-position=\"7\">&#8211; To przykre dla zawodnika tego kalibru, wida\u0107, \u017ce mu zale\u017cy, ale w aktualnej dyspozycji si\u0119 m\u0119czy. To ostatni rok. Chcia\u0142 si\u0119 godnie po\u017cegna\u0107 z ka\u017cd\u0105 skoczni\u0105, ale zajmowane przez Kamila miejsca na pewno nie daj\u0105 mu satysfakcji. Wci\u0105\u017c mam nadziej\u0119, \u017ce si\u0119 poprawi, ale sytuacja nie nale\u017cy do prostych. Kryzys trwa kilka lat. Wierzymy w Kamila, ale patrzy si\u0119 z trudem na t\u0119 ca\u0142\u0105 otoczk\u0119, \u017ce mu nie idzie i to prze\u017cywa &#8211; przyznaje Kot.<\/p>\n<p class=\"contentpart contentpart--default contentpart--text\" data-position=\"8\">Jeszcze gorzej spisuje si\u0119\u00a0<a href=\"https:\/\/sportowefakty.wp.pl\/skoki-narciarskie\/dawid-kubacki\" rel=\"nofollow noopener\" target=\"_blank\">Dawid Kubacki<\/a>, kt\u00f3ry nierzadko ma problem z awansem do drugich serii poszczeg\u00f3lnych konkurs\u00f3w. Ta sztuka nie uda\u0142a mu si\u0119 w trzech z nich. W Wi\u015ble nie przebrn\u0105\u0142 przez kwalifikacje.<\/p>\n<p class=\"contentpart contentpart--default contentpart--text\" data-position=\"9\">&#8211; <a href=\"https:\/\/sportowefakty.wp.pl\/skoki-narciarskie\/turniej-czterech-skoczni\" rel=\"nofollow noopener\" target=\"_blank\">Turniej Czterech Skoczni<\/a>\u00a0zbli\u017ca si\u0119 wielkimi krokami. Tak wymagaj\u0105ce wyzwanie mo\u017ce dobi\u0107 zawodnik\u00f3w b\u0119d\u0105cych w s\u0142abej dyspozycji. Do nich zaliczaj\u0105 si\u0119 niestety Dawid i Kamil. Te zmagania nie daj\u0105 pola do poprawy wynik\u00f3w, bardziej obna\u017caj\u0105 s\u0142abo\u015bci. Zajmuj\u0105c niskie lokaty szybko rywalizuje si\u0119 z wymagaj\u0105cymi przeciwnikami w systemie parowym. To nie jest turniej dla skoczk\u00f3w, kt\u00f3rzy borykaj\u0105 si\u0119 z problemami &#8211; obawia si\u0119 Kot.<\/p>\n<p> <img role=\"presentation\" src=\"https:\/\/std.wpcdn.pl\/images\/adv\/placeholder_wp.svg\" loading=\"lazy\" alt=\"\" decoding=\"async\"\/>  <\/p>\n<p>Trzeba zrobi\u0107 krok w ty\u0142, \u017ceby wykona\u0107 dwa do przodu?<\/p>\n<p class=\"contentpart contentpart--default contentpart--text\" data-position=\"11\">W rozmowie z WP SportoweFakty\u00a0<a href=\"https:\/\/sportowefakty.wp.pl\/skoki-narciarskie\/jozef-jarzabek\" rel=\"nofollow noopener\" target=\"_blank\">J\u00f3zef Jarz\u0105bek<\/a>, by\u0142y trener Kubackiego, doradza\u0142 swojemu dawnemu podopiecznemu treningi indywidualne (wi\u0119cej -&gt; <a href=\"https:\/\/sportowefakty.wp.pl\/skoki-narciarskie\/1225610\/zupelnie-pogubiony-kubacki-jego-byly-trener-wierzy-w-cud-i-ma-rozwiazanie-moze-o?pvclid=01KCZ4RX8ZTXSVPPRCGHA8V24P\" rel=\"nofollow noopener\" target=\"blank\">TUTAJ<\/a>). Co na ten temat s\u0105dzi cz\u0142onek zarz\u0105du PZN?<\/p>\n<p class=\"contentpart contentpart--default contentpart--text\" data-position=\"12\">&#8211; Nie chc\u0119 nic sugerowa\u0107 trenerowi, bo on ma swoj\u0105 koncepcj\u0119, najlepiej zna sytuacj\u0119 i odpowiada za wynik ko\u0144cowy. Moja prywatna opinia jest natomiast taka, \u017ce b\u0119d\u0105c pogr\u0105\u017conym w kryzysie, nie ma sensu jecha\u0107 na Turniej Czterech Skoczni. Chyba lepiej, \u017ceby niekt\u00f3rzy polscy skoczkowie po\u0107wiczyli indywidualnie i przygotowali si\u0119 na Zakopane &#8211; przyznaje nasz rozm\u00f3wca.<\/p>\n<p>Nie ma powtarzalno\u015bci<\/p>\n<p class=\"contentpart contentpart--default contentpart--text\" data-position=\"14\">Jarz\u0105bek m\u00f3wi\u0142 r\u00f3wnie\u017c, \u017ce nawet je\u015bli zawodnicy szykuj\u0105 form\u0119 na igrzyska olimpijskie, potrzebuj\u0105 wyst\u0119p\u00f3w, kt\u00f3re daj\u0105 im wiar\u0119 w sukces.<\/p>\n<p> <img role=\"presentation\" src=\"https:\/\/std.wpcdn.pl\/images\/adv\/placeholder_wp.svg\" loading=\"lazy\" alt=\"\" decoding=\"async\"\/>  <\/p>\n<p class=\"contentpart contentpart--default contentpart--text\" data-position=\"15\">W innym wypadku stres si\u0119 nawarstwia. &#8211; W\u00f3wczas szalenie trudno o zadowalaj\u0105cy ko\u0144cowy wynik. Tymczasem po TCS Puchar \u015awiata przenosi si\u0119 do Zakopanego, gdzie presja i parcie na dobry rezultat u siebie te\u017c s\u0105 ogromne. Wkr\u00f3tce p\u00f3\u017aniej igrzyska we W\u0142oszech. Powo\u0142ania na dzi\u015b nie mo\u017ce by\u0107 pewny nikt opr\u00f3cz Kacpra Tomasiaka &#8211; podkre\u015bla dzia\u0142acz.<\/p>\n<p class=\"contentpart contentpart--default contentpart--text\" data-position=\"16\">&#8211; Brakuje nam przede wszystkim powtarzalno\u015bci, poza Kacprem, a jak jej nie ma, to nie ma niczego. Jeste\u015bmy dobrze przygotowani fizycznie, ale robimy b\u0142\u0119dy techniczne. Czo\u0142\u00f3wka lata agresywnie, szybciej, lepiej zachowuje si\u0119 na progu. W tym elemencie tak\u017ce Tomasiak ma pole do poprawy, a wtedy b\u0119dzie pi\u0119knie. Najgorsze jest to, \u017ce skaczemy wiele metr\u00f3w bli\u017cej od czo\u0142\u00f3wki i tracimy w ostatecznym rozrachunku do niej multum punkt\u00f3w. Nie jest dobrze &#8211; podsumowuje Rafa\u0142 Kot.<\/p>\n<p class=\"contentpart contentpart--default contentpart--text\" data-position=\"17\">Bogumi\u0142 Burczyk, dziennikarz WP SportoweFakty<\/p>\n","protected":false},"excerpt":{"rendered":"Po niez\u0142ym otwarciu sezonu w Lillehammer, \u015brodowisko polskich skok\u00f3w narciarskich wyczekiwa\u0142o poprawy pewnych detali i odrodzenia Bia\u0142o-Czerwonych po&hellip;\n","protected":false},"author":2,"featured_media":162891,"comment_status":"","ping_status":"","sticky":false,"template":"","format":"standard","meta":{"footnotes":""},"categories":[24],"tags":[17240,32293,6799,2741,17243,42,38,40,39,41,13539,25217,1538,127,126,447,29423],"class_list":{"0":"post-162890","1":"post","2":"type-post","3":"status-publish","4":"format-standard","5":"has-post-thumbnail","7":"category-sport","8":"tag-dawid-kubacki","9":"tag-jozef-jarzabek","10":"tag-kacper-tomasiak","11":"tag-kamil-stoch","12":"tag-piotr-zyla","13":"tag-pl","14":"tag-poland","15":"tag-polish","16":"tag-polska","17":"tag-polski","18":"tag-ps-w-skokach-narciarskich","19":"tag-rafal-kot","20":"tag-skoki-narciarskie","21":"tag-sport","22":"tag-sports","23":"tag-sporty-zimowe","24":"tag-turniej-czterech-skoczni"},"share_on_mastodon":{"url":"https:\/\/pubeurope.com\/@pl\/115757089978431936","error":""},"_links":{"self":[{"href":"https:\/\/www.europesays.com\/pl\/wp-json\/wp\/v2\/posts\/162890","targetHints":{"allow":["GET"]}}],"collection":[{"href":"https:\/\/www.europesays.com\/pl\/wp-json\/wp\/v2\/posts"}],"about":[{"href":"https:\/\/www.europesays.com\/pl\/wp-json\/wp\/v2\/types\/post"}],"author":[{"embeddable":true,"href":"https:\/\/www.europesays.com\/pl\/wp-json\/wp\/v2\/users\/2"}],"replies":[{"embeddable":true,"href":"https:\/\/www.europesays.com\/pl\/wp-json\/wp\/v2\/comments?post=162890"}],"version-history":[{"count":0,"href":"https:\/\/www.europesays.com\/pl\/wp-json\/wp\/v2\/posts\/162890\/revisions"}],"wp:featuredmedia":[{"embeddable":true,"href":"https:\/\/www.europesays.com\/pl\/wp-json\/wp\/v2\/media\/162891"}],"wp:attachment":[{"href":"https:\/\/www.europesays.com\/pl\/wp-json\/wp\/v2\/media?parent=162890"}],"wp:term":[{"taxonomy":"category","embeddable":true,"href":"https:\/\/www.europesays.com\/pl\/wp-json\/wp\/v2\/categories?post=162890"},{"taxonomy":"post_tag","embeddable":true,"href":"https:\/\/www.europesays.com\/pl\/wp-json\/wp\/v2\/tags?post=162890"}],"curies":[{"name":"wp","href":"https:\/\/api.w.org\/{rel}","templated":true}]}}