{"id":162892,"date":"2025-12-21T10:29:11","date_gmt":"2025-12-21T10:29:11","guid":{"rendered":"https:\/\/www.europesays.com\/pl\/162892\/"},"modified":"2025-12-21T10:29:11","modified_gmt":"2025-12-21T10:29:11","slug":"maz-agnieszki-maciag-opublikowal-wpis-tuz-przed-swietami-oto-czego-go-nauczyla","status":"publish","type":"post","link":"https:\/\/www.europesays.com\/pl\/162892\/","title":{"rendered":"M\u0105\u017c Agnieszki Maci\u0105g opublikowa\u0142 wpis tu\u017c przed \u015bwi\u0119tami. Oto czego go nauczy\u0142a"},"content":{"rendered":"<p class=\"article-p\" data-section=\"detail-body\">\u015awiat medi\u00f3w zatrzyma\u0142 si\u0119 na chwil\u0119, gdy 27 listopada Robert Wola\u0144ski poinformowa\u0142 za po\u015brednictwem medi\u00f3w spo\u0142eczno\u015bciowych, \u017ce w wieku 56 lat zmar\u0142a jego ukochana \u017cona. Agnieszka Maci\u0105g chorowa\u0142a na nowotw\u00f3r, kt\u00f3ry na nowo zaatakowa\u0142 jej organizm w marcu. 15 grudnia na warszawskich Pow\u0105zkach Wojskowych odby\u0142 si\u0119 pogrzeb uwielbianej przez Polak\u00f3w pisarki.<\/p>\n<p>        Pierwsze \u015bwi\u0119ta Roberta Wola\u0144skiego bez Agnieszki Maci\u0105g<\/p>\n<p class=\"article-p\" data-section=\"detail-body\">Robert Wola\u0144ski zapowiedzia\u0142 ju\u017c jaki\u015b czas temu, \u017ce b\u0119dzie prowadzi\u0142 instagramowe konto swojej ukochanej, by pami\u0119\u0107 o niej nie s\u0142ab\u0142a. Agnieszka Maci\u0105g, kt\u00f3ra kiedy\u015b robi\u0142a karier\u0119 jako piosenkarka oraz modelka, w ostatnich latach skupia\u0142a si\u0119 na motywacyjnych spotkaniach z fankami oraz pisaniu ksi\u0105\u017cek. By\u0142a te\u017c \u015bwietn\u0105 kuchark\u0105, o czym w najnowszym wpisie napisa\u0142 jej m\u0105\u017c.<\/p>\n<p class=\"article-p\" data-section=\"detail-body\">&#8222;Kiedy pozna\u0142em Agnieszk\u0119, mia\u0142em nieco inne \u015bwi\u0105teczne menu wyniesione z mojego domu. Wychowywa\u0142a mnie babcia i dla mnie by\u0142a kr\u00f3low\u0105 kuchni. Od dziecka pomaga\u0142em jej przygotowa\u0107 domowej roboty makaron. T\u0142uk\u0142em kotlety schabowe i klei\u0142em pierogi. Kiedy jednak zacz\u0119li\u015bmy wsp\u00f3lnie z Agnieszk\u0105 gotowa\u0107 i przygotowywa\u0107 potrawy na Wigili\u0119, odkry\u0142em kilka potraw, kt\u00f3re szczerze mnie zaskoczy\u0142y. Jedn\u0105 z nich by\u0142a ryba faszerowana. Na Wigili\u0119 z karpia. To by\u0142a pozycja obowi\u0105zkowa uwielbiana przez Micha\u0142a i przeze mnie. To potrawa z rodzinnego domu Agnieszki obecna zawsze na ich wigilijnym stole. Dzisiaj te\u017c miel\u0119 ryb\u0119 kilka razy. Formuj\u0119. Gotuj\u0119 z przyprawami, kt\u00f3re przenikaj\u0105 do \u015brodka i daj\u0105 smak, kt\u00f3ry na zawsze ju\u017c b\u0119dzie smakiem \u015bwi\u0105t&#8221; \u2014 mo\u017cna przeczyta\u0107.<\/p>\n<p class=\"article-p\" data-section=\"detail-body\">Agnieszka Maci\u0105g pozostanie w pami\u0119ci jako kobieta, kt\u00f3ra nie tylko b\u0142yszcza\u0142a na wybiegach, ale r\u00f3wnie\u017c potrafi\u0142a inspirowa\u0107 do refleksji i zmian. Jej odej\u015bcie to niepowetowana strata dla polskiej kultury oraz dla wszystkich, kt\u00f3rych poruszy\u0142a jej tw\u00f3rczo\u015b\u0107.<\/p>\n<p class=\"article-p\" data-section=\"detail-body\"><a href=\"https:\/\/ludzie.fakt.pl\/pogrzeb-agnieszki-maciag-pozegnala-ja-87-letnia-byla-tesciowa\/q7mwkbz\" id=\"9f2469a9-7b71-4fea-9626-caab794b64c6\" rel=\"nofollow noopener\" target=\"_blank\">By\u0142a te\u015bciowa Agnieszki Maci\u0105g pojawi\u0142a si\u0119 na pogrzebie. Pi\u0119kny gest 87-latki<\/a><\/p>\n<p class=\"article-p\" data-section=\"detail-body\"><a href=\"https:\/\/ludzie.fakt.pl\/na-co-chorowala-agnieszka-maciag-jej-reakcja-na-diagnoze-byla-wymowna\/dxb1ps3\" id=\"c93db9bd-7e78-413d-a946-63619af07182\" rel=\"nofollow noopener\" target=\"_blank\">Agnieszka Maci\u0105g o diagnozie. Do ko\u0144ca walczy\u0142a o harmoni\u0119 i szcz\u0119\u015bcie<\/a><\/p>\n<p class=\"article-p\" data-section=\"detail-body\"><a href=\"https:\/\/ludzie.fakt.pl\/agnieszka-maciag-miala-dwoch-mezow-jej-tesciowa-byla-slynna-aktorka\/jymvbkk\" id=\"a91aed58-58e2-4362-a381-81005e9bb6f6\" rel=\"nofollow noopener\" target=\"_blank\">Odesz\u0142a Agnieszka Maci\u0105g. Nowe szczeg\u00f3\u0142y o jej relacjach z Barbar\u0105 Wrzesi\u0144sk\u0105<\/a><\/p>\n","protected":false},"excerpt":{"rendered":"\u015awiat medi\u00f3w zatrzyma\u0142 si\u0119 na chwil\u0119, gdy 27 listopada Robert Wola\u0144ski poinformowa\u0142 za po\u015brednictwem medi\u00f3w spo\u0142eczno\u015bciowych, \u017ce w&hellip;\n","protected":false},"author":2,"featured_media":162893,"comment_status":"","ping_status":"","sticky":false,"template":"","format":"standard","meta":{"footnotes":""},"categories":[22],"tags":[122,42,38,40,39,41,123],"class_list":{"0":"post-162892","1":"post","2":"type-post","3":"status-publish","4":"format-standard","5":"has-post-thumbnail","7":"category-rozrywka","8":"tag-entertainment","9":"tag-pl","10":"tag-poland","11":"tag-polish","12":"tag-polska","13":"tag-polski","14":"tag-rozrywka"},"share_on_mastodon":{"url":"https:\/\/pubeurope.com\/@pl\/115757093101749659","error":""},"_links":{"self":[{"href":"https:\/\/www.europesays.com\/pl\/wp-json\/wp\/v2\/posts\/162892","targetHints":{"allow":["GET"]}}],"collection":[{"href":"https:\/\/www.europesays.com\/pl\/wp-json\/wp\/v2\/posts"}],"about":[{"href":"https:\/\/www.europesays.com\/pl\/wp-json\/wp\/v2\/types\/post"}],"author":[{"embeddable":true,"href":"https:\/\/www.europesays.com\/pl\/wp-json\/wp\/v2\/users\/2"}],"replies":[{"embeddable":true,"href":"https:\/\/www.europesays.com\/pl\/wp-json\/wp\/v2\/comments?post=162892"}],"version-history":[{"count":0,"href":"https:\/\/www.europesays.com\/pl\/wp-json\/wp\/v2\/posts\/162892\/revisions"}],"wp:featuredmedia":[{"embeddable":true,"href":"https:\/\/www.europesays.com\/pl\/wp-json\/wp\/v2\/media\/162893"}],"wp:attachment":[{"href":"https:\/\/www.europesays.com\/pl\/wp-json\/wp\/v2\/media?parent=162892"}],"wp:term":[{"taxonomy":"category","embeddable":true,"href":"https:\/\/www.europesays.com\/pl\/wp-json\/wp\/v2\/categories?post=162892"},{"taxonomy":"post_tag","embeddable":true,"href":"https:\/\/www.europesays.com\/pl\/wp-json\/wp\/v2\/tags?post=162892"}],"curies":[{"name":"wp","href":"https:\/\/api.w.org\/{rel}","templated":true}]}}