{"id":162961,"date":"2025-12-21T11:07:11","date_gmt":"2025-12-21T11:07:11","guid":{"rendered":"https:\/\/www.europesays.com\/pl\/162961\/"},"modified":"2025-12-21T11:07:11","modified_gmt":"2025-12-21T11:07:11","slug":"putin-ostrzega-europe-przed-blokada-krolewca-eskalacja-na-niespotykana-skale-natemat-pl","status":"publish","type":"post","link":"https:\/\/www.europesays.com\/pl\/162961\/","title":{"rendered":"Putin ostrzega Europ\u0119 przed blokad\u0105 Kr\u00f3lewca. &quot;Eskalacja na niespotykan\u0105 skal\u0119&quot; &#8211; naTemat.pl"},"content":{"rendered":"<ol>\n<li><a href=\"https:\/\/news.google.com\/rss\/articles\/CBMipAFBVV95cUxPendSNURvN0JaRThpUkJJZ0RHR01DZGdGWUlZcGFUaDdLeXNnYTFzR29Ba1ZTdVp0Nk1DWlpuNXBkNGR2dE5OSXRJazFaR25CazR2cFJoQTRIcGFkZWFjTjFNbFNZeWRaUldzUDJ1ZTdER1U0ZGRDdnBRLTJpQk1kaEc4cXhPall5UVkwcFQ5ejE3eW14RklYdUdrZllWbFJjenMtaA?oc=5\" target=\"_blank\" rel=\"nofollow noopener\">Putin ostrzega Europ\u0119 przed blokad\u0105 Kr\u00f3lewca. &#8222;Eskalacja na niespotykan\u0105 skal\u0119&#8221;<\/a>&nbsp;&nbsp;naTemat.pl<\/li>\n<li><a href=\"https:\/\/news.google.com\/rss\/articles\/CBMiqAFBVV95cUxOOEROT0RCRTdOVmJqR3I5SHNKRUhQa05kYjFxaTcwbzlFMGk0aTZNYVlFQ05XQjk2U3h5bVZfNmpYeXA1bV9wVzZlN1lna2lNMUVSMWRyenJJUjViWlVPVGFORE9JTW1NLWVXeXRuc29VSUwtVllsOTd2N2xQQmM0dnBYVDhlVTEzLUdyYmhNN3RSWktXTEpiTkk2dWdqUFdPaTNESVJrRk0?oc=5\" target=\"_blank\" rel=\"nofollow noopener\">W\u0142adimir Putin odgra\u017ca si\u0119 Europie. M\u00f3wi o obwodzie kr\u00f3lewieckim. &#8222;B\u0119dziemy eliminowa\u0107 zagro\u017cenia&#8221;<\/a>&nbsp;&nbsp;Onet Wiadomo\u015bci<\/li>\n<li><a href=\"https:\/\/news.google.com\/rss\/articles\/CBMioAFBVV95cUxOZWt1NVhEUXJYX1hrRWxiTnpjWGtKOWlfejFfQTRUcW9kdU13NDdka1JmcExadTJRODF5Z3RIOVFSVzN2WjdkS1pCZnBFTXYwXzB5dXB1X3QtTGxXZ1M1ZUFKWEFTZEhYamJBLVJVbk0wcUNvUkJBT3dWSlZxcmkxbTFpSHFpSjRpMTVlQ2dfSHoybzJSNHozNkJGUFk4djdH?oc=5\" target=\"_blank\" rel=\"nofollow noopener\">Wskaza\u0142 s\u0142aby punkt Rosji. Przypomnia\u0142 reakcj\u0119 Putina<\/a>&nbsp;&nbsp;o2<\/li>\n<li><a href=\"https:\/\/news.google.com\/rss\/articles\/CBMiswFBVV95cUxOU2JYMU1keGxxd2JJWmhEMkExMVp2STlqWVhQYlhsa0F1VjU5Y1htTFQxU3FPUkh0SlBCU1RxSnFwY2RERHByVGhER2xuRzdHZHk2LVdzUFF3dVVMa1owSjFlQ2RncnlsMlJBX1lCcmstdEhJZHhOZDJKbVNEb0p1M29wd0JPWXVQcGIwQ3ZUSHdDNnU4d09RT0xuV0F3ay1VejVPeXhwTnZNNERuckhhejJvWQ?oc=5\" target=\"_blank\" rel=\"nofollow noopener\">Dziennikarz BBC zapyta\u0142 o mo\u017cliwe &#8222;operacje specjalne&#8221;. Putin odpowiedzia\u0142<\/a>&nbsp;&nbsp;Gazeta<\/li>\n<li><a href=\"https:\/\/news.google.com\/rss\/articles\/CBMitgFBVV95cUxNckJGdkIybzFzX2hlR3lRYXRMMnFQaEVOU3RhbUppT0NFbU5MLWpZSW8zRDlJUTR5MUk0bkJWMUdxWlRuN25BbzBhS2lsc3RDZDFXZDZZY3NkTEdRbDNzX2J3VWVoQmhwaXBNWGE1Tm4zV1k5TzZZa3FaajVPc1JMNmNTOVpaZjFjT2otUDJuSV9QUWtEWEp3RUxsQzJUNjJobTFvWDA3bVFCaXo4MVBlcTRzalU4Zw?oc=5\" target=\"_blank\" rel=\"nofollow noopener\">Putin zabra\u0142 g\u0142os na temat potencjalnego ataku na Europ\u0119. &#8222;To wy walczycie z nami&#8221;<\/a>&nbsp;&nbsp;Wydarzenia w INTERIA.PL<\/li>\n<\/ol>\n","protected":false},"excerpt":{"rendered":"Putin ostrzega Europ\u0119 przed blokad\u0105 Kr\u00f3lewca. &#8222;Eskalacja na niespotykan\u0105 skal\u0119&#8221;&nbsp;&nbsp;naTemat.pl W\u0142adimir Putin odgra\u017ca si\u0119 Europie. M\u00f3wi o obwodzie&hellip;\n","protected":false},"author":2,"featured_media":162962,"comment_status":"","ping_status":"","sticky":false,"template":"","format":"standard","meta":{"footnotes":""},"categories":[14],"tags":[32,33,27,34,35,28,31,25,40,41,80,29,30,26,82,83,84],"class_list":{"0":"post-162961","1":"post","2":"type-post","3":"status-publish","4":"format-standard","5":"has-post-thumbnail","7":"category-swiat","8":"tag-breaking-news","9":"tag-breakingnews","10":"tag-headlines","11":"tag-latest-news","12":"tag-latestnews","13":"tag-naglowki","14":"tag-najwazniejsze-artykuly","15":"tag-news","16":"tag-polish","17":"tag-polski","18":"tag-swiat","19":"tag-top-stories","20":"tag-topstories","21":"tag-wiadomosci","22":"tag-world","23":"tag-world-news","24":"tag-worldnews"},"share_on_mastodon":{"url":"https:\/\/pubeurope.com\/@pl\/115757242452967264","error":""},"_links":{"self":[{"href":"https:\/\/www.europesays.com\/pl\/wp-json\/wp\/v2\/posts\/162961","targetHints":{"allow":["GET"]}}],"collection":[{"href":"https:\/\/www.europesays.com\/pl\/wp-json\/wp\/v2\/posts"}],"about":[{"href":"https:\/\/www.europesays.com\/pl\/wp-json\/wp\/v2\/types\/post"}],"author":[{"embeddable":true,"href":"https:\/\/www.europesays.com\/pl\/wp-json\/wp\/v2\/users\/2"}],"replies":[{"embeddable":true,"href":"https:\/\/www.europesays.com\/pl\/wp-json\/wp\/v2\/comments?post=162961"}],"version-history":[{"count":0,"href":"https:\/\/www.europesays.com\/pl\/wp-json\/wp\/v2\/posts\/162961\/revisions"}],"wp:featuredmedia":[{"embeddable":true,"href":"https:\/\/www.europesays.com\/pl\/wp-json\/wp\/v2\/media\/162962"}],"wp:attachment":[{"href":"https:\/\/www.europesays.com\/pl\/wp-json\/wp\/v2\/media?parent=162961"}],"wp:term":[{"taxonomy":"category","embeddable":true,"href":"https:\/\/www.europesays.com\/pl\/wp-json\/wp\/v2\/categories?post=162961"},{"taxonomy":"post_tag","embeddable":true,"href":"https:\/\/www.europesays.com\/pl\/wp-json\/wp\/v2\/tags?post=162961"}],"curies":[{"name":"wp","href":"https:\/\/api.w.org\/{rel}","templated":true}]}}