{"id":163001,"date":"2025-12-21T11:30:18","date_gmt":"2025-12-21T11:30:18","guid":{"rendered":"https:\/\/www.europesays.com\/pl\/163001\/"},"modified":"2025-12-21T11:30:18","modified_gmt":"2025-12-21T11:30:18","slug":"bosak-o-przyszlosci-konfederacji-co-potencjalna-koalicja-z-braunem","status":"publish","type":"post","link":"https:\/\/www.europesays.com\/pl\/163001\/","title":{"rendered":"Bosak o przysz\u0142o\u015bci Konfederacji. Co potencjaln\u0105 koalicj\u0105 z Braunem?"},"content":{"rendered":"<p>Krzysztof Bosak, lider Konfederacji, w\u00a0rozmowie z\u00a0Interi\u0105 odni\u00f3s\u0142 si\u0119 do rosn\u0105cego poparcia dla partii Grzegorza Brauna. &#8211;\u00a0Zaczekajmy na inne sonda\u017ce, zobaczymy czy to jest rzeczywi\u015bcie tendencja &#8211;\u00a0m\u00f3wi Bosak. Zwr\u00f3ci\u0142 on uwag\u0119, \u017ce inicjatywa Brauna przekracza pr\u00f3g wyborczy, co wskazuje na zapotrzebowanie wyborc\u00f3w na bardziej radykalny przekaz.<\/p>\n<p>Zdaniem Bosaka, Konfederacja pozostaje wierna swoim ideom i\u00a0nie planuje radykalizacji. &#8211;\u00a0Czasem trzeba powiedzie\u0107 co\u015b mocniej, czy by\u0107 gotowym do dzia\u0142a\u0144 ulicznych i\u00a0takie dzia\u0142ania r\u00f3wnie\u017c prowadzimy &#8211;\u00a0dodaje polityk, podkre\u015blaj\u0105c rol\u0119 manifestacji antyimigranckich.<\/p>\n<p>Brutalne pobicie. Wszystko nagrywali telefonem <\/p>\n<p>Zdaniem Bosaka, rosn\u0105ce poparcie dla Brauna wynika z\u00a0przesuni\u0119cia nastroj\u00f3w w\u00a0spo\u0142ecze\u0144stwie i\u00a0zm\u0119czenia obecnymi elitami politycznymi. &#8211;\u00a0To dlatego my zyskali\u015bmy popularno\u015b\u0107 &#8211;\u00a0twierdzi. <\/p>\n<p>Bosak zauwa\u017ca, \u017ce Grzegorz Braun przyci\u0105ga cz\u0119\u015b\u0107 wyborc\u00f3w PiS-u, co jest wynikiem niejasnego programu tej partii. &#8211;\u00a0Wyborcy, moim zdaniem, s\u0105 du\u017co bardziej przesuni\u0119ci na prawo ni\u017c oferta, kt\u00f3r\u0105 ma tzw. centroprawica &#8211;\u00a0komentuje.<\/p>\n<p>Na pytanie o\u00a0potencjaln\u0105 koalicj\u0119 z\u00a0Braunem, Bosak deklaruje otwarto\u015b\u0107 na wsp\u00f3\u0142prac\u0119 dla dobra Polski, cho\u0107 obecnie Konfederacja idzie w\u0142asn\u0105 drog\u0105. &#8211;\u00a0Dla dobra Polski jeste\u015bmy gotowi wsp\u00f3\u0142pracowa\u0107 z\u00a0ka\u017cdym &#8211;\u00a0m\u00f3wi.<\/p>\n<p>Odnosz\u0105c si\u0119 do sytuacji wewn\u0119trznej w\u00a0PiS, Bosak wskazuje na problem z\u00a0rywalizacj\u0105 publiczn\u0105 wewn\u0105trz partii, co mo\u017ce by\u0107 sygna\u0142em kryzysu. &#8211;\u00a0Jest to znak rozpr\u0119\u017cenia i\u00a0pewnej s\u0142abo\u015bci przyw\u00f3dztwa politycznego &#8211;\u00a0ocenia.<\/p>\n<p>Na koniec rozmowy, Bosak krytycznie oceni\u0142 dzia\u0142ania PiS w\u00a0kwestii ustawy dotycz\u0105c\u0105 ps\u00f3w. &#8211;\u00a0Mam wra\u017cenie, \u017ce pos\u0142owie czasem w\u00a0swoim legislacyjnym temperamencie nie s\u0105 ograniczeni absolutnie niczym poza granicami swojej wyobra\u017ani &#8211;\u00a0stwierdza.<\/p>\n<p>Bosak pozytywnie zareagowa\u0142 na plany rz\u0105du dotycz\u0105ce Ukrai\u0144c\u00f3w, widz\u0105c w\u00a0nich realizacj\u0119 postulat\u00f3w Konfederacji. &#8211;\u00a0Po prostu ciesz\u0119 si\u0119, \u017ce rz\u0105dz\u0105cy zaczynaj\u0105 przymierza\u0107 si\u0119 do realizacji naszych postulat\u00f3w &#8211;\u00a0wyra\u017ca zadowolenie.<\/p>\n","protected":false},"excerpt":{"rendered":"Krzysztof Bosak, lider Konfederacji, w\u00a0rozmowie z\u00a0Interi\u0105 odni\u00f3s\u0142 si\u0119 do rosn\u0105cego poparcia dla partii Grzegorza Brauna. &#8211;\u00a0Zaczekajmy na inne&hellip;\n","protected":false},"author":2,"featured_media":163002,"comment_status":"","ping_status":"","sticky":false,"template":"","format":"standard","meta":{"footnotes":""},"categories":[5],"tags":[32,33,36,37,27,34,35,28,31,25,42,38,40,39,41,29,30,26],"class_list":{"0":"post-163001","1":"post","2":"type-post","3":"status-publish","4":"format-standard","5":"has-post-thumbnail","7":"category-naglowki","8":"tag-breaking-news","9":"tag-breakingnews","10":"tag-featured-news","11":"tag-featurednews","12":"tag-headlines","13":"tag-latest-news","14":"tag-latestnews","15":"tag-naglowki","16":"tag-najwazniejsze-artykuly","17":"tag-news","18":"tag-pl","19":"tag-poland","20":"tag-polish","21":"tag-polska","22":"tag-polski","23":"tag-top-stories","24":"tag-topstories","25":"tag-wiadomosci"},"share_on_mastodon":{"url":"https:\/\/pubeurope.com\/@pl\/115757332834674236","error":""},"_links":{"self":[{"href":"https:\/\/www.europesays.com\/pl\/wp-json\/wp\/v2\/posts\/163001","targetHints":{"allow":["GET"]}}],"collection":[{"href":"https:\/\/www.europesays.com\/pl\/wp-json\/wp\/v2\/posts"}],"about":[{"href":"https:\/\/www.europesays.com\/pl\/wp-json\/wp\/v2\/types\/post"}],"author":[{"embeddable":true,"href":"https:\/\/www.europesays.com\/pl\/wp-json\/wp\/v2\/users\/2"}],"replies":[{"embeddable":true,"href":"https:\/\/www.europesays.com\/pl\/wp-json\/wp\/v2\/comments?post=163001"}],"version-history":[{"count":0,"href":"https:\/\/www.europesays.com\/pl\/wp-json\/wp\/v2\/posts\/163001\/revisions"}],"wp:featuredmedia":[{"embeddable":true,"href":"https:\/\/www.europesays.com\/pl\/wp-json\/wp\/v2\/media\/163002"}],"wp:attachment":[{"href":"https:\/\/www.europesays.com\/pl\/wp-json\/wp\/v2\/media?parent=163001"}],"wp:term":[{"taxonomy":"category","embeddable":true,"href":"https:\/\/www.europesays.com\/pl\/wp-json\/wp\/v2\/categories?post=163001"},{"taxonomy":"post_tag","embeddable":true,"href":"https:\/\/www.europesays.com\/pl\/wp-json\/wp\/v2\/tags?post=163001"}],"curies":[{"name":"wp","href":"https:\/\/api.w.org\/{rel}","templated":true}]}}