{"id":163042,"date":"2025-12-21T11:59:14","date_gmt":"2025-12-21T11:59:14","guid":{"rendered":"https:\/\/www.europesays.com\/pl\/163042\/"},"modified":"2025-12-21T11:59:14","modified_gmt":"2025-12-21T11:59:14","slug":"co-za-slowa-o-lewandowskim-jest-numerem-jeden","status":"publish","type":"post","link":"https:\/\/www.europesays.com\/pl\/163042\/","title":{"rendered":"Co za s\u0142owa o Lewandowskim. &#8222;Jest numerem jeden&#8221;"},"content":{"rendered":"\n<p class=\"contentpart contentpart--default contentpart--text\" data-position=\"0\"><a href=\"https:\/\/sportowefakty.wp.pl\/pilka-nozna\/fc-barcelona\" rel=\"nofollow noopener\" target=\"_blank\">FC Barcelona<\/a>\u00a0prze\u017cywa lepsze chwile od\u00a0<a href=\"https:\/\/sportowefakty.wp.pl\/pilka-nozna\/real-madryt\" rel=\"nofollow noopener\" target=\"_blank\">Realu Madryt<\/a>. Cho\u0107 &#8222;Kr\u00f3lewscy&#8221; trac\u0105 tylko punkt w tabeli La Liga do Katalo\u0144czyk\u00f3w, rozegrali mecz wi\u0119cej i od d\u0142u\u017cszego czasu znajduj\u0105 si\u0119 w ogniu krytyki za styl gry, pozostawiaj\u0105cy wiele do \u017cyczenia.<\/p>\n<p class=\"contentpart contentpart--default contentpart--text\" data-position=\"1\">Mimo to o FC Barcelonie wcale nie m\u00f3wi si\u0119 nader cz\u0119sto pozytywnie. &#8211; W pi\u0142ce no\u017cnej kluczowe s\u0105 statystyki, ale wa\u017cne tak\u017ce elementy estetyczne. Zesp\u00f3\u0142 Hansiego Flicka ma lepsze liczby ni\u017c w ubieg\u0142ym roku, jest skuteczniejszy, wi\u0119c znaczy, \u017ce spisuje si\u0119 lepiej &#8211; m\u00f3wi w rozmowie z WP SportoweFakty ekspert La Liga,\u00a0<a href=\"https:\/\/sportowefakty.wp.pl\/pilka-nozna\/piotr-urban\" rel=\"nofollow noopener\" target=\"_blank\">Piotr Urban<\/a>.<\/p>\n<p> <img role=\"presentation\" src=\"https:\/\/std.wpcdn.pl\/images\/adv\/placeholder_wp.svg\" loading=\"lazy\" alt=\"\" decoding=\"async\"\/>  <\/p>\n<p class=\"contentpart contentpart--default contentpart--text\" data-position=\"2\">ZOBACZ WIDEO: Brz\u0119czek musia\u0142 si\u0119 wkupi\u0107 do kadry? &#8222;Wtedy si\u0119 zdenerwowa\u0142em&#8221;<\/p>\n<p class=\"contentpart contentpart--default contentpart--text\" data-position=\"4\">&#8211; Z drugiej strony w obronie jest du\u017co niepewno\u015bci i b\u0142\u0119d\u00f3w, przez co optyka si\u0119 troch\u0119 zmienia. Dlatego FC Barcelon\u0119 cz\u0119sto ocenia si\u0119 krytycznie. Ja wstrzyma\u0142bym si\u0119 od jakich\u015b dalej id\u0105cych wniosk\u00f3w do niedzielnego spotkania z\u00a0<a href=\"https:\/\/sportowefakty.wp.pl\/pilka-nozna\/villarreal-cf\" rel=\"nofollow noopener\" target=\"_blank\">Villarrealem CF<\/a>. Ono nam wiele powie. Je\u015bli Katalo\u0144czycy wypadn\u0105 przekonuj\u0105co z trzeci\u0105 si\u0142\u0105 rozgrywek, wnioski nasun\u0105 si\u0119 same &#8211; dodaje ekspert Eleven Sports i Polsatu Sport.<\/p>\n<p>Trz\u0119sienie ziemi w Realu Madryt<\/p>\n<p class=\"contentpart contentpart--default contentpart--text\" data-position=\"6\">W tym samym czasie nad trenerem odwiecznego rywala &#8222;Barcy&#8221;, Realu, zbieraj\u0105 si\u0119 czarne chmury.\u00a0<a href=\"https:\/\/sportowefakty.wp.pl\/pilka-nozna\/xabi-alonso\" rel=\"nofollow noopener\" target=\"_blank\">Xabi Alonso<\/a>\u00a0traci poparcie i jest bliski zwolnienia.<\/p>\n<p> <img role=\"presentation\" src=\"https:\/\/std.wpcdn.pl\/images\/adv\/placeholder_wp.svg\" loading=\"lazy\" alt=\"\" decoding=\"async\"\/>  <\/p>\n<p class=\"contentpart contentpart--default contentpart--text\" data-position=\"7\">&#8211; Wszyscy chcieli, \u017ceby Alonso zanotowa\u0142 takie wej\u015bcie do dru\u017cyny, jak Flick w Barcelonie w ubieg\u0142ym roku. Cho\u0107 dalej zesp\u00f3\u0142 ma szans\u0119 na wszystkie trofea, Xabi nie u\u0142o\u017cy\u0142 sobie najlepiej relacji z szatni\u0105. Teraz podchodzi do pracy inaczej, skr\u00f3ci\u0142 odprawy przedmeczowe, pr\u00f3buje dogada\u0107 si\u0119 z Viniciusem, ale zetkn\u0105\u0142 si\u0119 z trudnym pocz\u0105tkiem &#8211; przyznaje Urban.<\/p>\n<p class=\"contentpart contentpart--default contentpart--text\" data-position=\"8\">Czy trener Realu powinien obawia\u0107 si\u0119 o posad\u0119? &#8211; By\u0142bym mocno zdziwiony, gdyby straci\u0142 prac\u0119. D\u0142ugo na niego czekali w Madrycie. Kto ma sobie tam poradzi\u0107, jak nie on? Trudno mi wskaza\u0107 godnego nast\u0119pc\u0119. Niby jest Zidane, ale czeka na szans\u0119 w reprezentacji Francji. M\u00f3wi si\u0119 o Kloppie, ale Niemiec powtarza, \u017ce nie wr\u00f3ci do trenowania dru\u017cyn. Zostaje\u00a0<a href=\"https:\/\/sportowefakty.wp.pl\/pilka-nozna\/alvaro-arbeloa\" rel=\"nofollow noopener\" target=\"_blank\">Alvaro Arbeloa<\/a>, dla kt\u00f3rego teraz to by\u0142by skok na zbyt g\u0142\u0119bok\u0105 wod\u0119 &#8211; przyznaje nasz rozm\u00f3wca.<\/p>\n<p>&#8222;Lewy&#8221; czeka na prze\u0142amanie. Ju\u017c wkr\u00f3tce od\u017cyje?<\/p>\n<p class=\"contentpart contentpart--default contentpart--text\" data-position=\"10\">Najlepszego czasu w &#8222;Dumie Katalonii&#8221; nie prze\u017cywaj\u0105 Polacy.\u00a0<a href=\"https:\/\/sportowefakty.wp.pl\/pilka-nozna\/robert-lewandowski\" rel=\"nofollow noopener\" target=\"_blank\">Robert Lewandowski<\/a>\u00a0czeka na trafienie blisko miesi\u0105c. W ostatnich czterech meczach, w kt\u00f3rych pojawia\u0142 si\u0119 na murawie, nie strzeli\u0142 gola.\u00a0<a href=\"https:\/\/sportowefakty.wp.pl\/pilka-nozna\/wojciech-szczesny\" rel=\"nofollow noopener\" target=\"_blank\">Wojciech Szcz\u0119sny<\/a>\u00a0nie ma szans na miejsce w podstawowym sk\u0142adzie.<\/p>\n<p> <img role=\"presentation\" src=\"https:\/\/std.wpcdn.pl\/images\/adv\/placeholder_wp.svg\" loading=\"lazy\" alt=\"\" decoding=\"async\"\/>  <\/p>\n<p class=\"contentpart contentpart--default contentpart--text\" data-position=\"11\">&#8211; Z Wojtkiem si\u0119 tego spodziewali\u015bmy, ale czu\u0107, \u017ce jest bardzo szanowany. To dobry duch szatni i wa\u017cny element FC Barcelony. Po to przed\u0142u\u017cono z nim kontrakt. Ma nieco inne zadania. Z kolei o Roberta jestem dziwnie spokojny. My\u015bl\u0119, \u017ce nadal b\u0119dzie oszukiwa\u0142 biologi\u0119. Na pewno musi si\u0119 poprawi\u0107 w Lidze Mistrz\u00f3w. Od napastnika tej klasy, w takim klubie, oczekuje si\u0119 goli w najwa\u017cniejszych rozgrywkach, tymczasem ich jeszcze nie ma &#8211; m\u00f3wi Urban.<\/p>\n<p>Typowanie<\/p>\n<p>Jaki b\u0119dzie wynik do 90 minuty meczu?<\/p>\n<p>   <img decoding=\"async\" src=\"https:\/\/www.europesays.com\/pl\/wp-content\/uploads\/2025\/12\/Mjg3Ni5wYgsGUThaGgxvHkUJbABcVWFIEhF0SxpPfRJfA2EaUwA9RBBDLQ1bWT0GSEcvDkZYe1NTBS9aBk94WwFWf19qQnxSXwF2.png\" alt=\"Villarreal CF\" width=\"80\" height=\"80\" loading=\"lazy\" class=\"logo\"\/> <\/p>\n<p>Villarreal CF<\/p>\n<p> Typuj wynik <\/p>\n<p> Typowanie zako\u0144czone <\/p>\n<p>   <img decoding=\"async\" src=\"https:\/\/www.europesays.com\/pl\/wp-content\/uploads\/2025\/12\/MDc2Ni5wYiUCUDhaGgxvMEEIbABcVWFmFhB0SxpPfTxbAmEaUwA9ahRCLQ1bWT0oTEYvDkZYeHEHAy9ZVhR1IltQL1FqQXt2VAJ5.png\" alt=\"FC Barcelona\" width=\"80\" height=\"80\" loading=\"lazy\" class=\"logo\"\/> <\/p>\n<p>FC Barcelona<\/p>\n<p>        Typowanie zako\u0144czy si\u0119 za: <br \/> Swoje typy znajdziesz w <a href=\"https:\/\/sportowefakty.wp.pl\/ustawienia\/typowanie\" rel=\"nofollow noopener\" target=\"_blank\">Panelu Kibica<\/a>     <img decoding=\"async\" loading=\"lazy\" width=\"52\" height=\"58\" src=\"https:\/\/sportowefakty.wpcdn.pl\/svg\/empty-states\/loader.svg\" alt=\"Trwa \u0142adowanie...\"\/>       <\/p>\n<p class=\"contentpart contentpart--default contentpart--text\" data-position=\"13\">I dodaje, \u017ce sytuacja &#8222;Lewego&#8221; wbrew pozorom wcale nie nale\u017cy do najgorszych. &#8211; Mia\u0142 pewne problemy zdrowotne, ale wr\u00f3ci\u0142 i strzela\u0142 gole. W ostatnio rozegranych spotkaniach pojawi\u0142y si\u0119 te\u017c s\u0142abe momenty w jego wykonaniu. Ferran Torres cz\u0119sto znajduje spos\u00f3b na zdobywanie goli, wi\u0119c rotacja w dru\u017cynie to co\u015b naturalnego. Flick ma ten komfort, \u017ce mo\u017ce korzysta\u0107 z dw\u00f3ch bramkostrzelnych napastnik\u00f3w, wi\u0119c daje im szanse. Roberta nie skre\u015bla\u0142bym przedwcze\u015bnie &#8211; podkre\u015bla ekspert od La Liga.<\/p>\n<p class=\"contentpart contentpart--default contentpart--text\" data-position=\"14\">Wci\u0105\u017c nie wiadomo, czy FC Barcelona przed\u0142u\u017cy kontrakt z Lewandowskim. Zgodnie z medialnymi doniesieniami Polak chcia\u0142by kontynuowa\u0107 gr\u0119 w Katalonii. Jakie musi spe\u0142ni\u0107 warunki, \u017ceby zapracowa\u0107 na now\u0105 umow\u0119?<\/p>\n<p> <img role=\"presentation\" src=\"https:\/\/std.wpcdn.pl\/images\/adv\/placeholder_wp.svg\" loading=\"lazy\" alt=\"\" decoding=\"async\"\/>  <\/p>\n<p class=\"contentpart contentpart--default contentpart--text\" data-position=\"15\">&#8211; Najpierw pogodzi\u0107 si\u0119 z inn\u0105 rol\u0105, bo mam powa\u017cne w\u0105tpliwo\u015bci, czy b\u0119dzie numerem &#8222;jeden&#8221; tak\u017ce w nast\u0119pnym sezonie. By\u0107 mo\u017ce tak, ale stuprocentowej pewno\u015bci nie ma. FC Barcelona pewnie ruszy na zakupy, by\u0107 mo\u017ce wdro\u017cenie nowego napastnika troch\u0119 potrwa. Obni\u017cka pensji raczej nie b\u0119dzie problemem, bo Robert zarobi\u0142 ju\u017c du\u017co, a nadal b\u0119dzie m\u00f3g\u0142 liczy\u0107 na godziwe wynagrodzenie. My\u015bl\u0119, \u017ce nie zabraknie mu ch\u0119ci, by pozosta\u0107 w Katalonii, wszystko zale\u017cy od jego postawy &#8211; przyznaje Urban.<\/p>\n<p>Potrzebowa\u0142 czasu, \u017ceby doj\u015b\u0107 do porozumienia z gwiazdami<\/p>\n<p class=\"contentpart contentpart--default contentpart--text\" data-position=\"17\">W La Liga &#8222;Lewy&#8221; zagra\u0142 w dwunastu meczach. Strzeli\u0142 w nich osiem goli. &#8211; To nie s\u0105 z\u0142e liczby. Kiedy\u015b Ronaldo i Messi strzelali po dwa gole, co mecz i przyzwyczaili\u015bmy si\u0119 do troch\u0119 innych standard\u00f3w. Jestem spokojny, \u017ce licznik na tym si\u0119 nie zatrzyma. Sytuacja jest bez zmian. Zostan\u0105 stworzone mu okazje, pojawi\u0105 si\u0119 kolejne trafienia. Nie s\u0105dz\u0119, \u017ce koledzy s\u0105 do Roberta uprzedzeni, jak twierdz\u0105 niekt\u00f3re media. To profesjonali\u015bci, kt\u00f3rzy zreszt\u0105 ceni\u0105 jego warsztat &#8211; zauwa\u017ca Urban.<\/p>\n<p> <img role=\"presentation\" src=\"https:\/\/std.wpcdn.pl\/images\/adv\/placeholder_wp.svg\" loading=\"lazy\" alt=\"\" decoding=\"async\"\/>  <\/p>\n<p class=\"contentpart contentpart--default contentpart--text\" data-position=\"18\">&#8211; My\u015bl\u0119, \u017ce Robert musia\u0142 si\u0119 troch\u0119 nauczy\u0107 panuj\u0105cych zwyczaj\u00f3w, a koledzy jego etyki pracy. To profesjonalista z prawdziwego zdarzenia. Chcia\u0142 pracowa\u0107 z du\u017c\u0105 intensywno\u015bci\u0105 i by\u0142 zdziwiony postaw\u0105 oraz zaanga\u017cowaniem niekt\u00f3rych koleg\u00f3w. Pewnie oni zmienili cz\u0119\u015b\u0107 przyzwyczaje\u0144, a Robert wi\u0119cej odpuszcza. Ju\u017c nie ma pretensji w trakcie spotka\u0144, koledzy go szukaj\u0105, wiedz\u0105, \u017ce gwarantuje bramki. W pi\u0142ce g\u0142\u00f3wnie chodzi o to, \u017ceby wygra\u0107 mecz &#8211; dodaje.<\/p>\n<p class=\"contentpart contentpart--default contentpart--text\" data-position=\"19\">Lewandowski od d\u0142u\u017cszego czasu jest \u0142\u0105czony z\u00a0<a href=\"https:\/\/sportowefakty.wp.pl\/pilka-nozna\/ac-milan\" rel=\"nofollow noopener\" target=\"_blank\">AC Milan<\/a>. W wy\u015bcigu o jego podpis s\u0105 tak\u017ce ameryka\u0144skie kluby.<\/p>\n<p class=\"contentpart contentpart--default contentpart--text\" data-position=\"20\">&#8211; Na pewno przedyskutuje sytuacj\u0119 z rodzin\u0105 i podejm\u0105 wsp\u00f3lnie w\u0142a\u015bciw\u0105 decyzj\u0119. Wa\u017cne jest w tym dobro dzieci. Barcelona to \u015bwietne miejsce do \u017cycia. Pi\u0142karze marz\u0105 o takich opcjach wyboru w ko\u0144c\u00f3wce kariery. Je\u015bli Robert zagra dobr\u0105 drug\u0105 cz\u0119\u015b\u0107 sezonu, jestem pewny, \u017ce kontrakt pojawi si\u0119 na stole i zapewne go podpisze. Sam jestem ciekawy rozwoju wypadk\u00f3w &#8211; podsumowuje Piotr Urban.<\/p>\n<p class=\"contentpart contentpart--default contentpart--text\" data-position=\"21\">Bogumi\u0142 Burczyk, dziennikarz WP SportoweFakty<\/p>\n","protected":false},"excerpt":{"rendered":"FC Barcelona\u00a0prze\u017cywa lepsze chwile od\u00a0Realu Madryt. Cho\u0107 &#8222;Kr\u00f3lewscy&#8221; trac\u0105 tylko punkt w tabeli La Liga do Katalo\u0144czyk\u00f3w, rozegrali&hellip;\n","protected":false},"author":2,"featured_media":163043,"comment_status":"","ping_status":"","sticky":false,"template":"","format":"standard","meta":{"footnotes":""},"categories":[24],"tags":[32305,272,538,269,540,24757,42,38,40,39,41,692,273,127,126,9405,29146],"class_list":{"0":"post-163042","1":"post","2":"type-post","3":"status-publish","4":"format-standard","5":"has-post-thumbnail","7":"category-sport","8":"tag-alvaro-arbeloa","9":"tag-fc-barcelona","10":"tag-la-liga","11":"tag-pilka-nozna","12":"tag-pilka-nozna-w-hiszpanii","13":"tag-piotr-urban","14":"tag-pl","15":"tag-poland","16":"tag-polish","17":"tag-polska","18":"tag-polski","19":"tag-real-madryt","20":"tag-robert-lewandowski","21":"tag-sport","22":"tag-sports","23":"tag-villarreal-cf","24":"tag-xabi-alonso"},"share_on_mastodon":{"url":"https:\/\/pubeurope.com\/@pl\/115757447737543324","error":""},"_links":{"self":[{"href":"https:\/\/www.europesays.com\/pl\/wp-json\/wp\/v2\/posts\/163042","targetHints":{"allow":["GET"]}}],"collection":[{"href":"https:\/\/www.europesays.com\/pl\/wp-json\/wp\/v2\/posts"}],"about":[{"href":"https:\/\/www.europesays.com\/pl\/wp-json\/wp\/v2\/types\/post"}],"author":[{"embeddable":true,"href":"https:\/\/www.europesays.com\/pl\/wp-json\/wp\/v2\/users\/2"}],"replies":[{"embeddable":true,"href":"https:\/\/www.europesays.com\/pl\/wp-json\/wp\/v2\/comments?post=163042"}],"version-history":[{"count":0,"href":"https:\/\/www.europesays.com\/pl\/wp-json\/wp\/v2\/posts\/163042\/revisions"}],"wp:featuredmedia":[{"embeddable":true,"href":"https:\/\/www.europesays.com\/pl\/wp-json\/wp\/v2\/media\/163043"}],"wp:attachment":[{"href":"https:\/\/www.europesays.com\/pl\/wp-json\/wp\/v2\/media?parent=163042"}],"wp:term":[{"taxonomy":"category","embeddable":true,"href":"https:\/\/www.europesays.com\/pl\/wp-json\/wp\/v2\/categories?post=163042"},{"taxonomy":"post_tag","embeddable":true,"href":"https:\/\/www.europesays.com\/pl\/wp-json\/wp\/v2\/tags?post=163042"}],"curies":[{"name":"wp","href":"https:\/\/api.w.org\/{rel}","templated":true}]}}