{"id":163118,"date":"2025-12-21T12:42:09","date_gmt":"2025-12-21T12:42:09","guid":{"rendered":"https:\/\/www.europesays.com\/pl\/163118\/"},"modified":"2025-12-21T12:42:09","modified_gmt":"2025-12-21T12:42:09","slug":"dominika-serowska-ceni-sobie-spokoj-w-sypialni-do-lozka-idziemy-po-wynik-onet","status":"publish","type":"post","link":"https:\/\/www.europesays.com\/pl\/163118\/","title":{"rendered":"Dominika Serowska ceni sobie spok\u00f3j w sypialni. &quot;Do \u0142\u00f3\u017cka idziemy po wynik&quot; &#8211; Onet"},"content":{"rendered":"<ol>\n<li><a href=\"https:\/\/news.google.com\/rss\/articles\/CBMixwFBVV95cUxOcDJjNXFhR2Fla0xwY09HZGpvSjZWY194WVhuUlVhM0IzUVRKSjRYTzBHY0Rrc3RwVWdIal91ZDJqd2NWa2JLS1NOYjZrWUdoM3JxeWV5dzBLeUVabXpRSUQzX3BmRTNNRlVlcmRhVzFwVm1XellnNU83VmZMQk1hUmViRjN1S0VwRUIxQml1N29MbWFSQ3k2ZHZkdnBSRzluLVVDNlVuV2c2SURPOThUbjBNUmtudlFja2E2a2ZLLUxrTXh6azU4?oc=5\" target=\"_blank\" rel=\"nofollow noopener\">Dominika Serowska ceni sobie spok\u00f3j w sypialni. &#8222;Do \u0142\u00f3\u017cka idziemy po wynik&#8221;<\/a>&nbsp;&nbsp;Onet<\/li>\n<li><a href=\"https:\/\/news.google.com\/rss\/articles\/CBMirgFBVV95cUxPZWJRRG5SSjRKY0t5UG80OVNKbEZtN1R3YkhBN1ZKT29SQ0t0cG1ER3ZHcEoyTl8zVmNEZmx4eXowdlA4YndjRktsTDBJRS1XeFlrOFJ5YWRIMUw1ME92OE1fc3JhY0w2VGlXeEhWZEdrOEl6Vk1TVnRaNnVDemg5cVVIaWxJeGJSdk5YUlNjX055OXBsaUVWZWNtWE5uRmttTUtHcU5qa014aXlpRXc?oc=5\" target=\"_blank\" rel=\"nofollow noopener\">Plotki o Serowskiej i Hakielu potwierdzi\u0142y si\u0119. Dominika wyzna\u0142a wprost<\/a>&nbsp;&nbsp;Pomponik.pl<\/li>\n<li><a href=\"https:\/\/news.google.com\/rss\/articles\/CBMiwAFBVV95cUxPLW1vN2Q3WTJLeU8teVdDSzhHZFRrQl9UX2tHRF9ELWRTa2tpYmdEYktpSHlMSU1KeVJmTEsySGdMT01CTnFUdEg5d044LTlzbkZTTnNDZDgtUWlSdWdZZDJSdHBKa3pxaExyS2lnTzU1bnRCN2l2dElpUU53b1c3R3haZFhSMUdlSkJRWG1VNGNCR3NFYnphVWp4bFgxdmxwQy1ZMVoxX1QwTDNweWZKWGhuSjFBRGdxckJvcDhsdlI?oc=5\" target=\"_blank\" rel=\"nofollow noopener\">Dominika Serowska nie \u015bpi z Marcinem Hakielem i zapewnia: &#8222;Do \u0142\u00f3\u017cka idziemy PO WYNIK&#8221;<\/a>&nbsp;&nbsp;Pudelek<\/li>\n<li><a href=\"https:\/\/news.google.com\/rss\/articles\/CBMirwFBVV95cUxNcmhHZzI4cENEZTNHU0YzQlR5YXgwLWtWOEJVTDVRTEdncjFac2VsNExfekg2TnE2c2Z4T0xkUzFMZTR6LTFXV3lsOE9PNmNRODBSc2FsU0g3OVhNN2lIS2NOTDQwZ05qeFZLQnJCazJJcnR5aDVqbzRLbjc3U3BWaWxvOUJvdFRSUkZ2eU9XT1VaY01WWUV4ZVFtams4SVBJNUQ2aTNTREE4TzBUMGlJ?oc=5\" target=\"_blank\" rel=\"nofollow noopener\">Dominika Serowska i Marcin Hakiel \u015bwi\u0119ta sp\u0119dz\u0105 z jedn\u0105 cz\u0119\u015bci\u0105 rodziny. Wiemy dlaczego<\/a>&nbsp;&nbsp;Plejada<\/li>\n<li><a href=\"https:\/\/news.google.com\/rss\/articles\/CBMivAFBVV95cUxNbnV2R1YtR2laVk9KdERpM3RPV1p1Z3VvQWdvLXU3M3dvZWw2ZzNra09rLVYzcjBUazBBSUlLSzNveVBsVnVMU1k4V0lPYkxNT29xVUxkcHZ2RkUtSERmZl8xMXRLUkZNbkpRelpaMTJFZ3dDa2lHcy1hTWxubER4VDNIWW5sdWpnUkF3NXRyazFVUER2Tkt4SkJpMUFLSG1XUEoxeXQxaUZhSnpxNDgyWkM1cFpzYy1YUUw5MA?oc=5\" target=\"_blank\" rel=\"nofollow noopener\">Hakiel zamieni\u0142 kulinarn\u0105 bogini\u0119 na kobiet\u0119 z &#8222;innymi talentami&#8221;. Czy to jego najwi\u0119kszy b\u0142\u0105d?<\/a>&nbsp;&nbsp;Styl.fm<\/li>\n<\/ol>\n","protected":false},"excerpt":{"rendered":"Dominika Serowska ceni sobie spok\u00f3j w sypialni. &#8222;Do \u0142\u00f3\u017cka idziemy po wynik&#8221;&nbsp;&nbsp;Onet Plotki o Serowskiej i Hakielu potwierdzi\u0142y&hellip;\n","protected":false},"author":2,"featured_media":163119,"comment_status":"","ping_status":"","sticky":false,"template":"","format":"standard","meta":{"footnotes":""},"categories":[22],"tags":[1857,122,67,261,1859,53,52,68,51,55,42,38,40,39,41,123,47,341,338,65,50],"class_list":{"0":"post-163118","1":"post","2":"type-post","3":"status-publish","4":"format-standard","5":"has-post-thumbnail","7":"category-rozrywka","8":"tag-dominika_serowska","9":"tag-entertainment","10":"tag-intextvideo_splayer","11":"tag-kultura","12":"tag-marcin_hakiel","13":"tag-new_header","14":"tag-onet3","15":"tag-onet3d","16":"tag-onet3d_2i","17":"tag-phx","18":"tag-pl","19":"tag-poland","20":"tag-polish","21":"tag-polska","22":"tag-polski","23":"tag-rozrywka","24":"tag-screening_general","25":"tag-tylko_w_onecie","26":"tag-tylko_w_plejadzie","27":"tag-update_me","28":"tag-v2021"},"share_on_mastodon":{"url":"https:\/\/pubeurope.com\/@pl\/115757615972892840","error":""},"_links":{"self":[{"href":"https:\/\/www.europesays.com\/pl\/wp-json\/wp\/v2\/posts\/163118","targetHints":{"allow":["GET"]}}],"collection":[{"href":"https:\/\/www.europesays.com\/pl\/wp-json\/wp\/v2\/posts"}],"about":[{"href":"https:\/\/www.europesays.com\/pl\/wp-json\/wp\/v2\/types\/post"}],"author":[{"embeddable":true,"href":"https:\/\/www.europesays.com\/pl\/wp-json\/wp\/v2\/users\/2"}],"replies":[{"embeddable":true,"href":"https:\/\/www.europesays.com\/pl\/wp-json\/wp\/v2\/comments?post=163118"}],"version-history":[{"count":0,"href":"https:\/\/www.europesays.com\/pl\/wp-json\/wp\/v2\/posts\/163118\/revisions"}],"wp:featuredmedia":[{"embeddable":true,"href":"https:\/\/www.europesays.com\/pl\/wp-json\/wp\/v2\/media\/163119"}],"wp:attachment":[{"href":"https:\/\/www.europesays.com\/pl\/wp-json\/wp\/v2\/media?parent=163118"}],"wp:term":[{"taxonomy":"category","embeddable":true,"href":"https:\/\/www.europesays.com\/pl\/wp-json\/wp\/v2\/categories?post=163118"},{"taxonomy":"post_tag","embeddable":true,"href":"https:\/\/www.europesays.com\/pl\/wp-json\/wp\/v2\/tags?post=163118"}],"curies":[{"name":"wp","href":"https:\/\/api.w.org\/{rel}","templated":true}]}}