{"id":163144,"date":"2025-12-21T13:01:11","date_gmt":"2025-12-21T13:01:11","guid":{"rendered":"https:\/\/www.europesays.com\/pl\/163144\/"},"modified":"2025-12-21T13:01:11","modified_gmt":"2025-12-21T13:01:11","slug":"oto-co-narzeczona-krzyczala-do-artura-szpilki-podczas-walki-wszystko-sie-nagralo-przeglad-sportowy-onet","status":"publish","type":"post","link":"https:\/\/www.europesays.com\/pl\/163144\/","title":{"rendered":"Oto co narzeczona krzycza\u0142a do Artura Szpilki podczas walki. Wszystko si\u0119 nagra\u0142o &#8211; Przegl\u0105d Sportowy Onet"},"content":{"rendered":"<ol>\n<li><a href=\"https:\/\/news.google.com\/rss\/articles\/CBMixwFBVV95cUxQYzdKellncTctVVZlYzVnUVRaNkZHTDZIUzJQaHJNckU4WHVPZzNKdE1hbHpSMHZRaTJlODhfSjA3Zm5SMjlHNlJHcFh0S3ZTMkE4Wk1FRl9wTXd3VS1ZaTFSQ1VVMVVrTEkwSHh4VkhlalZETi1Ud25DbWkwZnk4R0FTME8xRkNYT2RMb090M25EWFE5T3h3OFhPTno0YmJVVjZaS0pEbnQ1TFg5MzRNV2ZsaHNxaXZjOGdNU0s5RkxHUGpnQzlF?oc=5\" target=\"_blank\" rel=\"nofollow noopener\">Oto co narzeczona krzycza\u0142a do Artura Szpilki podczas walki. Wszystko si\u0119 nagra\u0142o<\/a>&nbsp;&nbsp;Przegl\u0105d Sportowy Onet<\/li>\n<li><a href=\"https:\/\/news.google.com\/rss\/articles\/CBMiqwFBVV95cUxNU1NGRFdFblh5bDRpZW9hdHdqZWItYjdYZjFUanYwYzVuVUk5dUV3RlBpX1RrM1VNOEcwOWp1YnRUQnhRMnYxNmpDWGFGRG5vRmw4SUhFa19HNnpSaEdpU2FRZGUycXdmT0thQmc2aTJGWF9nMEtmbDlzazJjSFA0NHpTdWVQMFpuc0tqeFNCTUJjMzNFZTh2cHBkckktLS1HOTRUeGtncU40aFE?oc=5\" target=\"_blank\" rel=\"nofollow noopener\">Show Artura Szpilki na KSW 113. Partnerka nie wytrzyma\u0142a, pola\u0142y si\u0119 \u0142zy<\/a>&nbsp;&nbsp;Sport w INTERIA.PL<\/li>\n<li><a href=\"https:\/\/news.google.com\/rss\/articles\/CBMinAFBVV95cUxQcjA2RTF3U3l0Q2I1bm5vTnlLTUVqWDNqMkpZRU1RRVZoMkhHVmlLdzRQMXlDOGQ0Z0RwbWUzM3FtN0tlMmZYQm5HTk1FUzhjS2tPQ3p4bGMxeURXMVFLYlR5RDRpMjhMaWZ1S1dmS0Y1MlFUbm1vU2F3ckNXbHZraE1RczFmTkRnYmM0am8wYS0ySDlBODFDeTRMX2I?oc=5\" target=\"_blank\" rel=\"nofollow noopener\">KSW Background: Artur Szpilka \/ Michal Martinek<\/a>&nbsp;&nbsp;CANAL+<\/li>\n<li><a href=\"https:\/\/news.google.com\/rss\/articles\/CBMipwFBVV95cUxQZWhrbXZsN012a3hiWmdiZFhoZncwNy1ENkVvV0FpVFgzR28wQ2JzZTJqOUp0Zmo0Q0x0VTVKSnlwNXE5aHZjYm5lblhybHR4MmZ5ZVhzaXpiS2poazNKVW5JazBRZ19GNUFkTkphbHBUT184REVMSWNaR0pQdUdxdjg4ODJ2Sng5YXA4RkhSVEdqSTBOaVZHX2h1bnY0bVZVZFNOUnZURQ?oc=5\" target=\"_blank\" rel=\"nofollow noopener\">Sceny w walce Artura Szpilki! Co za jatka, absolutne show!<\/a>&nbsp;&nbsp;Sport.pl<\/li>\n<li><a href=\"https:\/\/news.google.com\/rss\/articles\/CBMipAFBVV95cUxPaXN4VGEyQVhmVkN3LVRNZFFXU1diRnVfSXVTT1pscTlybl9SUmxBU0RSMU8waVhsYVNzNDgyR1FXaWt3bmF3YXowSHhKdWdoTDFoaXRYMDIxVHhUZVYyVkZ6ejNLSlF0d00wbmNOSmFaZGp6aGNJTVRaNl9qNTdXVDNidTNHQzdzU1Juek1lZXRKaC1vbTVnOVRBQXptb0RQREh5cQ?oc=5\" target=\"_blank\" rel=\"nofollow noopener\">Pot\u0119\u017cny nokaut Artura Szpilki. Po tym ciosie Mart\u00ednek znikn\u0105\u0142<\/a>&nbsp;&nbsp;Polskie Radio 24<\/li>\n<\/ol>\n","protected":false},"excerpt":{"rendered":"Oto co narzeczona krzycza\u0142a do Artura Szpilki podczas walki. Wszystko si\u0119 nagra\u0142o&nbsp;&nbsp;Przegl\u0105d Sportowy Onet Show Artura Szpilki na&hellip;\n","protected":false},"author":2,"featured_media":163145,"comment_status":"","ping_status":"","sticky":false,"template":"","format":"standard","meta":{"footnotes":""},"categories":[5],"tags":[13790,32,33,36,37,27,67,13883,1254,34,35,28,31,25,129,42,38,40,39,41,136,128,47,655,29,30,26,130],"class_list":{"0":"post-163144","1":"post","2":"type-post","3":"status-publish","4":"format-standard","5":"has-post-thumbnail","7":"category-naglowki","8":"tag-artur_szpilka","9":"tag-breaking-news","10":"tag-breakingnews","11":"tag-featured-news","12":"tag-featurednews","13":"tag-headlines","14":"tag-intextvideo_splayer","15":"tag-kamila_wybranczyk","16":"tag-ksw","17":"tag-latest-news","18":"tag-latestnews","19":"tag-naglowki","20":"tag-najwazniejsze-artykuly","21":"tag-news","22":"tag-ofsajd","23":"tag-pl","24":"tag-poland","25":"tag-polish","26":"tag-polska","27":"tag-polski","28":"tag-ps_detal_new","29":"tag-psv2","30":"tag-screening_general","31":"tag-styl_zycia_lifestyle_","32":"tag-top-stories","33":"tag-topstories","34":"tag-wiadomosci","35":"tag-wiadomosci_sportowe"},"share_on_mastodon":{"url":"https:\/\/pubeurope.com\/@pl\/115757690684769630","error":""},"_links":{"self":[{"href":"https:\/\/www.europesays.com\/pl\/wp-json\/wp\/v2\/posts\/163144","targetHints":{"allow":["GET"]}}],"collection":[{"href":"https:\/\/www.europesays.com\/pl\/wp-json\/wp\/v2\/posts"}],"about":[{"href":"https:\/\/www.europesays.com\/pl\/wp-json\/wp\/v2\/types\/post"}],"author":[{"embeddable":true,"href":"https:\/\/www.europesays.com\/pl\/wp-json\/wp\/v2\/users\/2"}],"replies":[{"embeddable":true,"href":"https:\/\/www.europesays.com\/pl\/wp-json\/wp\/v2\/comments?post=163144"}],"version-history":[{"count":0,"href":"https:\/\/www.europesays.com\/pl\/wp-json\/wp\/v2\/posts\/163144\/revisions"}],"wp:featuredmedia":[{"embeddable":true,"href":"https:\/\/www.europesays.com\/pl\/wp-json\/wp\/v2\/media\/163145"}],"wp:attachment":[{"href":"https:\/\/www.europesays.com\/pl\/wp-json\/wp\/v2\/media?parent=163144"}],"wp:term":[{"taxonomy":"category","embeddable":true,"href":"https:\/\/www.europesays.com\/pl\/wp-json\/wp\/v2\/categories?post=163144"},{"taxonomy":"post_tag","embeddable":true,"href":"https:\/\/www.europesays.com\/pl\/wp-json\/wp\/v2\/tags?post=163144"}],"curies":[{"name":"wp","href":"https:\/\/api.w.org\/{rel}","templated":true}]}}