{"id":163170,"date":"2025-12-21T13:17:08","date_gmt":"2025-12-21T13:17:08","guid":{"rendered":"https:\/\/www.europesays.com\/pl\/163170\/"},"modified":"2025-12-21T13:17:08","modified_gmt":"2025-12-21T13:17:08","slug":"beckhamowie-odobserwowali-syna-na-instagramie-to-nie-koniec","status":"publish","type":"post","link":"https:\/\/www.europesays.com\/pl\/163170\/","title":{"rendered":"Beckhamowie odobserwowali syna na Instagramie! To nie koniec"},"content":{"rendered":"<p>Caroline Derpienski o\u00a0relacji z\u00a0matk\u0105. &#8222;Powiedzia\u0142a, \u017ce nie zas\u0142uguj\u0119 na\u00a0milionera i\u00a0\u017cycie w\u00a0Miami&#8221; <\/p>\n<p>Niestety, nic bardziej mylnego. Wed\u0142ug najnowszych ustale\u0144, familia wcale nie zbli\u017ca si\u0119 do zako\u0144czenia konfliktu. Potwierdza\u0107 maj\u0105 to ich ostatnie dzia\u0142ania na Instagramie. Brooklyn odobserwowa\u0142 bowiem profile rodzic\u00f3w. To samo poczyni\u0142a jego ukochana. Co wi\u0119cej, Victoria i\u00a0David te\u017c postanowili odwdzi\u0119czy\u0107 im si\u0119 unfollow. Jednocze\u015bnie para wci\u0105\u017c obserwuje swoich m\u0142odszych syn\u00f3w. Oni za\u015b nie followuj\u0105 ju\u017c starszego brata, a\u00a0on ich. Jak wiemy, w\u00a0\u015bwiecie celebryt\u00f3w tego typu dzia\u0142ania maj\u0105 olbrzymie znaczenie i\u00a0s\u0105 najwi\u0119kszym wyrazem wzajemnej niech\u0119ci.<\/p>\n<p>Przypominamy, \u017ce jeszcze niedawno informator &#8222;People&#8221; donosi\u0142, \u017ce w\u00a0relacji Brooklyna z\u00a0rodzin\u0105 nic nie jest jeszcze przes\u0105dzone, a\u00a0Victoria i\u00a0David chc\u0105 odzyska\u0107 syna.<\/p>\n<p>Sytuacja zdecydowanie nie jest nie do naprawienia. Kochaj\u0105 go i\u00a0zawsze przy nim b\u0119d\u0105. S\u0105 po prostu zranieni i\u00a0rozczarowani, \u017ce teraz nie odgrywa ju\u017c \u017cadnej roli w\u00a0\u017cyciu rodzinnym &#8211; informowano.<\/p>\n<p>My\u015blicie, \u017ce w\u00a0ko\u0144cu odpu\u015bcili?<\/p>\n","protected":false},"excerpt":{"rendered":"Caroline Derpienski o\u00a0relacji z\u00a0matk\u0105. &#8222;Powiedzia\u0142a, \u017ce nie zas\u0142uguj\u0119 na\u00a0milionera i\u00a0\u017cycie w\u00a0Miami&#8221; Niestety, nic bardziej mylnego. Wed\u0142ug najnowszych ustale\u0144,&hellip;\n","protected":false},"author":2,"featured_media":163171,"comment_status":"","ping_status":"","sticky":false,"template":"","format":"standard","meta":{"footnotes":""},"categories":[22],"tags":[122,42,38,40,39,41,123],"class_list":{"0":"post-163170","1":"post","2":"type-post","3":"status-publish","4":"format-standard","5":"has-post-thumbnail","7":"category-rozrywka","8":"tag-entertainment","9":"tag-pl","10":"tag-poland","11":"tag-polish","12":"tag-polska","13":"tag-polski","14":"tag-rozrywka"},"share_on_mastodon":{"url":"https:\/\/pubeurope.com\/@pl\/115757753684729261","error":""},"_links":{"self":[{"href":"https:\/\/www.europesays.com\/pl\/wp-json\/wp\/v2\/posts\/163170","targetHints":{"allow":["GET"]}}],"collection":[{"href":"https:\/\/www.europesays.com\/pl\/wp-json\/wp\/v2\/posts"}],"about":[{"href":"https:\/\/www.europesays.com\/pl\/wp-json\/wp\/v2\/types\/post"}],"author":[{"embeddable":true,"href":"https:\/\/www.europesays.com\/pl\/wp-json\/wp\/v2\/users\/2"}],"replies":[{"embeddable":true,"href":"https:\/\/www.europesays.com\/pl\/wp-json\/wp\/v2\/comments?post=163170"}],"version-history":[{"count":0,"href":"https:\/\/www.europesays.com\/pl\/wp-json\/wp\/v2\/posts\/163170\/revisions"}],"wp:featuredmedia":[{"embeddable":true,"href":"https:\/\/www.europesays.com\/pl\/wp-json\/wp\/v2\/media\/163171"}],"wp:attachment":[{"href":"https:\/\/www.europesays.com\/pl\/wp-json\/wp\/v2\/media?parent=163170"}],"wp:term":[{"taxonomy":"category","embeddable":true,"href":"https:\/\/www.europesays.com\/pl\/wp-json\/wp\/v2\/categories?post=163170"},{"taxonomy":"post_tag","embeddable":true,"href":"https:\/\/www.europesays.com\/pl\/wp-json\/wp\/v2\/tags?post=163170"}],"curies":[{"name":"wp","href":"https:\/\/api.w.org\/{rel}","templated":true}]}}