{"id":163188,"date":"2025-12-21T13:30:10","date_gmt":"2025-12-21T13:30:10","guid":{"rendered":"https:\/\/www.europesays.com\/pl\/163188\/"},"modified":"2025-12-21T13:30:10","modified_gmt":"2025-12-21T13:30:10","slug":"zuzel-komarnicki-wytypowal-kolejnosc-w-pge-ekstralidze-gkm-popelnil-blad-z-transferem-drabika","status":"publish","type":"post","link":"https:\/\/www.europesays.com\/pl\/163188\/","title":{"rendered":"\u017bu\u017cel. Komarnicki wytypowa\u0142 kolejno\u015b\u0107 w PGE Ekstralidze. GKM pope\u0142ni\u0142 b\u0142\u0105d z transferem Drabika?!"},"content":{"rendered":"\n<p class=\"contentpart contentpart--default contentpart--text\" data-position=\"0\">Wi\u0119kszo\u015b\u0107 ekspert\u00f3w chwali grudzi\u0105dzan za sprowadzenie Maksyma Drabika i uwa\u017ca, \u017ce dzi\u0119ki temu ruchowi dru\u017cyna Roberta Ko\u015bciechy b\u0119dzie jeszcze silniejsza. By\u0142y prezes <a href=\"https:\/\/sportowefakty.wp.pl\/zuzel\/gezet-stal-gorzow\" rel=\"nofollow noopener\" target=\"_blank\">Stali Gorz\u00f3w<\/a>\u00a0m\u00f3wi jednak o du\u017cym ryzyku. &#8211; Maksym Drabik ma za sob\u0105 \u015bwietny sezon, ale dla mnie ten zawodnik nadal pozostaje wielk\u0105 zagadk\u0105. Nie za\u0142o\u017cy\u0142bym si\u0119, \u017ce w dalszym ci\u0105gu b\u0119dzie tak powtarzalny. W swojej karierze przerabia\u0142 ju\u017c r\u00f3\u017cne historie, wi\u0119c nie jest gwarancj\u0105 punkt\u00f3w &#8211; przekonuje by\u0142y dzia\u0142acz.<\/p>\n<p> <img role=\"presentation\" src=\"https:\/\/std.wpcdn.pl\/images\/adv\/placeholder_wp.svg\" loading=\"lazy\" alt=\"\" decoding=\"async\"\/>  <\/p>\n<p class=\"contentpart contentpart--default contentpart--text\" data-position=\"1\"><a href=\"https:\/\/sportowefakty.wp.pl\/zuzel\/wladyslaw-komarnicki\" rel=\"nofollow noopener\" target=\"_blank\">Komarnicki<\/a>\u00a0uwa\u017ca r\u00f3wnie\u017c, \u017ce bardzo trudny sezon po zmianach kadrowych czeka ekip\u0119 z Lublina. &#8211; Nie widz\u0119 ich w finale. Warto\u015b\u0107 tego zespo\u0142u do tej pory stanowili lider Bartosz Zmarzlik i rewelacyjny junior Wiktor Przyjemski. Ten drugi odszed\u0142 i ju\u017c pod koniec minionego sezonu widzieli\u015bmy, jak wygl\u0105da ta dru\u017cyna, gdy on nie jest w stu procentach gotowy do rywalizacji. Poza tym nie przekonuj\u0105 mnie transfery. Martin Vaculik i Kacper Woryna to nie jest dla mnie poziom Jacka Holdera i Dominika Kubery. Taka dru\u017cyna mo\u017ce zdoby\u0107 medal, ale czuj\u0119, \u017ce nie pojedzie w finale &#8211; podkre\u015bli\u0142.<\/p>\n<p class=\"contentpart contentpart--default contentpart--text\" data-position=\"2\">ZOBACZ WIDEO: To na niego wszyscy czekaj\u0105 w Gorzowie? Stal jest zainteresowana od wielu lat<\/p>\n<p class=\"contentpart contentpart--default contentpart--text\" data-position=\"4\">W ocenie by\u0142ego szefa Stali tytu\u0142 obroni\u0105 torunianie, kt\u00f3rzy w odr\u00f3\u017cnieniu od\u00a0<a href=\"https:\/\/sportowefakty.wp.pl\/zuzel\/orlen-oil-motor-lublin\" rel=\"nofollow noopener\" target=\"_blank\">Orlen Oil Motoru<\/a>\u00a0b\u0119d\u0105 silniejszym zespo\u0142em. &#8211; Wiele si\u0119 nie zmieni\u0142o i dobrze, bo to kompletna dru\u017cyna. Nie widz\u0119 tam ani jednej dziury, a czuj\u0119, \u017ce pod okiem znakomitego trenera Piotra Barona poprawia\u0107 b\u0119d\u0105 si\u0119 juniorzy. S\u0105dz\u0119 zatem, \u017ce torunianie obroni\u0105 tytu\u0142, bo zyskaj\u0105 na warto\u015bci &#8211; zaznaczy\u0142.<\/p>\n<p> <img role=\"presentation\" src=\"https:\/\/std.wpcdn.pl\/images\/adv\/placeholder_wp.svg\" loading=\"lazy\" alt=\"\" decoding=\"async\"\/>  <\/p>\n<p class=\"contentpart contentpart--default contentpart--text\" data-position=\"5\">Komarnicki tradycyjnie ju\u017c wierzy w Gezet Stal Gorz\u00f3w. Jego zdaniem dru\u017cyna, kt\u00f3r\u0105 poprowadzi Piotr Paluch, wcale nie b\u0119dzie do ko\u0144ca martwi\u0107 si\u0119 o ligowy byt czy unikni\u0119cie walki w bara\u017cach.<\/p>\n<p class=\"contentpart contentpart--default contentpart--text\" data-position=\"6\">&#8211; W przypadku Stali my\u015bla\u0142em nawet o czw\u00f3rce, wi\u0119c oczywi\u015bcie zaraz pojawi si\u0119 wiele komentarzy. Ja jednak widz\u0119 w tej dru\u017cynie sporo atut\u00f3w, a za najwi\u0119kszy uwa\u017cam sprowadzenie Jacka Holdera. On kocha ten tor, a ten tor kocha jego. Kiedy je\u017adzi\u0142 w naszym zespole, to spisywa\u0142 si\u0119 naprawd\u0119 znakomicie. My\u015bl\u0119 r\u00f3wnie\u017c, \u017ce wszystkie kryzysy ma za sob\u0105 Anders Thomsen. O lider\u00f3w si\u0119 zatem nie martwi\u0119. Licz\u0119 te\u017c, \u017ce pozostali zawodnicy zrobi\u0105 progres. Dla Mathiasa Pollestada i Adama Bednara nadchodz\u0105cy sezon to wielka szansa. Je\u015bli chodzi o Paw\u0142a Przedpe\u0142skiego, to powinien zdobywa\u0107 w granicach siedmiu, o\u015bmiu punkt\u00f3w &#8211; podsumowa\u0142.<\/p>\n<p class=\"contentpart contentpart--default contentpart--text\" data-position=\"7\">Kolejno\u015b\u0107\u00a0<a href=\"https:\/\/sportowefakty.wp.pl\/zuzel\/pge-ekstraliga\" rel=\"nofollow noopener\" target=\"_blank\">PGE Ekstraligi<\/a>\u00a0wed\u0142ug W\u0142adys\u0142awa Komarnickiego: <br \/>1. Pres Grupa Deweloperska Toru\u0144 <br \/>2. Betard Sparta Wroc\u0142aw <br \/>3. Orlen Oil Motor Lublin <br \/>4. Stelmet Falubaz Zielona G\u00f3ra <br \/>5. Gezet Stal Gorz\u00f3w <br \/>6. Bayersystem GKM Grudzi\u0105dz <br \/>7. Fogo Unia Leszno <br \/>8. Krono &#8211; Plast W\u0142\u00f3kniarz Cz\u0119stochowa<\/p>\n","protected":false},"excerpt":{"rendered":"Wi\u0119kszo\u015b\u0107 ekspert\u00f3w chwali grudzi\u0105dzan za sprowadzenie Maksyma Drabika i uwa\u017ca, \u017ce dzi\u0119ki temu ruchowi dru\u017cyna Roberta Ko\u015bciechy b\u0119dzie&hellip;\n","protected":false},"author":2,"featured_media":163189,"comment_status":"","ping_status":"","sticky":false,"template":"","format":"standard","meta":{"footnotes":""},"categories":[24],"tags":[3401,2850,1629,1325,10449,2164,1334,42,38,40,39,41,2619,127,126,4938,31134,174],"class_list":{"0":"post-163188","1":"post","2":"type-post","3":"status-publish","4":"format-standard","5":"has-post-thumbnail","7":"category-sport","8":"tag-bayersystem-gkm-grudziadz","9":"tag-betard-sparta-wroclaw","10":"tag-fogo-unia-leszno","11":"tag-gezet-stal-gorzow","12":"tag-krono-plast-wlokniarz-czestochowa","13":"tag-orlen-oil-motor-lublin","14":"tag-pge-ekstraliga","15":"tag-pl","16":"tag-poland","17":"tag-polish","18":"tag-polska","19":"tag-polski","20":"tag-pres-grupa-deweloperska-torun","21":"tag-sport","22":"tag-sports","23":"tag-stelmet-falubaz-zielona-gora","24":"tag-wladyslaw-komarnicki","25":"tag-zuzel"},"share_on_mastodon":{"url":"https:\/\/pubeurope.com\/@pl\/115757804979188005","error":""},"_links":{"self":[{"href":"https:\/\/www.europesays.com\/pl\/wp-json\/wp\/v2\/posts\/163188","targetHints":{"allow":["GET"]}}],"collection":[{"href":"https:\/\/www.europesays.com\/pl\/wp-json\/wp\/v2\/posts"}],"about":[{"href":"https:\/\/www.europesays.com\/pl\/wp-json\/wp\/v2\/types\/post"}],"author":[{"embeddable":true,"href":"https:\/\/www.europesays.com\/pl\/wp-json\/wp\/v2\/users\/2"}],"replies":[{"embeddable":true,"href":"https:\/\/www.europesays.com\/pl\/wp-json\/wp\/v2\/comments?post=163188"}],"version-history":[{"count":0,"href":"https:\/\/www.europesays.com\/pl\/wp-json\/wp\/v2\/posts\/163188\/revisions"}],"wp:featuredmedia":[{"embeddable":true,"href":"https:\/\/www.europesays.com\/pl\/wp-json\/wp\/v2\/media\/163189"}],"wp:attachment":[{"href":"https:\/\/www.europesays.com\/pl\/wp-json\/wp\/v2\/media?parent=163188"}],"wp:term":[{"taxonomy":"category","embeddable":true,"href":"https:\/\/www.europesays.com\/pl\/wp-json\/wp\/v2\/categories?post=163188"},{"taxonomy":"post_tag","embeddable":true,"href":"https:\/\/www.europesays.com\/pl\/wp-json\/wp\/v2\/tags?post=163188"}],"curies":[{"name":"wp","href":"https:\/\/api.w.org\/{rel}","templated":true}]}}