{"id":163194,"date":"2025-12-21T13:34:07","date_gmt":"2025-12-21T13:34:07","guid":{"rendered":"https:\/\/www.europesays.com\/pl\/163194\/"},"modified":"2025-12-21T13:34:07","modified_gmt":"2025-12-21T13:34:07","slug":"jutro-kluczowe-glosowanie-w-sprawie-mercosur-chodzi-o-ochrone-rolnikow","status":"publish","type":"post","link":"https:\/\/www.europesays.com\/pl\/163194\/","title":{"rendered":"Jutro kluczowe g\u0142osowanie w sprawie Mercosur. Chodzi o ochron\u0119 rolnik\u00f3w"},"content":{"rendered":"<p class=\"ods-c-paragraph \">Unia Europejska planuje podpisa\u0107 umow\u0119 handlow\u0105 z krajami Mercosuru 12 stycznia w Paragwaju. Wed\u0142ug informacji RMF FM, g\u0142osowanie nad kluczowymi klauzulami ma odby\u0107 si\u0119 ju\u017c 9 stycznia. Oznacza to, \u017ce wszystkie niezb\u0119dne zapisy musz\u0105 zosta\u0107 zaakceptowane jeszcze w tym roku.<\/p>\n<p>Dalszy ci\u0105g artyku\u0142u pod materia\u0142em wideo<\/p>\n<p> Kiedy odb\u0119dzie si\u0119 g\u0142osowanie w sprawie Mercosuru? <\/p>\n<p> Jakie klauzule maj\u0105 by\u0107 poddane pod g\u0142osowanie? <\/p>\n<p> Jakie polskie postulaty zosta\u0142y odrzucone? <\/p>\n<p> Dlaczego g\u0142osowanie zosta\u0142o wcze\u015bniej zdj\u0119te z porz\u0105dku obrad? <\/p>\n<p class=\"ods-c-paragraph \">Komisja Europejska d\u0105\u017cy do szybkiego zako\u0144czenia negocjacji, by unikn\u0105\u0107 kolejnych pr\u00f3b blokowania umowy w Parlamencie Europejskim, kt\u00f3ry zbiera si\u0119 na sesji plenarnej 19 stycznia.<\/p>\n<p>G\u0142osowanie nad klauzulami ochronnymi wraca na agend\u0119<\/p>\n<p class=\"ods-c-paragraph \">W ostatni\u0105 \u015brod\u0119 klauzule ochronne, o kt\u00f3re zabiega\u0142 m.in. europose\u0142 Krzysztof Hetman, zosta\u0142y ponownie os\u0142abione w wyniku negocjacji mi\u0119dzy Parlamentem Europejskim a Rad\u0105 UE. Polskie postulaty nie znalaz\u0142y si\u0119 w ostatecznym projekcie. W pi\u0105tek, po decyzji szczytu UE o przesuni\u0119ciu podpisania umowy na p\u00f3\u017aniejszy termin, g\u0142osowanie ambasador\u00f3w UE nad klauzulami zosta\u0142o zdj\u0119te z porz\u0105dku obrad. By\u0142o to efektem wsp\u00f3lnych dzia\u0142a\u0144 Polski, W\u0142och i Francji, kt\u00f3re uzna\u0142y zaproponowane zabezpieczenia za niewystarczaj\u0105ce. Teraz jednak g\u0142osowanie ponownie zaplanowano na poniedzia\u0142ek.<\/p>\n<p>   Kluczowe zapisy i polskie postulaty<\/p>\n<p class=\"ods-c-paragraph \">Obecnie na stole le\u017c\u0105 klauzule wynegocjowane 17 grudnia przez przedstawicieli Parlamentu Europejskiego i du\u0144sk\u0105 prezydencj\u0119. W wyniku tych rozm\u00f3w wi\u0119kszo\u015b\u0107 postulat\u00f3w polskiego europos\u0142a Krzysztofa Hetmana zosta\u0142a odrzucona. Sta\u0142o si\u0119 tak, poniewa\u017c negocjatorzy PE pochodzili z kraj\u00f3w popieraj\u0105cych umow\u0119 \u2014 Hiszpanii i Niemiec. W efekcie klauzule, kt\u00f3re maj\u0105 by\u0107 poddane pod g\u0142osowanie, nie zawieraj\u0105 m.in. postulatu &#8222;wzajemno\u015bci&#8221;, maj\u0105cego zagwarantowa\u0107, \u017ce produkty z Mercosuru b\u0119d\u0105 spe\u0142nia\u0107 te same normy dotycz\u0105ce pestycyd\u00f3w i antybiotyk\u00f3w, co w UE.<\/p>\n<p class=\"ods-c-paragraph \">Wed\u0142ug RMF FM, Komisja Europejska ma jutro zaproponowa\u0107 deklaracj\u0119, \u017ce b\u0119dzie wymaga\u0107 tej wzajemno\u015bci, jednak nie b\u0119dzie to formalne zobowi\u0105zanie po stronie Mercosuru, czego domaga si\u0119 Francja. Dodatkowo z listy produkt\u00f3w wra\u017cliwych, chronionych przez klauzule, usuni\u0119to jaja \u2014 by\u0142 to polski postulat wspierany przez Ministerstwo Rolnictwa. Pozosta\u0142y jedynie cytrusy, na kt\u00f3rych zale\u017ca\u0142o hiszpa\u0144skiemu negocjatorowi. Podniesiono tak\u017ce pr\u00f3g, od kt\u00f3rego ochrona b\u0119dzie mo\u017cliwa, do 8 proc. wzrostu importu z Mercosuru, podczas gdy Parlament Europejski postulowa\u0142 5 proc.<\/p>\n","protected":false},"excerpt":{"rendered":"Unia Europejska planuje podpisa\u0107 umow\u0119 handlow\u0105 z krajami Mercosuru 12 stycznia w Paragwaju. Wed\u0142ug informacji RMF FM, g\u0142osowanie&hellip;\n","protected":false},"author":2,"featured_media":163195,"comment_status":"","ping_status":"","sticky":false,"template":"","format":"standard","meta":{"footnotes":""},"categories":[14],"tags":[32,33,27,2178,34,35,93,28,31,48,25,46,2179,40,41,47,80,29,30,26,82,83,84],"class_list":{"0":"post-163194","1":"post","2":"type-post","3":"status-publish","4":"format-standard","5":"has-post-thumbnail","7":"category-swiat","8":"tag-breaking-news","9":"tag-breakingnews","10":"tag-headlines","11":"tag-komisja_europejska","12":"tag-latest-news","13":"tag-latestnews","14":"tag-mercosur","15":"tag-naglowki","16":"tag-najwazniejsze-artykuly","17":"tag-nat_styl","18":"tag-news","19":"tag-omp","20":"tag-parlament_europejski","21":"tag-polish","22":"tag-polski","23":"tag-screening_general","24":"tag-swiat","25":"tag-top-stories","26":"tag-topstories","27":"tag-wiadomosci","28":"tag-world","29":"tag-world-news","30":"tag-worldnews"},"share_on_mastodon":{"url":"https:\/\/pubeurope.com\/@pl\/115757820353116061","error":""},"_links":{"self":[{"href":"https:\/\/www.europesays.com\/pl\/wp-json\/wp\/v2\/posts\/163194","targetHints":{"allow":["GET"]}}],"collection":[{"href":"https:\/\/www.europesays.com\/pl\/wp-json\/wp\/v2\/posts"}],"about":[{"href":"https:\/\/www.europesays.com\/pl\/wp-json\/wp\/v2\/types\/post"}],"author":[{"embeddable":true,"href":"https:\/\/www.europesays.com\/pl\/wp-json\/wp\/v2\/users\/2"}],"replies":[{"embeddable":true,"href":"https:\/\/www.europesays.com\/pl\/wp-json\/wp\/v2\/comments?post=163194"}],"version-history":[{"count":0,"href":"https:\/\/www.europesays.com\/pl\/wp-json\/wp\/v2\/posts\/163194\/revisions"}],"wp:featuredmedia":[{"embeddable":true,"href":"https:\/\/www.europesays.com\/pl\/wp-json\/wp\/v2\/media\/163195"}],"wp:attachment":[{"href":"https:\/\/www.europesays.com\/pl\/wp-json\/wp\/v2\/media?parent=163194"}],"wp:term":[{"taxonomy":"category","embeddable":true,"href":"https:\/\/www.europesays.com\/pl\/wp-json\/wp\/v2\/categories?post=163194"},{"taxonomy":"post_tag","embeddable":true,"href":"https:\/\/www.europesays.com\/pl\/wp-json\/wp\/v2\/tags?post=163194"}],"curies":[{"name":"wp","href":"https:\/\/api.w.org\/{rel}","templated":true}]}}