{"id":163204,"date":"2025-12-21T13:41:07","date_gmt":"2025-12-21T13:41:07","guid":{"rendered":"https:\/\/www.europesays.com\/pl\/163204\/"},"modified":"2025-12-21T13:41:07","modified_gmt":"2025-12-21T13:41:07","slug":"rozmowy-ukrainy-z-usa-zelenski-chce-konsultacji-z-europa-wp-wiadomosci","status":"publish","type":"post","link":"https:\/\/www.europesays.com\/pl\/163204\/","title":{"rendered":"Rozmowy Ukrainy z USA. Ze\u0142enski chce konsultacji z Europ\u0105 &#8211; WP Wiadomo\u015bci"},"content":{"rendered":"<ol>\n<li><a href=\"https:\/\/news.google.com\/rss\/articles\/CBMioAFBVV95cUxOcXptNXNJOGNaUEJDUVU0Q1F2Z3dOZ1VhVms5NmJDT3JidW9OUFJTaUZreXJMbTRmaXpoaWdoelpieW1yMEk5VmhaQ3F2aUVMYTd5dllqMUxhUW9YXzBBWGlBTHJYekl0cEk3T3FwMFdQMEFMbGFETUNMaVFrSG9UNkJUWDBHeWxYeUphTGdwTEhUU2lJZlRwQUFwRmF2WlBx?oc=5\" target=\"_blank\" rel=\"nofollow noopener\">Rozmowy Ukrainy z USA. Ze\u0142enski chce konsultacji z Europ\u0105<\/a>&nbsp;&nbsp;WP Wiadomo\u015bci<\/li>\n<li><a href=\"https:\/\/news.google.com\/rss\/articles\/CBMi0AFBVV95cUxPaDBncWRsYlE5ckFrTVZWNlFkbXNCZGY0SGF5OFB1YjloYXBMSUd1MEdBem04Mzh2a3Z2MU05TjFwT3hEOS1jbGtOUkZYWGZURmdNVDJudDg3Rno1a2poVzlUUFpBU3Y4X2MxV0RnX1llTEw0X3dfTVQyd1BVZFNpQmNSOXBMd2JQS254RGc3MzRkNWlZaThSVmlfNUtjV2dUcGpJajJwX2N3OEx1TUFHMkNvQ3JoSmpBb2g1OWpwWHMtR19BVF8weE5teC04Y0ta?oc=5\" target=\"_blank\" rel=\"nofollow noopener\">Koniec wojny bli\u017cej ni\u017c my\u015blimy? Ze\u0142enski komentuje zaskakuj\u0105c\u0105 propozycj\u0119 Amerykan\u00f3w<\/a>&nbsp;&nbsp;Business Insider Polska<\/li>\n<li><a href=\"https:\/\/news.google.com\/rss\/articles\/CBMivwFBVV95cUxOc3BweTN0WG1YX0ZBRVNNaHk3T205X29wVExxZHpUcFZKbHEySGQ2aGZtTXh5blI5LXFOMV9wMGt5dFFmblpmemJmNnBFRHhTdVpMcmVvbFpYNGhXSkZwb0lsNURrMGpOODdmOXNmSjZESG1EakcxT0t5NllLWFEzWlFOOElrc2dVbzRoWWJxVWUwdFpyMzVESWE0dkkxMV8zSHF1Mkp6Wk96cGJjczhCSUp0NmpqMEdEWUsyTjBSTQ?oc=5\" target=\"_blank\" rel=\"nofollow noopener\">Jasne zdanie doradcy W\u0142adimira Putina o propozycjach Europy i Ukrainy ws. pokoju w Ukrainie<\/a>&nbsp;&nbsp;Wydarzenia w INTERIA.PL<\/li>\n<li><a href=\"https:\/\/news.google.com\/rss\/articles\/CBMitgFBVV95cUxOcVo1MVpCVVNGRDlfaUZKWklHbU9UXzRINHdscUdzQV80RldPbVA4NnpORFh0Y21sajF3bnFKRU5OTXNsc0VDSEtrQTNaOUVZYzJLZWVfTW5vaVNjVjhLY2owajJtdHRmdG5QSHlab3BGZTRjTzBHT2NEdllucUdBTTJlbDRqR0xxenEyWTBPRlE3SU9WQlAtckpQckZ2VG1FUUJjLW1YbEtpb1F0NXVVaEVfR0VTdw?oc=5\" target=\"_blank\" rel=\"nofollow noopener\">Negocjacje na Florydzie. Rosji nie zale\u017cy na ko\u0144cu wojny, a na relacjach z USA<\/a>&nbsp;&nbsp;Gazeta<\/li>\n<li><a href=\"https:\/\/news.google.com\/rss\/articles\/CBMiqAFBVV95cUxPWTFnWEhacTAtOEhiR0tSajdwejlHOFVLRHM1VFotRXA1WTdZREJoYjRGUE5ncy05eURFVnBxVGJ6RWxKVXkwNVV6aFdrUjZ0ZW16SS04WVZBMjVra3F0cDVmNzJVVnNWWGJQVTlsb0FDRFpOeWNIczhKdHgwSjlZRUpiTzh5UUxfQTJHM2NpNUV6X3lYa3Iwb3BDZzRUd29jRVRXU1RGcUo?oc=5\" target=\"_blank\" rel=\"nofollow noopener\">Co zmieni\u0105 rozmowy pokojowe w Miami? &#8222;Jest jedna pozytywna wiadomo\u015b\u0107 dla Ukrainy&#8221;<\/a>&nbsp;&nbsp;TOK FM<\/li>\n<\/ol>\n","protected":false},"excerpt":{"rendered":"Rozmowy Ukrainy z USA. Ze\u0142enski chce konsultacji z Europ\u0105&nbsp;&nbsp;WP Wiadomo\u015bci Koniec wojny bli\u017cej ni\u017c my\u015blimy? Ze\u0142enski komentuje zaskakuj\u0105c\u0105&hellip;\n","protected":false},"author":2,"featured_media":163205,"comment_status":"","ping_status":"","sticky":false,"template":"","format":"standard","meta":{"footnotes":""},"categories":[14],"tags":[32,33,27,34,35,28,31,25,40,41,80,29,30,26,82,83,84],"class_list":{"0":"post-163204","1":"post","2":"type-post","3":"status-publish","4":"format-standard","5":"has-post-thumbnail","7":"category-swiat","8":"tag-breaking-news","9":"tag-breakingnews","10":"tag-headlines","11":"tag-latest-news","12":"tag-latestnews","13":"tag-naglowki","14":"tag-najwazniejsze-artykuly","15":"tag-news","16":"tag-polish","17":"tag-polski","18":"tag-swiat","19":"tag-top-stories","20":"tag-topstories","21":"tag-wiadomosci","22":"tag-world","23":"tag-world-news","24":"tag-worldnews"},"share_on_mastodon":{"url":"https:\/\/pubeurope.com\/@pl\/115757848011823885","error":""},"_links":{"self":[{"href":"https:\/\/www.europesays.com\/pl\/wp-json\/wp\/v2\/posts\/163204","targetHints":{"allow":["GET"]}}],"collection":[{"href":"https:\/\/www.europesays.com\/pl\/wp-json\/wp\/v2\/posts"}],"about":[{"href":"https:\/\/www.europesays.com\/pl\/wp-json\/wp\/v2\/types\/post"}],"author":[{"embeddable":true,"href":"https:\/\/www.europesays.com\/pl\/wp-json\/wp\/v2\/users\/2"}],"replies":[{"embeddable":true,"href":"https:\/\/www.europesays.com\/pl\/wp-json\/wp\/v2\/comments?post=163204"}],"version-history":[{"count":0,"href":"https:\/\/www.europesays.com\/pl\/wp-json\/wp\/v2\/posts\/163204\/revisions"}],"wp:featuredmedia":[{"embeddable":true,"href":"https:\/\/www.europesays.com\/pl\/wp-json\/wp\/v2\/media\/163205"}],"wp:attachment":[{"href":"https:\/\/www.europesays.com\/pl\/wp-json\/wp\/v2\/media?parent=163204"}],"wp:term":[{"taxonomy":"category","embeddable":true,"href":"https:\/\/www.europesays.com\/pl\/wp-json\/wp\/v2\/categories?post=163204"},{"taxonomy":"post_tag","embeddable":true,"href":"https:\/\/www.europesays.com\/pl\/wp-json\/wp\/v2\/tags?post=163204"}],"curies":[{"name":"wp","href":"https:\/\/api.w.org\/{rel}","templated":true}]}}