{"id":163234,"date":"2025-12-21T14:02:13","date_gmt":"2025-12-21T14:02:13","guid":{"rendered":"https:\/\/www.europesays.com\/pl\/163234\/"},"modified":"2025-12-21T14:02:13","modified_gmt":"2025-12-21T14:02:13","slug":"strzelanina-w-tawernie-pod-johannesburgiem-zginelo-10-osob-trwa-sledztwo","status":"publish","type":"post","link":"https:\/\/www.europesays.com\/pl\/163234\/","title":{"rendered":"Strzelanina w tawernie pod Johannesburgiem. Zgin\u0119\u0142o 10 os\u00f3b, trwa \u015bledztwo"},"content":{"rendered":"<p class=\"article-p\" data-section=\"detail-body\">Wed\u0142ug po\u0142udniowoafryka\u0144skiej policji, napastnicy przyjechali na miejsce dwoma samochodami \u2013 bia\u0142ym minibusem i srebrnym sedanem. \u015awiadkowie relacjonuj\u0105, \u017ce strza\u0142y pada\u0142y chaotycznie i w spos\u00f3b zupe\u0142nie nieprzewidywalny. Co wi\u0119cej, napastnicy kontynuowali ostrza\u0142 nawet podczas ucieczki z miejsca zdarzenia.<\/p>\n<p>        Trwa \u015bledztwo w sprawie strzelaniny w tawernie w RPA<\/p>\n<p class=\"article-p\" data-section=\"detail-body\">Motyw ataku na razie pozostaje nieznany. S\u0142u\u017cby prowadz\u0105 <a href=\"https:\/\/wiadomosci.onet.pl\/kraj\/guru-deweloperki-michal-sapota-w-areszcie-pokrzywdzonych-tysiace-stawka-miliardy\/9dwlbz2\" id=\"6ec92c45-a590-4ca0-8892-bf7238576803\" rel=\"nofollow noopener\" target=\"_blank\">intensywne \u015bledztwo<\/a>, a na miejscu tragedii ca\u0142y czas pracuj\u0105 zespo\u0142y dochodzeniowe. Policja apeluje do \u015bwiadk\u00f3w i wszystkich posiadaj\u0105cych jakiekolwiek informacje o kontakt z najbli\u017csz\u0105 jednostk\u0105.<\/p>\n<p class=\"article-p\" data-section=\"detail-body\">Bekkersdal, gdzie dosz\u0142o do <a href=\"https:\/\/www.fakt.pl\/wydarzenia\/polska\/lodz\/zginal-bo-mial-cofac-sie-do-zdjecia-tragiczny-wypadek-we-wsi-brzeski\/dbhl8qm\" id=\"100ce83d-9fde-4f2c-b360-24c4abf1c56a\" rel=\"nofollow noopener\" target=\"_blank\">tragicznych wydarze\u0144<\/a>, to miejscowo\u015b\u0107 nale\u017c\u0105ca do gminy Rand West City. Od lat boryka si\u0119 ona z powa\u017cnymi problemami spo\u0142ecznymi \u2013 wysokim bezrobociem, ub\u00f3stwem i przest\u0119pczo\u015bci\u0105. Sytuacj\u0119 pogorszy\u0142 upadek przemys\u0142u wydobywczego, zw\u0142aszcza z\u0142ota, kt\u00f3ry przez dekady by\u0142 g\u0142\u00f3wnym \u017ar\u00f3d\u0142em utrzymania dla wielu mieszka\u0144c\u00f3w. Niestety, w ostatnich latach region ten staje si\u0119 aren\u0105 coraz brutalniejszych przest\u0119pstw.<\/p>\n<p class=\"article-p\" data-section=\"detail-body\"><a href=\"https:\/\/businessinsider.com.pl\/lifestyle\/podroze\/budzetowe-safari-w-afryce-na-wyciagniecie-reki-tak-niska-cena-to-rzadkosc\/27l9vmz\" id=\"f962a758-cc61-46f7-8536-4e4e459fb326\" rel=\"nofollow noopener\" target=\"_blank\">Po\u0142udniowa Afryka<\/a> od dawna notuje jeden z najwy\u017cszych wska\u017anik\u00f3w zab\u00f3jstw na \u015bwiecie. Jak podaj\u0105 eksperci, ka\u017cdego dnia w kraju dochodzi nawet do 60 morderstw. W\u015br\u00f3d przyczyn tego stanu rzeczy wymienia si\u0119 m.in. nier\u00f3wno\u015bci spo\u0142eczne, wysokie bezrobocie, \u0142atwy dost\u0119p do broni i niewydolno\u015b\u0107 wymiaru sprawiedliwo\u015bci.<\/p>\n<p>        \/6<\/p>\n<p>                    <img decoding=\"async\" class=\"article-image-img\" loading=\"lazy\" alt=\"\" src=\"https:\/\/www.europesays.com\/pl\/wp-content\/uploads\/2025\/12\/z-3k9kuTURBXy9kMWQ3NjM4Ni0yNmNiLTRlZmMtYWQ3Mi04MjYxNDIwNmU2NDkuanBlZ5GTAs0DSM0B2N4AAqEwAaExAQ.jpeg\" width=\"840\" height=\"472\"\/><\/p>\n<p>                  EMMANUEL CROSET\/AFP \/ Fakt.pl<\/p>\n<p class=\"article-gallery-p\">\n        Strzelanina w tawernie w RPA.\n    <\/p>\n<p>        \/6<\/p>\n<p>                    <img decoding=\"async\" class=\"article-image-img\" loading=\"lazy\" alt=\"\" src=\"https:\/\/www.europesays.com\/pl\/wp-content\/uploads\/2025\/12\/x6xk9kuTURBXy8yMWUzMGMwNC0zMThmLTQxYjEtODI4ZC1jNTFiNzc3N2NmZjguanBlZ5GTAs0DSM0CL94AAqEwAaExAQ.jpeg\" width=\"840\" height=\"559\"\/><\/p>\n<p>                  EMMANUEL CROSET \/ AFP<\/p>\n<p class=\"article-gallery-p\">\n        Strzelanina w tawernie w RPA.\n    <\/p>\n","protected":false},"excerpt":{"rendered":"Wed\u0142ug po\u0142udniowoafryka\u0144skiej policji, napastnicy przyjechali na miejsce dwoma samochodami \u2013 bia\u0142ym minibusem i srebrnym sedanem. \u015awiadkowie relacjonuj\u0105, \u017ce&hellip;\n","protected":false},"author":2,"featured_media":163235,"comment_status":"","ping_status":"","sticky":false,"template":"","format":"standard","meta":{"footnotes":""},"categories":[14],"tags":[32,33,27,34,35,28,31,25,40,41,80,29,30,26,82,83,84],"class_list":{"0":"post-163234","1":"post","2":"type-post","3":"status-publish","4":"format-standard","5":"has-post-thumbnail","7":"category-swiat","8":"tag-breaking-news","9":"tag-breakingnews","10":"tag-headlines","11":"tag-latest-news","12":"tag-latestnews","13":"tag-naglowki","14":"tag-najwazniejsze-artykuly","15":"tag-news","16":"tag-polish","17":"tag-polski","18":"tag-swiat","19":"tag-top-stories","20":"tag-topstories","21":"tag-wiadomosci","22":"tag-world","23":"tag-world-news","24":"tag-worldnews"},"share_on_mastodon":{"url":"https:\/\/pubeurope.com\/@pl\/115757930647882097","error":""},"_links":{"self":[{"href":"https:\/\/www.europesays.com\/pl\/wp-json\/wp\/v2\/posts\/163234","targetHints":{"allow":["GET"]}}],"collection":[{"href":"https:\/\/www.europesays.com\/pl\/wp-json\/wp\/v2\/posts"}],"about":[{"href":"https:\/\/www.europesays.com\/pl\/wp-json\/wp\/v2\/types\/post"}],"author":[{"embeddable":true,"href":"https:\/\/www.europesays.com\/pl\/wp-json\/wp\/v2\/users\/2"}],"replies":[{"embeddable":true,"href":"https:\/\/www.europesays.com\/pl\/wp-json\/wp\/v2\/comments?post=163234"}],"version-history":[{"count":0,"href":"https:\/\/www.europesays.com\/pl\/wp-json\/wp\/v2\/posts\/163234\/revisions"}],"wp:featuredmedia":[{"embeddable":true,"href":"https:\/\/www.europesays.com\/pl\/wp-json\/wp\/v2\/media\/163235"}],"wp:attachment":[{"href":"https:\/\/www.europesays.com\/pl\/wp-json\/wp\/v2\/media?parent=163234"}],"wp:term":[{"taxonomy":"category","embeddable":true,"href":"https:\/\/www.europesays.com\/pl\/wp-json\/wp\/v2\/categories?post=163234"},{"taxonomy":"post_tag","embeddable":true,"href":"https:\/\/www.europesays.com\/pl\/wp-json\/wp\/v2\/tags?post=163234"}],"curies":[{"name":"wp","href":"https:\/\/api.w.org\/{rel}","templated":true}]}}