{"id":163287,"date":"2025-12-21T14:41:09","date_gmt":"2025-12-21T14:41:09","guid":{"rendered":"https:\/\/www.europesays.com\/pl\/163287\/"},"modified":"2025-12-21T14:41:09","modified_gmt":"2025-12-21T14:41:09","slug":"marcin-miller-z-boys-o-35-latach-hitow-disco-polo-i-nadchodzacym-sylwestrze","status":"publish","type":"post","link":"https:\/\/www.europesays.com\/pl\/163287\/","title":{"rendered":"Marcin Miller z Boys o 35 latach hit\u00f3w disco polo i nadchodz\u0105cym Sylwestrze"},"content":{"rendered":"<p class=\"typography ids-typeset-body ids-typeset-body--preset-large link paragraph ids-paragraph ids-paragraph--default\">Marcin Miller i zesp\u00f3\u0142 Boys od dekad kr\u00f3luj\u0105 na polskiej scenie disco polo, zdobywaj\u0105c serca fan\u00f3w swoimi przebojami. &#8222;Jeste\u015b szalona&#8221;, &#8222;Wolno\u015b\u0107&#8221;, czy &#8222;\u0141obuz&#8221;\u00a0to tylko niekt\u00f3re z hit\u00f3w, kt\u00f3re \u015bpiewa ca\u0142a Polska i kt\u00f3re od lat rozgrzewaj\u0105 parkiety na koncertach oraz dyskotekach. W\u0142a\u015bnie te utwory uczyni\u0142y z Boys prawdziw\u0105 ikon\u0119 gatunku i zapewni\u0142y Marcinowi Millerowi status gwiazdy, kt\u00f3ra od 35 lat zachwyca kolejne pokolenia s\u0142uchaczy.<\/p>\n<p>Jak wygl\u0105da\u0142y pocz\u0105tki kariery Marcina Millera?<\/p>\n<p class=\"typography ids-typeset-body ids-typeset-body--preset-large link paragraph ids-paragraph ids-paragraph--default\">Na pocz\u0105tku rozmowy Maciej Kurzejwski zapyta\u0142 Marcina Millera: &#8222;35 lat temu &#8211; gdyby\u015b m\u00f3g\u0142 cofn\u0105\u0107 si\u0119 do pierwszego dnia, podej\u015b\u0107 do tamtego ch\u0142opaka i powiedzie\u0107 mu jedno zdanie z perspektywy dzisiejszego do\u015bwiadczenia, co by to by\u0142o?&#8221;<\/p>\n<p class=\"typography ids-typeset-body ids-typeset-body--preset-large link paragraph ids-paragraph ids-paragraph--default\">Odpowied\u017a gwiazdy disco-polo mo\u017ce zaskoczy\u0107:<\/p>\n<p class=\"typography ids-typeset-body ids-typeset-body--preset-large link paragraph ids-paragraph ids-paragraph--default\">&#8222;Odpowiem kr\u00f3tko &#8211; namawia\u0142bym go:\u00a0&gt;&gt;nie podpisuj, nie podpisujAle prawdopodobnie, gdybym nie zrobi\u0142 pewnych rzeczy 35 lat temu, nie siedzia\u0142bym teraz tutaj z wami. Mo\u017ce bym inaczej pokierowa\u0142 swoim \u017cyciem, mo\u017ce bym by\u0142 tylko i wy\u0142\u0105cznie pracownikiem urz\u0119du miasta.\u00a0Ka\u017cdy jest kowalem swojego losu&#8221;,\u00a0 podkre\u015bli\u0142 lider Boys.<\/p>\n<p class=\"typography ids-typeset-body ids-typeset-body--preset-large link paragraph ids-paragraph ids-paragraph--default\">Marcin wspomina\u0142, \u017ce pocz\u0105tki kariery by\u0142y skromne, a \u015bwiat show-biznesu na pocz\u0105tku wydawa\u0142 mu si\u0119 obcy:<\/p>\n<p class=\"typography ids-typeset-body ids-typeset-body--preset-large link paragraph ids-paragraph ids-paragraph--default\">&#8222;Trzeba pami\u0119ta\u0107, \u017ce jestem prostym ch\u0142opakiem ze wsi i dla mnie, ogl\u0105daj\u0105c r\u00f3\u017cne koncerty i wywiady, wiedzia\u0142em, \u017ce to nie jest m\u00f3j \u015bwiat. A tutaj nagle, raptem, Marcin Miller na scenie &#8211; 35 lat temu zaczyna\u0142em w remizie stra\u017cackiej, a potem gra\u0142em na PGE Narodowym, gdzie 60 tysi\u0119cy ludzi mnie oklaskiwa\u0142o. Ludzie \u015bpiewaj\u0105 za ciebie, bo znaj\u0105 doskonale wszystkie twoje hity. To jest przyjemne&#8221;, opowiada\u0142 lider Boys.<\/p>\n<p class=\"typography ids-typeset-body ids-typeset-body--preset-large link paragraph ids-paragraph ids-paragraph--default\">S\u0142owa Marcina skomentowa\u0142a dziennikarka Polo TV, Edyta Folwarska:<\/p>\n<p class=\"typography ids-typeset-body ids-typeset-body--preset-large link paragraph ids-paragraph ids-paragraph--default\">&#8222;A ja my\u015bl\u0119, \u017ce Marcin troszeczk\u0119 sobie umniejsza, bo znamy si\u0119 od 15 lat &#8211; tyle ile istnieje antena Polo TV, tam si\u0119 poznali\u015bmy. Obserwuj\u0119 Marcina i przez te wszystkie lata jest dok\u0142adnie tym samym cz\u0142owiekiem. I to jest najpi\u0119kniejsze &#8211; nigdy nie by\u0142o w nim czego\u015b takiego, \u017ce &gt;&gt;ja jestem wielk\u0105 gwiazd\u0105. Nie, Marcin jest skromny&#8221;.<\/p>\n<p>Skromno\u015b\u0107 i normalno\u015b\u0107 jako recepta na sukces<\/p>\n<p class=\"typography ids-typeset-body ids-typeset-body--preset-large link paragraph ids-paragraph ids-paragraph--default\">W rozmowie z prowadz\u0105cymi &#8222;halo tu polsat&#8221; pojawi\u0142a si\u0119 te\u017c refleksja nad osobowo\u015bci\u0105 Marcina Millera. &#8222;Staram si\u0119 nie definiowa\u0107 tego, czym jest sukces. Po prostu\u00a0\u017cyj\u0119 zgodnie ze swoimi zasadami&#8221;,\u00a0 t\u0142umaczy\u0142 artysta.<\/p>\n<p class=\"typography ids-typeset-body ids-typeset-body--preset-large link paragraph ids-paragraph ids-paragraph--default\">Podkre\u015bli\u0142 r\u00f3wnie\u017c, \u017ce szczero\u015b\u0107 i naturalno\u015b\u0107 s\u0105 kluczowe. &#8222;A je\u015bli chodzi o tak\u0105 definicj\u0119 sukcesu, uwa\u017cam, \u017ce szczero\u015b\u0107 i naturalno\u015b\u0107 sprzeda si\u0119 najlepiej. Ludzie poznaj\u0105 nieudawane zachowania, i takim jestem. Po prostu wychodz\u0105c na scen\u0119, chc\u0119 by\u0107 Marcinem Millerem. Ale wiadomo, \u017ce jestem te\u017c Millerem z Boys&#8221;, doda\u0142.<\/p>\n<p class=\"typography ids-typeset-body ids-typeset-body--preset-large link paragraph ids-paragraph ids-paragraph--default\">Marcin Miller przyzna\u0142, \u017ce przez lata nauczy\u0142 si\u0119 godzi\u0107 \u017cycie prywatne z wymaganiami sceny. &#8222;Cz\u0142owiek jest tylko cz\u0142owiekiem i nie jest maszyn\u0105. Arty\u015bci te\u017c maj\u0105 swoje z\u0142e dni. Trzeba pami\u0119ta\u0107&#8221; &#8211; m\u00f3wi\u0142.<\/p>\n<p>Sylwester w Polsacie i muzyczna r\u00f3\u017cnorodno\u015b\u0107<\/p>\n<p class=\"typography ids-typeset-body ids-typeset-body--preset-large link paragraph ids-paragraph ids-paragraph--default\">Lider Boys m\u00f3wi\u0142 r\u00f3wnie\u017c o nadchodz\u0105cym Sylwestrze w Polsacie. &#8222;Sylwester to musi by\u0107 b\u0142ysk. Wszystko \u015bwiec\u0105ce, pi\u0119kne, \u0142adne. To impreza, kt\u00f3ra ma za zadanie po\u017cegna\u0107 z\u0142e chwile i powita\u0107 nowy rok z u\u015bmiechem, ta\u0144cem i zabaw\u0105.\u00a0Nie wstyd\u017amy si\u0119 tego. Je\u017celi dobrze si\u0119 bawicie przy disco polo, bawcie si\u0119. [&#8230;] Muzyka ma \u0142\u0105czy\u0107, a nie dzieli\u0107&#8221;, apelowa\u0142.<\/p>\n<p class=\"typography ids-typeset-body ids-typeset-body--preset-large link paragraph ids-paragraph ids-paragraph--default\">Dziennikarka Polo TV, Edyta Folwarska, podkre\u015bli\u0142a r\u00f3\u017cnorodno\u015b\u0107 wydarzenia: &#8222;Mamy gwiazdy pop, mamy gwiazdy disco polo, \u017ceby\u015bmy si\u0119 nie ograniczali do jednego typu muzyki. To te\u017c jest walor &#8211; r\u00f3\u017cnorodno\u015b\u0107 muzyczna&#8221;.<\/p>\n<p class=\"typography ids-typeset-body ids-typeset-body--preset-large link paragraph ids-paragraph ids-paragraph--default\">A my serdecznie zapraszamy do Torunia pod scen\u0119 lub przed telewizory do Polsatu, aby wsp\u00f3lnie powita\u0107 nowy rok przy najwi\u0119kszych przebojach Boys.<\/p>\n<p>Masz sugestie, uwagi albo widzisz b\u0142\u0105d? Napisz do nas<\/p>\n","protected":false},"excerpt":{"rendered":"Marcin Miller i zesp\u00f3\u0142 Boys od dekad kr\u00f3luj\u0105 na polskiej scenie disco polo, zdobywaj\u0105c serca fan\u00f3w swoimi przebojami.&hellip;\n","protected":false},"author":2,"featured_media":163288,"comment_status":"","ping_status":"","sticky":false,"template":"","format":"standard","meta":{"footnotes":""},"categories":[22],"tags":[122,42,38,40,39,41,123],"class_list":{"0":"post-163287","1":"post","2":"type-post","3":"status-publish","4":"format-standard","5":"has-post-thumbnail","7":"category-rozrywka","8":"tag-entertainment","9":"tag-pl","10":"tag-poland","11":"tag-polish","12":"tag-polska","13":"tag-polski","14":"tag-rozrywka"},"share_on_mastodon":{"url":"https:\/\/pubeurope.com\/@pl\/115758083814200891","error":""},"_links":{"self":[{"href":"https:\/\/www.europesays.com\/pl\/wp-json\/wp\/v2\/posts\/163287","targetHints":{"allow":["GET"]}}],"collection":[{"href":"https:\/\/www.europesays.com\/pl\/wp-json\/wp\/v2\/posts"}],"about":[{"href":"https:\/\/www.europesays.com\/pl\/wp-json\/wp\/v2\/types\/post"}],"author":[{"embeddable":true,"href":"https:\/\/www.europesays.com\/pl\/wp-json\/wp\/v2\/users\/2"}],"replies":[{"embeddable":true,"href":"https:\/\/www.europesays.com\/pl\/wp-json\/wp\/v2\/comments?post=163287"}],"version-history":[{"count":0,"href":"https:\/\/www.europesays.com\/pl\/wp-json\/wp\/v2\/posts\/163287\/revisions"}],"wp:featuredmedia":[{"embeddable":true,"href":"https:\/\/www.europesays.com\/pl\/wp-json\/wp\/v2\/media\/163288"}],"wp:attachment":[{"href":"https:\/\/www.europesays.com\/pl\/wp-json\/wp\/v2\/media?parent=163287"}],"wp:term":[{"taxonomy":"category","embeddable":true,"href":"https:\/\/www.europesays.com\/pl\/wp-json\/wp\/v2\/categories?post=163287"},{"taxonomy":"post_tag","embeddable":true,"href":"https:\/\/www.europesays.com\/pl\/wp-json\/wp\/v2\/tags?post=163287"}],"curies":[{"name":"wp","href":"https:\/\/api.w.org\/{rel}","templated":true}]}}