{"id":163297,"date":"2025-12-21T14:48:07","date_gmt":"2025-12-21T14:48:07","guid":{"rendered":"https:\/\/www.europesays.com\/pl\/163297\/"},"modified":"2025-12-21T14:48:07","modified_gmt":"2025-12-21T14:48:07","slug":"michal-urbaniak-nie-zyje-zona-artysty-wspomina-ostatnie-wspolne-chwile-onet","status":"publish","type":"post","link":"https:\/\/www.europesays.com\/pl\/163297\/","title":{"rendered":"Micha\u0142 Urbaniak nie \u017cyje. \u017bona artysty wspomina ostatnie wsp\u00f3lne chwile &#8211; Onet"},"content":{"rendered":"<ol>\n<li><a href=\"https:\/\/news.google.com\/rss\/articles\/CBMiwwFBVV95cUxNZU1iellIcTJhOUdFQTB1NGJrX0laNDMxSEpMZ3Q2cFp2X0xYQ2JxcnhTMUxFMVdvUVNodEQzYmVZa1piZll2bFZIZ1g0MkRRYlZPRGRoU25pMnV0dU9aczVJR1dYTkJ4dndsX0d0UklWUk1OZ0pkNFVBbVExWFBWR0FTV3dRZXN6cVJFRWxNU2QxSGZhT0g0eGZRbktXay1BRlNvSkVCODlKZmkzUUpVQkp2R3ZGdGNBOGRDZXM3QllhR3c?oc=5\" target=\"_blank\" rel=\"nofollow noopener\">Micha\u0142 Urbaniak nie \u017cyje. \u017bona artysty wspomina ostatnie wsp\u00f3lne chwile<\/a>&nbsp;&nbsp;Onet<\/li>\n<li><a href=\"https:\/\/news.google.com\/rss\/articles\/CBMiwwFBVV95cUxQMXVvVkJxTEFKUUhScTktU3pqM194OFltZGhkQzltOUVqYUsyMjREVnRSWm0wajRYRGNLbG01WEpZemJ5NHFtNTNad1doNDk3anVEYWF3cFpiMEZvZE0yYjNDRlVneWw5dkMwLW9pQnFnN0tZMmg4TEJlOGRCS2JXclU2YjRwRmFHcTVqSFJxTFU3QTVwOUNkakVfb3c0SFFtNEllZGRlbTlaWXMwM2JaTW1jZDBpNmt4ZXAzSlpFbkZnVHM?oc=5\" target=\"_blank\" rel=\"nofollow noopener\">Ostatnie chwile Micha\u0142a Urbaniaka. \u017bona wspomina: walczyli\u015bmy codzienne<\/a>&nbsp;&nbsp;Onet<\/li>\n<li><a href=\"https:\/\/news.google.com\/rss\/articles\/CBMitAFBVV95cUxNU2FfZTJIMW5ycUpWZ1B5NU5WNWllQThrcXVTT0RwaDFPUXRjYVJGNzg2Qm9obTRjZUZHOHd3bGU5dUdsR3Z4S19PWEU5T0V2cjdYM1ZyTDBFSWt0UFdFNHhSbWFlZzJWQjR6RzdpRDdNZ2ExR2NBMm9ZaWFpZXJoSGpydTNGYWZ5bUdvcm5hUVBYaXlIZ2lpT2dhdHZtNU5TOHk1MTRjNGZUckZfMWxpU1RVWnc?oc=5\" target=\"_blank\" rel=\"nofollow noopener\">Micha\u0142 Urbaniak nosi\u0142 kiedy\u015b inne nazwisko. Wyja\u015bnia\u0142, dlaczego je zmieni\u0142<\/a>&nbsp;&nbsp;Jastrz\u0105b Post<\/li>\n<li><a href=\"https:\/\/news.google.com\/rss\/articles\/CBMiqgFBVV95cUxNNkJYNTJJMG1oNFBOOUdhLVpacklHdEV6NFNxUHpFdFkyc084SlJ0YWh5S0JfelVjUzNFWTBqd0J4TzhLelRIaWotUklGSDZUTHpxUHlnR0FIT09RNFlxcHBhaDdnNjlhQ1M0X3VQRXRUTVdDT0N0alZ4bHhhVHlxQll0aVREVFp4RmhOUzl0TUNfV0xmUEhSd1dBN2lIT2pmUHh4VmRwVktoUQ?oc=5\" target=\"_blank\" rel=\"nofollow noopener\">Micha\u0142 Urbaniak nie \u017cyje. Kompozytor i muzyk jazzowy mia\u0142 82 lata<\/a>&nbsp;&nbsp;TVN24<\/li>\n<li><a href=\"https:\/\/news.google.com\/rss\/articles\/CBMimgFBVV95cUxOaVZpZHJPRm1KMkJ2d3c2a2RGN2JjOEk0cnJnZmloWTFQYUdwWThiZkktYUFZa2RieG0wbzE0WU00elJTWkVBdDFWZEMwQ2tHeUhqMVI4VE55STZ2MVVpOXV1TUs5a0JnOHZmWEhYUF9semtYeF9RUlFteG1SMW55X1EyQmE5WGdub2xKeUhVcTljLWUwR0Q5d3ZB?oc=5\" target=\"_blank\" rel=\"nofollow noopener\">O jego romansie by\u0142o g\u0142o\u015bno. &#8222;30 kg schud\u0142em, \u017ceby by\u0107 jej wart&#8221;<\/a>&nbsp;&nbsp;WP Kobieta<\/li>\n<\/ol>\n","protected":false},"excerpt":{"rendered":"Micha\u0142 Urbaniak nie \u017cyje. \u017bona artysty wspomina ostatnie wsp\u00f3lne chwile&nbsp;&nbsp;Onet Ostatnie chwile Micha\u0142a Urbaniaka. \u017bona wspomina: walczyli\u015bmy codzienne&nbsp;&nbsp;Onet&hellip;\n","protected":false},"author":2,"featured_media":163298,"comment_status":"","ping_status":"","sticky":false,"template":"","format":"standard","meta":{"footnotes":""},"categories":[22],"tags":[32386,122,32385,32253,1503,8426,53,52,68,51,55,42,38,40,39,41,123,47,196,65,50],"class_list":{"0":"post-163297","1":"post","2":"type-post","3":"status-publish","4":"format-standard","5":"has-post-thumbnail","7":"category-rozrywka","8":"tag-dorota_urbaniak","9":"tag-entertainment","10":"tag-jazz_muzyka_jazzman_jazzmani","11":"tag-michal_urbaniak_muzyk","12":"tag-muzyka_i_muzycy_muzyka_rozrywkowa_spiew","13":"tag-najnowsze","14":"tag-new_header","15":"tag-onet3","16":"tag-onet3d","17":"tag-onet3d_2i","18":"tag-phx","19":"tag-pl","20":"tag-poland","21":"tag-polish","22":"tag-polska","23":"tag-polski","24":"tag-rozrywka","25":"tag-screening_general","26":"tag-styl_zycia","27":"tag-update_me","28":"tag-v2021"},"share_on_mastodon":{"url":"https:\/\/pubeurope.com\/@pl\/115758111346469389","error":""},"_links":{"self":[{"href":"https:\/\/www.europesays.com\/pl\/wp-json\/wp\/v2\/posts\/163297","targetHints":{"allow":["GET"]}}],"collection":[{"href":"https:\/\/www.europesays.com\/pl\/wp-json\/wp\/v2\/posts"}],"about":[{"href":"https:\/\/www.europesays.com\/pl\/wp-json\/wp\/v2\/types\/post"}],"author":[{"embeddable":true,"href":"https:\/\/www.europesays.com\/pl\/wp-json\/wp\/v2\/users\/2"}],"replies":[{"embeddable":true,"href":"https:\/\/www.europesays.com\/pl\/wp-json\/wp\/v2\/comments?post=163297"}],"version-history":[{"count":0,"href":"https:\/\/www.europesays.com\/pl\/wp-json\/wp\/v2\/posts\/163297\/revisions"}],"wp:featuredmedia":[{"embeddable":true,"href":"https:\/\/www.europesays.com\/pl\/wp-json\/wp\/v2\/media\/163298"}],"wp:attachment":[{"href":"https:\/\/www.europesays.com\/pl\/wp-json\/wp\/v2\/media?parent=163297"}],"wp:term":[{"taxonomy":"category","embeddable":true,"href":"https:\/\/www.europesays.com\/pl\/wp-json\/wp\/v2\/categories?post=163297"},{"taxonomy":"post_tag","embeddable":true,"href":"https:\/\/www.europesays.com\/pl\/wp-json\/wp\/v2\/tags?post=163297"}],"curies":[{"name":"wp","href":"https:\/\/api.w.org\/{rel}","templated":true}]}}