{"id":163321,"date":"2025-12-21T15:06:08","date_gmt":"2025-12-21T15:06:08","guid":{"rendered":"https:\/\/www.europesays.com\/pl\/163321\/"},"modified":"2025-12-21T15:06:08","modified_gmt":"2025-12-21T15:06:08","slug":"tragedia-w-ziebicach-samochod-wjechal-pod-pociag-onet-wiadomosci","status":"publish","type":"post","link":"https:\/\/www.europesays.com\/pl\/163321\/","title":{"rendered":"Tragedia w Zi\u0119bicach. Samoch\u00f3d wjecha\u0142 pod poci\u0105g &#8211; Onet Wiadomo\u015bci"},"content":{"rendered":"<ol>\n<li><a href=\"https:\/\/news.google.com\/rss\/articles\/CBMilgFBVV95cUxPeHM2U09sakJYc2FmNXRGdG1YX0VMMGtWSXJpbWxSMXJzZE9tZHBQQ0VnMGZPOUs2S2xpakRZbXNCdEFMRUk3ZlFOOXFvcVFyeFlwTzhZNDN3Q1N5Q1NxVUpLRkMyY1pHQXotOVI5WTlyVTVMRjdYZ3Q5eFZzN3gzeHUweFNENGNkWFc1SE9jRjdTLTVvVHc?oc=5\" target=\"_blank\" rel=\"nofollow noopener\">Tragedia w Zi\u0119bicach. Samoch\u00f3d wjecha\u0142 pod poci\u0105g<\/a>&nbsp;&nbsp;Onet Wiadomo\u015bci<\/li>\n<li><a href=\"https:\/\/news.google.com\/rss\/articles\/CBMilgFBVV95cUxOT0o2alN6OUVERmVET0d3TlpsTFVYZmYtb1pEUFllekZEdm1XMU9tdzdDekNhZDA5X01WXzdPMTFYVnpNcWtxRGtuaF9jWlM3a2sxZFlKVzMyYVBTZVVjMVBfMnBfbVhMS25RU2x3UUYtbW1Vc3E0TmVkUlRTZE1tUHY1RHB5cmM4T1ZCbW5VOFpfeWoydVE?oc=5\" target=\"_blank\" rel=\"nofollow noopener\">Zi\u0119bice. Samoch\u00f3d wjecha\u0142 pod poci\u0105g. S\u0105 ofiary \u015bmiertelne<\/a>&nbsp;&nbsp;TVN24<\/li>\n<li><a href=\"https:\/\/news.google.com\/rss\/articles\/CBMilgFBVV95cUxQWW0tc09sOEhFVmNhV2o3MTR2SzdXUXhQbkJ1MFJXX3ZHc0RCTGpWVnBzeFpkQ2xDRURuYlVqYmhlWUh0eEFhRGlzckZock03YjlVR01wY3NlY2lWa2J4a0xGaTc3bF9kS3ZMd0VXYkFnZHFKTDdhY2hqQXEwWnUwLWxCSV91N09ZNzZXTlJLRDR5ajFiUHc?oc=5\" target=\"_blank\" rel=\"nofollow noopener\">\u015amiertelny wypadek na przeje\u017adzie kolejowym. Nie \u017cyj\u0105 dwie osoby<\/a>&nbsp;&nbsp;Polska Agencja Prasowa SA<\/li>\n<li><a href=\"https:\/\/news.google.com\/rss\/articles\/CBMipAFBVV95cUxNUkNfSW42TXVHLXdlZzF1Vm8yRFlGT004ZldKeUNSM05TMmJCMndFdVdhTEpHMkQzNUp6OE5ZOGFXczJmSnNnWDlHU2t4b3pBckFsR05LZEt1dmVnOHllX3pmTkNsRXVaQjZROVlSanVyLXNCQ3prMnd4UG5XYXdmdWlPRnhfQjBWRjhEZFFzc1I1US1iMTBaYUMycFFXdnNELVNCbg?oc=5\" target=\"_blank\" rel=\"nofollow noopener\">Zi\u0119bice: Osob\u00f3wka wjecha\u0142a pod poci\u0105g. Nie \u017cyj\u0105 dwie osoby<\/a>&nbsp;&nbsp;RMF24<\/li>\n<li><a href=\"https:\/\/news.google.com\/rss\/articles\/CBMiuwFBVV95cUxOZzJWVlJaMnpqZDM5WkRua3dWbmFDMXQxd3pTc3dRcXlLVmRvNVBLNWlLU1JsRUZjRHJ4clpDRkd6M25sOTNkdDVLckRNdE1WaTF1ZmlUTDJBQXIzQ01yQ1c4LTR5Q3JmRGNmcVhNM2ZQUGhCMFdHRXpuN0E1d0ViRzY2emI4Y2F1UnpTa3ZhaGFaUlFweXdibWlkblU3LWdmWU1rUXFVdkxrTERYTDFXQnJMVUIzbmhVcEhn?oc=5\" target=\"_blank\" rel=\"nofollow noopener\">Tragedia na przeje\u017adzie kolejowym w gminie Zi\u0119bice, nie \u017cyj\u0105 dwie osoby. Policja zabezpieczy\u0142a nagranie z poci\u0105gu<\/a>&nbsp;&nbsp;wroclaw.wyborcza.pl<\/li>\n<\/ol>\n","protected":false},"excerpt":{"rendered":"Tragedia w Zi\u0119bicach. Samoch\u00f3d wjecha\u0142 pod poci\u0105g&nbsp;&nbsp;Onet Wiadomo\u015bci Zi\u0119bice. Samoch\u00f3d wjecha\u0142 pod poci\u0105g. S\u0105 ofiary \u015bmiertelne&nbsp;&nbsp;TVN24 \u015amiertelny wypadek&hellip;\n","protected":false},"author":2,"featured_media":163322,"comment_status":"","ping_status":"","sticky":false,"template":"","format":"standard","meta":{"footnotes":""},"categories":[12],"tags":[32,33,36,37,27,34,35,28,31,48,25,46,42,38,40,39,41,47,29,30,26,1853],"class_list":{"0":"post-163321","1":"post","2":"type-post","3":"status-publish","4":"format-standard","5":"has-post-thumbnail","7":"category-polska","8":"tag-breaking-news","9":"tag-breakingnews","10":"tag-featured-news","11":"tag-featurednews","12":"tag-headlines","13":"tag-latest-news","14":"tag-latestnews","15":"tag-naglowki","16":"tag-najwazniejsze-artykuly","17":"tag-nat_styl","18":"tag-news","19":"tag-omp","20":"tag-pl","21":"tag-poland","22":"tag-polish","23":"tag-polska","24":"tag-polski","25":"tag-screening_general","26":"tag-top-stories","27":"tag-topstories","28":"tag-wiadomosci","29":"tag-wroclaw"},"share_on_mastodon":{"url":"https:\/\/pubeurope.com\/@pl\/115758182199653296","error":""},"_links":{"self":[{"href":"https:\/\/www.europesays.com\/pl\/wp-json\/wp\/v2\/posts\/163321","targetHints":{"allow":["GET"]}}],"collection":[{"href":"https:\/\/www.europesays.com\/pl\/wp-json\/wp\/v2\/posts"}],"about":[{"href":"https:\/\/www.europesays.com\/pl\/wp-json\/wp\/v2\/types\/post"}],"author":[{"embeddable":true,"href":"https:\/\/www.europesays.com\/pl\/wp-json\/wp\/v2\/users\/2"}],"replies":[{"embeddable":true,"href":"https:\/\/www.europesays.com\/pl\/wp-json\/wp\/v2\/comments?post=163321"}],"version-history":[{"count":0,"href":"https:\/\/www.europesays.com\/pl\/wp-json\/wp\/v2\/posts\/163321\/revisions"}],"wp:featuredmedia":[{"embeddable":true,"href":"https:\/\/www.europesays.com\/pl\/wp-json\/wp\/v2\/media\/163322"}],"wp:attachment":[{"href":"https:\/\/www.europesays.com\/pl\/wp-json\/wp\/v2\/media?parent=163321"}],"wp:term":[{"taxonomy":"category","embeddable":true,"href":"https:\/\/www.europesays.com\/pl\/wp-json\/wp\/v2\/categories?post=163321"},{"taxonomy":"post_tag","embeddable":true,"href":"https:\/\/www.europesays.com\/pl\/wp-json\/wp\/v2\/tags?post=163321"}],"curies":[{"name":"wp","href":"https:\/\/api.w.org\/{rel}","templated":true}]}}