{"id":163325,"date":"2025-12-21T15:08:09","date_gmt":"2025-12-21T15:08:09","guid":{"rendered":"https:\/\/www.europesays.com\/pl\/163325\/"},"modified":"2025-12-21T15:08:09","modified_gmt":"2025-12-21T15:08:09","slug":"boruc-wrocil-do-pobicia-pilkarzy-legii-dlatego-wtedy-nie-reagowal","status":"publish","type":"post","link":"https:\/\/www.europesays.com\/pl\/163325\/","title":{"rendered":"Boruc wr\u00f3ci\u0142 do pobicia pi\u0142karzy Legii. Dlatego wtedy nie reagowa\u0142"},"content":{"rendered":"\n<p class=\"contentpart contentpart--default contentpart--text\" data-position=\"0\"><a href=\"https:\/\/sportowefakty.wp.pl\/pilka-nozna\/artur-boruc\" rel=\"nofollow noopener\" target=\"_blank\">Artur Boruc<\/a>\u00a0odni\u00f3s\u0142 si\u0119 na antenie Kana\u0142u Sportowego do incydentu z grudnia 2021 roku, do kt\u00f3rego dosz\u0142o po meczu <a href=\"https:\/\/sportowefakty.wp.pl\/pilka-nozna\/wisla-plock\" rel=\"nofollow noopener\" target=\"_blank\">Wis\u0142a P\u0142ock<\/a>\u00a0&#8211; <a href=\"https:\/\/sportowefakty.wp.pl\/pilka-nozna\/legia-warszawa\" rel=\"nofollow noopener\" target=\"_blank\">Legia Warszawa<\/a>. Po powrocie z <a href=\"https:\/\/sportowefakty.wp.pl\/polska\/plock\" rel=\"nofollow noopener\" target=\"_blank\">P\u0142ocka<\/a>\u00a0na \u0141azienkowsk\u0105, autokar zespo\u0142u zaatakowali chuligani niezadowoleni z postawy zespo\u0142u.<\/p>\n<p class=\"contentpart contentpart--default contentpart--text\" data-position=\"1\">Najmocniej poszukiwani przez agresor\u00f3w byli napastnik <a href=\"https:\/\/sportowefakty.wp.pl\/pilka-nozna\/mahir-emreli\" rel=\"nofollow noopener\" target=\"_blank\">Mahir Emreli<\/a>\u00a0i skrzyd\u0142owy <a href=\"https:\/\/sportowefakty.wp.pl\/pilka-nozna\/luquinhas\" rel=\"nofollow noopener\" target=\"_blank\">Luquinhas<\/a>. Obaj, co przypomniano w programie Hejt Park, opu\u015bcili klub kilka tygodni p\u00f3\u017aniej. Artur Boruc by\u0142 wtedy zawodnikiem Legii i nie zareagowa\u0142 w obliczu ataku chuligan\u00f3w na pi\u0142karzy.<\/p>\n<p> <img role=\"presentation\" src=\"https:\/\/std.wpcdn.pl\/images\/adv\/placeholder_wp.svg\" loading=\"lazy\" alt=\"\" decoding=\"async\"\/>  <\/p>\n<p class=\"contentpart contentpart--default contentpart--text\" data-position=\"2\">&#8211; Nie stan\u0105\u0142em za dru\u017cyn\u0105, bo tak samo szanuj\u0119 jednych i drugich. Troch\u0119 czu\u0142em, \u017ce mam zwi\u0105zane r\u0119ce &#8211; m\u00f3wi Artur Boruc, kt\u00f3ry nie chcia\u0142 opowiada\u0107 w detalach o sprawie sprzed czterech lat.<\/p>\n<p class=\"contentpart contentpart--default contentpart--text\" data-position=\"3\">ZOBACZ WIDEO: #dziejesiewsporcie: Gol z po\u0142owy boiska. Mo\u017cna ogl\u0105da\u0107 i ogl\u0105da\u0107<\/p>\n<p class=\"contentpart contentpart--default contentpart--text\" data-position=\"5\">&#8211; Nie wiem, czy jest sens ci\u0105gn\u0105\u0107 ten temat. Jeszcze powiem za du\u017co, kto\u015b b\u0119dzie mie\u0107 do mnie pretensje, a to nikomu nie jest potrzebne &#8211; dodaje by\u0142y bramkarz Legii.<\/p>\n<p class=\"contentpart contentpart--default contentpart--text\" data-position=\"6\">W karierze Artur Boruc zostawa\u0142 dwa razy zawodnikiem Legii. Ju\u017c jako m\u0142ody bramkarz da\u0142 si\u0119 pozna\u0107 jako sportowiec o du\u017cym talencie i wyrazistym charakterze. Debiutowa\u0142 w pierwszym zespole pod koniec lat 90. Gra w Legii sta\u0142a si\u0119 dla niego solidnym fundamentem pod p\u00f3\u017aniejsze sukcesy w <a href=\"https:\/\/sportowefakty.wp.pl\/pilka-nozna\/polska\" rel=\"nofollow noopener\" target=\"_blank\">reprezentacji Polski<\/a>\u00a0i w topowych ligach w Europie.<\/p>\n<p> <img role=\"presentation\" src=\"https:\/\/std.wpcdn.pl\/images\/adv\/placeholder_wp.svg\" loading=\"lazy\" alt=\"\" decoding=\"async\"\/>  <\/p>\n<p class=\"contentpart contentpart--default contentpart--text\" data-position=\"7\">Zdarzenie po meczu z Wis\u0142\u0105 P\u0142ock mia\u0142o miejsce po powrocie Boruca do klubu w 2020 roku.\u00a0Golkiper sp\u0119dzi\u0142 w nim jeszcze dwa lata, po czym og\u0142osi\u0142 zako\u0144czenie kariery bramkarza w wieku 42 lat. Od 2020 do 2022 roku Boruc rozegra\u0142 36 spotka\u0144 w <a href=\"https:\/\/sportowefakty.wp.pl\/pilka-nozna\/pko-ekstraklasa\" rel=\"nofollow noopener\" target=\"_blank\">PKO Ekstraklasie<\/a>.<\/p>\n<p class=\"contentpart contentpart--default contentpart--text\" data-position=\"8\"><a href=\"https:\/\/sportowefakty.wp.pl\/pilka-nozna\/1223226\/takiego-projektu-jeszcze-nie-bylo-polskie-gwiazdy-otwieraja-wspolny-biznes\" rel=\"nofollow noopener\" target=\"blank\">By\u0142y reprezentant Polski rozpoczyna aktualnie nowy projekt. Wsp\u00f3lnie z <\/a><a href=\"https:\/\/sportowefakty.wp.pl\/pilka-nozna\/wojciech-kowalewski\" rel=\"nofollow noopener\" target=\"_blank\">Wojciechem Kowalewskim<\/a>\u00a0i <a href=\"https:\/\/sportowefakty.wp.pl\/pilka-nozna\/lukasz-fabianski\" rel=\"nofollow noopener\" target=\"_blank\">\u0141ukaszem Fabia\u0144skim<\/a>\u00a0otwiera szk\u00f3\u0142k\u0119 dla bramkarzy, o kt\u00f3rej Kowalewski opowiedzia\u0142 portalowi <a href=\"https:\/\/sportowefakty.wp.pl\/inne\/sportowefakty\" rel=\"nofollow noopener\" target=\"_blank\">WP SportoweFakty<\/a>.<\/p>\n","protected":false},"excerpt":{"rendered":"Artur Boruc\u00a0odni\u00f3s\u0142 si\u0119 na antenie Kana\u0142u Sportowego do incydentu z grudnia 2021 roku, do kt\u00f3rego dosz\u0142o po meczu&hellip;\n","protected":false},"author":2,"featured_media":163326,"comment_status":"","ping_status":"","sticky":false,"template":"","format":"standard","meta":{"footnotes":""},"categories":[24],"tags":[28780,713,269,1724,42,38,40,39,41,127,268,126,435,32300],"class_list":{"0":"post-163325","1":"post","2":"type-post","3":"status-publish","4":"format-standard","5":"has-post-thumbnail","7":"category-sport","8":"tag-artur-boruc","9":"tag-legia-warszawa","10":"tag-pilka-nozna","11":"tag-pko-ekstraklasa","12":"tag-pl","13":"tag-poland","14":"tag-polish","15":"tag-polska","16":"tag-polski","17":"tag-sport","18":"tag-sportowybar","19":"tag-sports","20":"tag-warszawa","21":"tag-wokol-sportu"},"share_on_mastodon":{"url":"https:\/\/pubeurope.com\/@pl\/115758190344729946","error":""},"_links":{"self":[{"href":"https:\/\/www.europesays.com\/pl\/wp-json\/wp\/v2\/posts\/163325","targetHints":{"allow":["GET"]}}],"collection":[{"href":"https:\/\/www.europesays.com\/pl\/wp-json\/wp\/v2\/posts"}],"about":[{"href":"https:\/\/www.europesays.com\/pl\/wp-json\/wp\/v2\/types\/post"}],"author":[{"embeddable":true,"href":"https:\/\/www.europesays.com\/pl\/wp-json\/wp\/v2\/users\/2"}],"replies":[{"embeddable":true,"href":"https:\/\/www.europesays.com\/pl\/wp-json\/wp\/v2\/comments?post=163325"}],"version-history":[{"count":0,"href":"https:\/\/www.europesays.com\/pl\/wp-json\/wp\/v2\/posts\/163325\/revisions"}],"wp:featuredmedia":[{"embeddable":true,"href":"https:\/\/www.europesays.com\/pl\/wp-json\/wp\/v2\/media\/163326"}],"wp:attachment":[{"href":"https:\/\/www.europesays.com\/pl\/wp-json\/wp\/v2\/media?parent=163325"}],"wp:term":[{"taxonomy":"category","embeddable":true,"href":"https:\/\/www.europesays.com\/pl\/wp-json\/wp\/v2\/categories?post=163325"},{"taxonomy":"post_tag","embeddable":true,"href":"https:\/\/www.europesays.com\/pl\/wp-json\/wp\/v2\/tags?post=163325"}],"curies":[{"name":"wp","href":"https:\/\/api.w.org\/{rel}","templated":true}]}}