{"id":163411,"date":"2025-12-21T15:59:07","date_gmt":"2025-12-21T15:59:07","guid":{"rendered":"https:\/\/www.europesays.com\/pl\/163411\/"},"modified":"2025-12-21T15:59:07","modified_gmt":"2025-12-21T15:59:07","slug":"ewakuacja-w-galerii-w-krakowie-to-nie-byl-falszywy-alarm","status":"publish","type":"post","link":"https:\/\/www.europesays.com\/pl\/163411\/","title":{"rendered":"Ewakuacja w galerii w Krakowie. To nie by\u0142 fa\u0142szywy alarm"},"content":{"rendered":"<p class=\"Paragraph_desktopParagraph__U31Gm\">W niedzielne popo\u0142udnie 21 grudnia w Galerii Bronowice w Krakowie dosz\u0142o do gro\u017anie wygl\u0105daj\u0105cego zdarzenia, kt\u00f3re zako\u0144czy\u0142o si\u0119 ewakuacj\u0105 obiektu. W jednej z restauracji serwuj\u0105cych kebab dosz\u0142o do samozap\u0142onu oleju, co uruchomi\u0142o procedury bezpiecze\u0144stwa i interwencj\u0119 s\u0142u\u017cb ratunkowych.<\/p>\n<p class=\"Paragraph_desktopParagraph__U31Gm\">Na miejsce zadysponowano trzy zast\u0119py Pa\u0144stwowej Stra\u017cy Po\u017carnej z Jednostek Ratowniczo-Ga\u015bniczych nr 3 i nr 5 w Krakowie. Stra\u017cacy szybko opanowali sytuacj\u0119 i zabezpieczyli zagro\u017cony rejon. Jak informuj\u0105 s\u0142u\u017cby, w zdarzeniu nikt nie odni\u00f3s\u0142 obra\u017ce\u0144.<\/p>\n<ul class=\"OchatFollowUps_wrapper__1ry7X\">\n<li class=\"OchatFollowUps_item__Dhyly OchatFollowUps_itemDesktop__R6aBv\">Co by\u0142o przyczyn\u0105 ewakuacji w Galerii Bronowice?<\/li>\n<li class=\"OchatFollowUps_item__Dhyly OchatFollowUps_itemDesktop__R6aBv\">Ile os\u00f3b interweniowa\u0142o w trakcie incydentu?<\/li>\n<li class=\"OchatFollowUps_item__Dhyly OchatFollowUps_itemDesktop__R6aBv\">Czy kto\u015b zosta\u0142 poszkodowany w zdarzeniu?<\/li>\n<li class=\"OchatFollowUps_item__Dhyly OchatFollowUps_itemDesktop__R6aBv\">Jakie by\u0142y komunikaty bezpiecze\u0144stwa podczas ewakuacji?<\/li>\n<\/ul>\n<p class=\"Paragraph_desktopParagraph__U31Gm\">W chwili incydentu galeria by\u0142a pe\u0142na klient\u00f3w \u2014 by\u0142a to bowiem niedziela handlowa. W systemie nag\u0142o\u015bnienia nadano komunikat bezpiecze\u0144stwa, w kt\u00f3rym poinformowano osoby przebywaj\u0105ce w obiekcie o wykrytym zagro\u017ceniu oraz polecono pozostanie na miejscach i nieprzemieszczanie si\u0119. Tego typu komunikaty s\u0105 standardow\u0105 procedur\u0105 w sytuacjach potencjalnego zagro\u017cenia, umo\u017cliwiaj\u0105c\u0105 s\u0142u\u017cbom sprawne dzia\u0142anie i ocen\u0119 sytuacji.<\/p>\n<p class=\"Paragraph_desktopParagraph__U31Gm\">Po przeprowadzeniu dzia\u0142a\u0144 ga\u015bniczych i kontrolnych zagro\u017cenie zosta\u0142o usuni\u0119te. Stra\u017c po\u017carna potwierdzi\u0142a, \u017ce przyczyn\u0105 alarmu by\u0142 samozap\u0142on oleju w zapleczu gastronomicznym, a nie \u2014 jak pocz\u0105tkowo obawiali si\u0119 klienci \u2014 zdarzenie o charakterze terrorystycznym czy pod\u0142o\u017cony \u0142adunek.<\/p>\n<p class=\"Paragraph_desktopParagraph__U31Gm\">Sytuacja zosta\u0142a szybko opanowana, a ewakuacja mia\u0142a charakter prewencyjny. Galeria Bronowice po zako\u0144czeniu dzia\u0142a\u0144 s\u0142u\u017cb mog\u0142a stopniowo wraca\u0107 do normalnego funkcjonowania.<\/p>\n","protected":false},"excerpt":{"rendered":"W niedzielne popo\u0142udnie 21 grudnia w Galerii Bronowice w Krakowie dosz\u0142o do gro\u017anie wygl\u0105daj\u0105cego zdarzenia, kt\u00f3re zako\u0144czy\u0142o si\u0119&hellip;\n","protected":false},"author":2,"featured_media":163412,"comment_status":"","ping_status":"","sticky":false,"template":"","format":"standard","meta":{"footnotes":""},"categories":[12],"tags":[32,33,36,37,27,561,368,34,35,28,31,53,25,52,68,51,55,42,38,40,39,41,47,29,30,50,26],"class_list":{"0":"post-163411","1":"post","2":"type-post","3":"status-publish","4":"format-standard","5":"has-post-thumbnail","7":"category-polska","8":"tag-breaking-news","9":"tag-breakingnews","10":"tag-featured-news","11":"tag-featurednews","12":"tag-headlines","13":"tag-kch","14":"tag-krakowdlawas","15":"tag-latest-news","16":"tag-latestnews","17":"tag-naglowki","18":"tag-najwazniejsze-artykuly","19":"tag-new_header","20":"tag-news","21":"tag-onet3","22":"tag-onet3d","23":"tag-onet3d_2i","24":"tag-phx","25":"tag-pl","26":"tag-poland","27":"tag-polish","28":"tag-polska","29":"tag-polski","30":"tag-screening_general","31":"tag-top-stories","32":"tag-topstories","33":"tag-v2021","34":"tag-wiadomosci"},"share_on_mastodon":{"url":"https:\/\/pubeurope.com\/@pl\/115758390641265369","error":""},"_links":{"self":[{"href":"https:\/\/www.europesays.com\/pl\/wp-json\/wp\/v2\/posts\/163411","targetHints":{"allow":["GET"]}}],"collection":[{"href":"https:\/\/www.europesays.com\/pl\/wp-json\/wp\/v2\/posts"}],"about":[{"href":"https:\/\/www.europesays.com\/pl\/wp-json\/wp\/v2\/types\/post"}],"author":[{"embeddable":true,"href":"https:\/\/www.europesays.com\/pl\/wp-json\/wp\/v2\/users\/2"}],"replies":[{"embeddable":true,"href":"https:\/\/www.europesays.com\/pl\/wp-json\/wp\/v2\/comments?post=163411"}],"version-history":[{"count":0,"href":"https:\/\/www.europesays.com\/pl\/wp-json\/wp\/v2\/posts\/163411\/revisions"}],"wp:featuredmedia":[{"embeddable":true,"href":"https:\/\/www.europesays.com\/pl\/wp-json\/wp\/v2\/media\/163412"}],"wp:attachment":[{"href":"https:\/\/www.europesays.com\/pl\/wp-json\/wp\/v2\/media?parent=163411"}],"wp:term":[{"taxonomy":"category","embeddable":true,"href":"https:\/\/www.europesays.com\/pl\/wp-json\/wp\/v2\/categories?post=163411"},{"taxonomy":"post_tag","embeddable":true,"href":"https:\/\/www.europesays.com\/pl\/wp-json\/wp\/v2\/tags?post=163411"}],"curies":[{"name":"wp","href":"https:\/\/api.w.org\/{rel}","templated":true}]}}