{"id":163457,"date":"2025-12-21T16:27:07","date_gmt":"2025-12-21T16:27:07","guid":{"rendered":"https:\/\/www.europesays.com\/pl\/163457\/"},"modified":"2025-12-21T16:27:07","modified_gmt":"2025-12-21T16:27:07","slug":"gigantyczny-korek-przy-granicy-polsko-ukrainskiej-sznur-ciezarowek-na-20-km-trzeba-czekac-36-godzin","status":"publish","type":"post","link":"https:\/\/www.europesays.com\/pl\/163457\/","title":{"rendered":"Gigantyczny korek przy granicy polsko-ukrai\u0144skiej. Sznur ci\u0119\u017car\u00f3wek na 20 km. Trzeba czeka\u0107 36 godzin"},"content":{"rendered":"<p>Korek\u00a0przy\u00a0polsko-ukrai\u0144skim przej\u015bciu granicznym w Dorohusku<\/p>\n<p class=\"art_paragraph\">W niedziel\u0119 21 grudnia w okolicach\u00a0polsko-ukrai\u0144skiego przej\u015bcia granicznego w Dorohusku (woj.\u00a0lubelskie) na\u00a0DK-12 utworzy\u0142a si\u0119 kolejka ci\u0119\u017car\u00f3wek, kt\u00f3re czekaj\u0105 na odpraw\u0119. O godzinie 15 policja przekaza\u0142a, \u017ce korek si\u0119ga oko\u0142o\u00a020 kilometr\u00f3w. Funkcjonariusze zaznaczyli,\u00a0\u017ce od godzin porannych kolejka zmniejszy\u0142a si\u0119\u00a0o kilka kilometr\u00f3w.<\/p>\n<p>Policja opublikowa\u0142a komunikat<\/p>\n<p class=\"art_paragraph\">Policja poinformowa\u0142a, \u017ce korek powsta\u0142 w zwi\u0105zku ze zbli\u017caj\u0105cymi si\u0119 \u015bwi\u0119tami Bo\u017cego Narodzenia. &#8222;Ca\u0142y czas sytuacj\u0119 monitoruj\u0105 policjanci z che\u0142mskiej drog\u00f3wki, kt\u00f3rzy dbaj\u0105 o to, by ruch ulicami Che\u0142ma odbywa\u0142 si\u0119 p\u0142ynnie. Na terenie miasta utworzyli\u015bmy stref\u0119 buforow\u0105. Mundurowi czuwaj\u0105 nad tym, aby ci\u0119\u017car\u00f3wki oczekuj\u0105ce na odpraw\u0119 na drodze krajowej numer 12 ustawia\u0142y si\u0119 na poboczu drogi, tak by lokalni mieszka\u0144cy mogli przejecha\u0107. Podejmujemy tak\u017ce interwencj\u0119, kiedy tworz\u0105 si\u0119 dodatkowe kolejki. Apelujemy do kierowc\u00f3w, aby w miar\u0119 mo\u017cliwo\u015bci kierowali si\u0119 na inne przej\u015bcia graniczne&#8221; &#8211; przekaza\u0142 rzecznik\u00a0Komendy Wojew\u00f3dzkiej Policji w Lublinie\u00a0podkomisarz Kamil Karbowniczek.<\/p>\n<p>        Zobacz wideo<\/p>\n<p>            Drony to pocz\u0105tek, a Rosjanie mog\u0105 dalej testowa\u0107 nasze granice\n    <\/p>\n<p>Czas oczekiwania na granicy z Ukrain\u0105<\/p>\n<p class=\"art_paragraph\">Z informacji opublikowanych na stronie granica.gov.pl wynika, \u017ce na kilku przej\u015bciach granicznych z Ukrain\u0105 czas oczekiwania na odpraw\u0119 znacznie si\u0119 wyd\u0142u\u017cy\u0142. W\u00a0Dorohusku szacunkowy czas oczekiwania na rozpocz\u0119cie odprawy wynosi 36 godzin. Korki utworzy\u0142y si\u0119 tak\u017ce m.in. przy przej\u015bciach granicznych w Korczowej (31 godzin oczekiwania), Medyce (18 godzin) i Do\u0142hobyczowie (16 godzin).<\/p>\n<p class=\"art_paragraph\">Wi\u0119cej: Przeczytaj te\u017c artyku\u0142 <a href=\"https:\/\/wiadomosci.gazeta.pl\/polska\/7,198072,32485534,mandat-za-lampki-swiateczne-na-balkonie-w-nocy-warto-uwazac.html\" class=\"art_link\" rel=\"dofollow noopener\" target=\"_blank\">&#8222;Mandat za lampki \u015bwi\u0105teczne na balkonie? W nocy warto uwa\u017ca\u0107&#8221;<\/a>.<\/p>\n<p>\u0179r\u00f3d\u0142a:\u00a0Policja Lubelska, granica.gov.pl<\/p>\n","protected":false},"excerpt":{"rendered":"Korek\u00a0przy\u00a0polsko-ukrai\u0144skim przej\u015bciu granicznym w Dorohusku W niedziel\u0119 21 grudnia w okolicach\u00a0polsko-ukrai\u0144skiego przej\u015bcia granicznego w Dorohusku (woj.\u00a0lubelskie) na\u00a0DK-12 utworzy\u0142a&hellip;\n","protected":false},"author":2,"featured_media":163458,"comment_status":"","ping_status":"","sticky":false,"template":"","format":"standard","meta":{"footnotes":""},"categories":[12],"tags":[32,33,36,37,27,34,35,28,31,25,42,38,40,39,41,29,30,26],"class_list":{"0":"post-163457","1":"post","2":"type-post","3":"status-publish","4":"format-standard","5":"has-post-thumbnail","7":"category-polska","8":"tag-breaking-news","9":"tag-breakingnews","10":"tag-featured-news","11":"tag-featurednews","12":"tag-headlines","13":"tag-latest-news","14":"tag-latestnews","15":"tag-naglowki","16":"tag-najwazniejsze-artykuly","17":"tag-news","18":"tag-pl","19":"tag-poland","20":"tag-polish","21":"tag-polska","22":"tag-polski","23":"tag-top-stories","24":"tag-topstories","25":"tag-wiadomosci"},"share_on_mastodon":{"url":"https:\/\/pubeurope.com\/@pl\/115758500839063104","error":""},"_links":{"self":[{"href":"https:\/\/www.europesays.com\/pl\/wp-json\/wp\/v2\/posts\/163457","targetHints":{"allow":["GET"]}}],"collection":[{"href":"https:\/\/www.europesays.com\/pl\/wp-json\/wp\/v2\/posts"}],"about":[{"href":"https:\/\/www.europesays.com\/pl\/wp-json\/wp\/v2\/types\/post"}],"author":[{"embeddable":true,"href":"https:\/\/www.europesays.com\/pl\/wp-json\/wp\/v2\/users\/2"}],"replies":[{"embeddable":true,"href":"https:\/\/www.europesays.com\/pl\/wp-json\/wp\/v2\/comments?post=163457"}],"version-history":[{"count":0,"href":"https:\/\/www.europesays.com\/pl\/wp-json\/wp\/v2\/posts\/163457\/revisions"}],"wp:featuredmedia":[{"embeddable":true,"href":"https:\/\/www.europesays.com\/pl\/wp-json\/wp\/v2\/media\/163458"}],"wp:attachment":[{"href":"https:\/\/www.europesays.com\/pl\/wp-json\/wp\/v2\/media?parent=163457"}],"wp:term":[{"taxonomy":"category","embeddable":true,"href":"https:\/\/www.europesays.com\/pl\/wp-json\/wp\/v2\/categories?post=163457"},{"taxonomy":"post_tag","embeddable":true,"href":"https:\/\/www.europesays.com\/pl\/wp-json\/wp\/v2\/tags?post=163457"}],"curies":[{"name":"wp","href":"https:\/\/api.w.org\/{rel}","templated":true}]}}