{"id":163509,"date":"2025-12-21T17:03:13","date_gmt":"2025-12-21T17:03:13","guid":{"rendered":"https:\/\/www.europesays.com\/pl\/163509\/"},"modified":"2025-12-21T17:03:13","modified_gmt":"2025-12-21T17:03:13","slug":"europa-potajemnie-atakuje-rosje-ma-centrum-dowodzenia-pod-nosem-kremla","status":"publish","type":"post","link":"https:\/\/www.europesays.com\/pl\/163509\/","title":{"rendered":"Europa potajemnie atakuje Rosj\u0119. Ma centrum dowodzenia pod nosem Kremla"},"content":{"rendered":"<p>Na najwy\u017cszym pi\u0119trze szklanego biurowca w Tallinie Aare Reintam planuje misje, kt\u00f3rym wszyscy uczestnicy b\u0119d\u0105 p\u00f3\u017aniej konsekwentnie zaprzecza\u0107. M\u0119\u017cczyzna stoi przed \u015bcian\u0105 pe\u0142n\u0105 monitor\u00f3w, na kt\u00f3rych s\u0105 wy\u015bwietlane tabele i wykresy, a tak\u017ce mapa stolicy Estonii. Wida\u0107 na niej budynki mieszkalne i fabryki, elektrownie i s\u0142upy energetyczne, kliniki i magazyny. Zmieniaj\u0105ce si\u0119 kolory wskazuj\u0105 ich status: nadal nienaruszone lub ju\u017c zhakowane.<\/p>\n<p>\u2014 Nasze wsp\u00f3\u0142czesne spo\u0142ecze\u0144stwo mo\u017cna do\u015b\u0107 \u0142atwo sparali\u017cowa\u0107 \u2014 m\u00f3wi Reintam. Pracuje on dla esto\u0144skiej firmy CybExer. Jego zesp\u00f3\u0142 zajmuje si\u0119 dwiema delikatnymi kwestiami: jak odeprze\u0107 ataki haker\u00f3w i jak skutecznie je przeprowadza\u0107? Zachodnie rz\u0105dy ju\u017c dawno przesta\u0142y skupia\u0107 si\u0119 wy\u0142\u0105cznie na obronie; same r\u00f3wnie\u017c przechodz\u0105 do ofensywy, na przyk\u0142ad wysy\u0142aj\u0105c potajemnie wirusy komputerowe do Rosji lub Iranu.<\/p>\n<p>Tego ranka Reintam ma na sobie d\u017cinsy i bluz\u0119 z kapturem. Jest cywilem, ale bierze udzia\u0142 w tych dzia\u0142aniach \u2014 jest wojownikiem na wirtualnym froncie. \u2014 Zapewniamy kilku pa\u0144stwom UE zdolno\u015bci ofensywne \u2014 m\u00f3wi. W CybExer trwa w\u0142a\u015bnie \u0107wiczenie, a monitory na czwartym pi\u0119trze dostarczaj\u0105 wyniki w czasie rzeczywistym. Nie mo\u017cna ujawni\u0107, co dok\u0142adnie pokazuj\u0105 tabele i wykresy. \u2014 Niech pan po prostu napisze: tutaj wida\u0107 nowoczesn\u0105 wojn\u0119 \u2014 m\u00f3wi Reintam.<\/p>\n<p class=\"ods-c-paragraph \">Wydaje si\u0119, \u017ce Europa znajduje si\u0119 w szarej strefie mi\u0119dzy wojn\u0105 a pokojem. Wed\u0142ug analizy ameryka\u0144skiej firmy Microsoft liczba rosyjskich cyberatak\u00f3w wzros\u0142a w tym roku o 25 proc. Hakerzy powi\u0105zani z Kremlem przej\u0119li najwyra\u017aniej kontrol\u0119 nad zapor\u0105 wodn\u0105 w Norwegii i otworzyli \u015bluz\u0119 przeciwpowodziow\u0105. Atak nie mia\u0142 \u017cadnych konsekwencji, ale pokaza\u0142, co jest mo\u017cliwe.<\/p>\n<p class=\"ods-c-paragraph \">Ponadto prawdopodobnie to rosyjskie drony wielokrotnie naruszy\u0142y przestrze\u0144 powietrzn\u0105 UE. Kilka tygodni temu r\u00f3j dron\u00f3w zosta\u0142 zauwa\u017cony w pobli\u017cu belgijskiej elektrowni atomowej Doel. <a href=\"https:\/\/www.onet.pl\/informacje\/onetwiadomosci\/akt-dywersji-na-kolei-jest-czerwona-nota-interpolu\/74bhkvg,79cfc278\" id=\"96b7f74c-4c3f-4477-8ee5-2a4d18c8ae77\" rel=\"nofollow noopener\" target=\"_blank\">W Polsce eksplozja zniszczy\u0142a niedawno tory wa\u017cnej linii kolejowej<\/a>. Jak nale\u017cy reagowa\u0107 na wszystkie te akty prowokacji i sabota\u017cu? Niekt\u00f3re rz\u0105dy najwyra\u017aniej uwa\u017caj\u0105, \u017ce za pomoc\u0105 algorytm\u00f3w firm takich jak CybExer. Europejscy politycy zmieniaj\u0105 swoje podej\u015bcie. Odwet wobec mocarstwa atomowego, jakim jest Rosja, wydawa\u0142 si\u0119 przez d\u0142ugi czas nie do pomy\u015blenia, ale teraz ma miejsce, cho\u0107 w ukryciu. Na naszym kontynencie wybuch\u0142a cicha wojna algorytm\u00f3w.<\/p>\n<p class=\"ods-c-paragraph \">Jak wyja\u015bnia Aare Reintam, s\u0142abe punkty s\u0105 wsz\u0119dzie. Hakerzy nie musz\u0105 nawet atakowa\u0107 lotnisk czy bank\u00f3w, czyli dobrze chronionej infrastruktury. Wystarczy na przyk\u0142ad kanalizacja. Wiele pomp wodnych wykorzystuje s\u0142abo szyfrowane sieci 2G do wymiany danych. Atak na nie mo\u017ce wywo\u0142a\u0107 reakcj\u0119 \u0142a\u0144cuchow\u0105: toalety przestaj\u0105 dzia\u0142a\u0107, rozprzestrzeniaj\u0105 si\u0119 bakterie, ludzie choruj\u0105, szpitale si\u0119 zape\u0142niaj\u0105. \u2014 W ko\u0144cu ca\u0142y system opieki zdrowotnej zaczyna si\u0119 chwia\u0107 \u2014 m\u00f3wi Reintam.<\/p>\n<p>   Atak na cyfrowe \u017cycie<\/p>\n<p class=\"ods-c-paragraph \">Esto\u0144skie firmy cybernetyczne nale\u017c\u0105 do najlepszych na \u015bwiecie, eksperci z ca\u0142ej Europy chc\u0105 uczy\u0107 si\u0119 od tego pa\u0144stwa, a NATO regularnie przeprowadza tu \u0107wiczenia na wypadek sytuacji kryzysowej. W p\u00f3\u0142nocno-wschodniej Europie, niedaleko granicy z Rosj\u0105, powsta\u0142o swego rodzaju globalne centrum obrony przed hakerami. Jak do tego dosz\u0142o? Jedn\u0105 z os\u00f3b, kt\u00f3re musz\u0105 to wiedzie\u0107, jest Kristen Michal, premier Estonii. Przyjmuje nas w sali konferencyjnej na trzecim pi\u0119trze siedziby rz\u0105du. Przez okna si\u0119gaj\u0105ce od pod\u0142ogi do sufitu rozci\u0105ga si\u0119 widok na stare miasto z jego uliczkami i murami. W oddali wida\u0107 Morze Ba\u0142tyckie, tego popo\u0142udnia szare i wzburzone.<\/p>\n<p><img decoding=\"async\" src=\"https:\/\/www.europesays.com\/pl\/wp-content\/uploads\/2025\/12\/do3k9lBaHR0cHM6Ly9vY2RuLmV1L3B1bHNjbXMvTURBXy8yOWRlZDI4YWNiZTUwY2U1NWVkZmM5OWZiMTViYzMyYy5qcGeRlQLNB.jpeg\" height=\"627\" width=\"940\" alt=\"Premier Estonii Kristen Michal podczas szczytu Rady UE w Brukseli, Belgia, 18 grudnia 2025 r. \" loading=\"lazy\" class=\"ods-c-image__img ods-c-image__img--viewport-width\"\/><\/p>\n<p>Premier Estonii Kristen Michal podczas szczytu Rady UE w Brukseli, Belgia, 18 grudnia 2025 r.OLIVIER MATTHYS \/ PAP<\/p>\n<p class=\"ods-c-paragraph \">\u2014 Jeste\u015bmy najbardziej cyfrowym pa\u0144stwem na \u015bwiecie \u2014 m\u00f3wi Michal. \u2014 U nas wszystko mo\u017cna za\u0142atwi\u0107 online, z wyj\u0105tkiem \u015blubu, do kt\u00f3rego trzeba stawi\u0107 si\u0119 osobi\u015bcie. Administracja Estonii dzia\u0142a bez papieru i jest po\u0142\u0105czona w sie\u0107. Lekarze, szko\u0142y i urz\u0119dy skarbowe maj\u0105 dost\u0119p do tych samych baz danych. Obywatele mog\u0105 podpisywa\u0107 dokumenty cyfrowo i wybiera\u0107 sw\u00f3j parlament online. Dzi\u0119ki programowi o nazwie e-Residency rz\u0105d przyci\u0105ga przedsi\u0119biorc\u00f3w z ca\u0142ego \u015bwiata. Jest to rodzaj wirtualnego obywatelstwa, kt\u00f3re umo\u017cliwia ka\u017cdemu prowadzenie firmy w Estonii.<\/p>\n<p class=\"ods-c-paragraph \">Jednak wszystko to ma r\u00f3wnie\u017c swoj\u0105 ciemn\u0105 stron\u0119, o czym mieszka\u0144cy tego kraju przekonali si\u0119 kilka lat temu. W 2007 r. dosz\u0142o do du\u017cego cyberataku, w wyniku kt\u00f3rego przesta\u0142y dzia\u0142a\u0107 strony internetowe urz\u0119d\u00f3w i bank\u00f3w, a bankomaty straci\u0142y \u0142\u0105czno\u015b\u0107. Prawdopodobnie za atakiem sta\u0142a Rosja. Dzisiaj ataki nadal trwaj\u0105, cho\u0107 na mniejsz\u0105 skal\u0119. \u2014 Mo\u017cna by pomy\u015ble\u0107, \u017ce Kreml ma wystarczaj\u0105co du\u017co na g\u0142owie z wojn\u0105 w Ukrainie \u2014 m\u00f3wi Michal. \u2014 Ale jako\u015b znajduj\u0105 te\u017c czas na hakowanie.<\/p>\n<p class=\"ods-c-paragraph \">Po ataku z 2007 r. NATO utworzy\u0142o w Tallinie centrum badawcze o nieco skomplikowanej nazwie CCDCOE. Znajduje si\u0119 ono dziesi\u0119\u0107 minut jazdy samochodem od siedziby rz\u0105du Michala. Teren jest ogrodzony drutem kolczastym, na budynkach wisz\u0105 kamery, od razu wida\u0107, \u017ce pracuje tu wojsko.<\/p>\n<p>   <img decoding=\"async\" src=\"https:\/\/www.europesays.com\/pl\/wp-content\/uploads\/2025\/12\/DhRk9lBaHR0cHM6Ly9vY2RuLmV1L3B1bHNjbXMvTURBXy9mNWJhYWQ3ZGQ2NzUyMGFmMmVhZmI2NTA1Mjc0ZjBiNi5qcGeRlQLNB.jpeg\" height=\"627\" width=\"940\" alt=\"Minister spraw zagranicznych RP Rados\u0142aw Sikorski (P) podczas wizyty w Centrum Kompetencyjnym ds. Obrony Teleinformatycznej (Cooperative Cyber Centre of Excellence: CCDCOE) w Tallinie, Estonia, 10 grudnia 2010 r.\" loading=\"lazy\" class=\"ods-c-image__img ods-c-image__img--viewport-width\"\/><\/p>\n<p>Minister spraw zagranicznych RP Rados\u0142aw Sikorski (P) podczas wizyty w Centrum Kompetencyjnym ds. Obrony Teleinformatycznej (Cooperative Cyber Centre of Excellence: CCDCOE) w Tallinie, Estonia, 10 grudnia 2010 r.Leszek Szyma\u0144ski \/ PAP<\/p>\n<p> Najwy\u017cszy priorytet<\/p>\n<p class=\"ods-c-paragraph \">Oko\u0142o 70 m\u0119\u017cczyzn i kobiet analizuje w CCDCOE cyberataki, opracowuje \u015brodki zaradcze i doradza pa\u0144stwom NATO. Przygotowuj\u0105 Zach\u00f3d na kolejny wielki atak haker\u00f3w. \u2014 Niewielu genera\u0142\u00f3w jest nerdami [komputerowymi specjalistami] \u2014 m\u00f3wi Christoph Kuehn, stacjonuj\u0105cy tu podpu\u0142kownik Bundeswehry. Ma na sobie mundur bojowy: zielony kamufla\u017c, czarne buty. \u2014 Dlatego szkolenia s\u0105 jednym z naszych najwy\u017cszych priorytet\u00f3w.<\/p>\n<p class=\"ods-c-paragraph \">Przed sal\u0105 szkoleniow\u0105 \u017co\u0142nierze zbudowali symulacj\u0119, 20 metalowych skrzynek ze \u015bwiec\u0105cymi liniami i symbolami. Przedstawiaj\u0105 one sie\u0107 energetyczn\u0105, wida\u0107 generatory, linie wysokiego napi\u0119cia i transformatory. Nagle hakerzy unieruchamiaj\u0105 generator, co nie stanowi jeszcze problemu dla sieci. Ale gdy kilka kolejnych ulega awarii, przep\u0142yw pr\u0105du ulega spowolnieniu. Po dw\u00f3ch minutach migaj\u0105 wszystkie mo\u017cliwe \u015bwiat\u0142a ostrzegawcze. Zaopatrzenie w energi\u0119 si\u0119 za\u0142amuje, nast\u0119puje awaria zasilania. \u2014 <a href=\"https:\/\/wiadomosci.onet.pl\/swiat\/ft-hybrydowa-wojna-rosji-wystawia-europe-w-tym-polske-na-probe\/bzg73zs\" id=\"921ffb14-cade-4b18-b679-8c41c98ee535\" rel=\"nofollow noopener\" target=\"_blank\">To jeden z najgorszych scenariuszy, jakie mo\u017cna sobie wyobrazi\u0107<\/a> \u2014 m\u00f3wi podpu\u0142kownik Kuehn. \u2014 Bez pr\u0105du nic nie dzia\u0142a, \u017cadna karta kredytowa, \u017cadna lod\u00f3wka, \u017caden komputer \u2014 dodaje. Atak haker\u00f3w na elektrowni\u0119 mo\u017ce szybko zdestabilizowa\u0107 spo\u0142ecze\u0144stwo.<\/p>\n<p class=\"ods-c-paragraph \">W tym roku w CCDCOE przeprowadzono dwa pot\u0119\u017cne \u0107wiczenia. W jednym z nich, &#8222;Locked Shields&#8221; [ang. &#8222;Zablokowane tarcze&#8221; &#8211; tegoroczna edycja by\u0142a ju\u017c kolejn\u0105 tych najwi\u0119kszych na \u015bwiecie manewr\u00f3w cyberobrony], fikcyjne pa\u0144stwo Berylia musia\u0142o broni\u0107 si\u0119 przed cyberatakami ze strony Crimsonii. 4000 \u017co\u0142nierzy i cywil\u00f3w by\u0142o zaanga\u017cowanych w operacj\u0119 przez kilka dni, a wszystko dzia\u0142o si\u0119 w czasie rzeczywistym. Wkr\u00f3tce potem odby\u0142o si\u0119 \u0107wiczenie &#8222;Crossed Swords&#8221; [ang. &#8222;Skrzy\u017cowane miecze&#8221;] z odwrotnym scenariuszem, ofensywnym zamiast defensywnym. Eksperci przeprowadzili atak, \u0107wicz\u0105c umiej\u0119tno\u015bci, kt\u00f3re staj\u0105 si\u0119 coraz wa\u017cniejsze w ukrytej wojnie z Rosj\u0105.<\/p>\n<p class=\"ods-c-paragraph \">Stefan Beutelsbacher jest korespondentem w Brukseli. Pisze dla centrum kompetencji gospodarczych WELT i &#8222;Business Insider Deutschland&#8221; o polityce gospodarczej, handlowej i klimatycznej UE. Wcze\u015bniej by\u0142 korespondentem w Nowym Jorku.<\/p>\n<p class=\"ods-c-paragraph \">Artyku\u0142 pochodzi z wydania go\u015bcinnego WELT AM SONNTAG autorstwa Andreasa Gursky&#8217;ego, jednego z najs\u0142ynniejszych fotograf\u00f3w na \u015bwiecie.<\/p>\n","protected":false},"excerpt":{"rendered":"Na najwy\u017cszym pi\u0119trze szklanego biurowca w Tallinie Aare Reintam planuje misje, kt\u00f3rym wszyscy uczestnicy b\u0119d\u0105 p\u00f3\u017aniej konsekwentnie zaprzecza\u0107.&hellip;\n","protected":false},"author":2,"featured_media":163510,"comment_status":"","ping_status":"","sticky":false,"template":"","format":"standard","meta":{"footnotes":""},"categories":[12],"tags":[56,32,33,2363,2364,189,36,37,27,14139,34,35,28,31,48,160,25,46,42,38,40,39,41,87,47,80,2365,29,30,26],"class_list":{"0":"post-163509","1":"post","2":"type-post","3":"status-publish","4":"format-standard","5":"has-post-thumbnail","7":"category-polska","8":"tag-article_premium","9":"tag-breaking-news","10":"tag-breakingnews","11":"tag-cyberbezpieczenstwo","12":"tag-estonia","13":"tag-europa","14":"tag-featured-news","15":"tag-featurednews","16":"tag-headlines","17":"tag-kristen_michal","18":"tag-latest-news","19":"tag-latestnews","20":"tag-naglowki","21":"tag-najwazniejsze-artykuly","22":"tag-nat_styl","23":"tag-nato","24":"tag-news","25":"tag-omp","26":"tag-pl","27":"tag-poland","28":"tag-polish","29":"tag-polska","30":"tag-polski","31":"tag-rosja","32":"tag-screening_general","33":"tag-swiat","34":"tag-tallinn","35":"tag-top-stories","36":"tag-topstories","37":"tag-wiadomosci"},"share_on_mastodon":{"url":"https:\/\/pubeurope.com\/@pl\/115758642650664283","error":""},"_links":{"self":[{"href":"https:\/\/www.europesays.com\/pl\/wp-json\/wp\/v2\/posts\/163509","targetHints":{"allow":["GET"]}}],"collection":[{"href":"https:\/\/www.europesays.com\/pl\/wp-json\/wp\/v2\/posts"}],"about":[{"href":"https:\/\/www.europesays.com\/pl\/wp-json\/wp\/v2\/types\/post"}],"author":[{"embeddable":true,"href":"https:\/\/www.europesays.com\/pl\/wp-json\/wp\/v2\/users\/2"}],"replies":[{"embeddable":true,"href":"https:\/\/www.europesays.com\/pl\/wp-json\/wp\/v2\/comments?post=163509"}],"version-history":[{"count":0,"href":"https:\/\/www.europesays.com\/pl\/wp-json\/wp\/v2\/posts\/163509\/revisions"}],"wp:featuredmedia":[{"embeddable":true,"href":"https:\/\/www.europesays.com\/pl\/wp-json\/wp\/v2\/media\/163510"}],"wp:attachment":[{"href":"https:\/\/www.europesays.com\/pl\/wp-json\/wp\/v2\/media?parent=163509"}],"wp:term":[{"taxonomy":"category","embeddable":true,"href":"https:\/\/www.europesays.com\/pl\/wp-json\/wp\/v2\/categories?post=163509"},{"taxonomy":"post_tag","embeddable":true,"href":"https:\/\/www.europesays.com\/pl\/wp-json\/wp\/v2\/tags?post=163509"}],"curies":[{"name":"wp","href":"https:\/\/api.w.org\/{rel}","templated":true}]}}