{"id":163530,"date":"2025-12-21T17:15:22","date_gmt":"2025-12-21T17:15:22","guid":{"rendered":"https:\/\/www.europesays.com\/pl\/163530\/"},"modified":"2025-12-21T17:15:22","modified_gmt":"2025-12-21T17:15:22","slug":"gieldowy-konflikt-moze-zbudowac-czempiona-wszystko-zalezy-od-jednego","status":"publish","type":"post","link":"https:\/\/www.europesays.com\/pl\/163530\/","title":{"rendered":"Gie\u0142dowy konflikt mo\u017ce zbudowa\u0107 czempiona. Wszystko zale\u017cy od jednego"},"content":{"rendered":"<p><img decoding=\"async\" loading=\"eager\" fetchpriority=\"high\" class=\"atomsArticleGalleryImage__mainImg\" src=\"https:\/\/www.europesays.com\/pl\/wp-content\/uploads\/2025\/11\/il2a17faaa_711866059,size,640x427,crop,0.0000x0.0000x1920.0000x1005.0000,h,9f20bd.jpg\" alt=\"&#x2013; To, co mnie najbardziej oburza, to ferowanie wyrok&#xF3;w przez ludzi, kt&#xF3;rzy nie byli pod t&#x105; presj&#x105;, pod kt&#xF3;r&#x105; by&#x142;a jedna i druga strona &#x2013; m&#xF3;wi Pa&#x142;ka.\" width=\"1920\" height=\"1280\"\/><\/p>\n<p>\n        \u2013 To, co mnie najbardziej oburza, to ferowanie wyrok\u00f3w przez ludzi, kt\u00f3rzy nie byli pod t\u0105 presj\u0105, pod kt\u00f3r\u0105 by\u0142a jedna i druga strona \u2013 m\u00f3wi Pa\u0142ka.<\/p>\n<p>          fot. Pawe\u0142 Relikowski\n        <\/p>\n<p>Je\u015bli uda si\u0119 znale\u017a\u0107 ni\u0107 porozumienia, zapewni\u0107 finansowanie i dowie\u017a\u0107 technologi\u0119, to ten konflikt mo\u017ce si\u0119 okaza\u0107 paradoksalnie najwi\u0119ksz\u0105 szans\u0105 dla obu stron \u2013 ocenia w rozmowie ze Stref\u0105 Biznesu Dawid Pa\u0142ka, przedsi\u0119biorca, inwestor i strateg, wskazuj\u0105c, \u017ce sp\u00f3r wok\u00f3\u0142 Saule i Columbusa wcale nie musi by\u0107 histori\u0105 bez happy endu.<\/p>\n","protected":false},"excerpt":{"rendered":"\u2013 To, co mnie najbardziej oburza, to ferowanie wyrok\u00f3w przez ludzi, kt\u00f3rzy nie byli pod t\u0105 presj\u0105, pod&hellip;\n","protected":false},"author":2,"featured_media":105597,"comment_status":"","ping_status":"","sticky":false,"template":"","format":"standard","meta":{"footnotes":"","_share_on_mastodon":"0"},"categories":[16],"tags":[113,112,23442,32411,6837,42,38,40,39,41,23440],"class_list":["post-163530","post","type-post","status-publish","format-standard","has-post-thumbnail","category-biznes","tag-biznes","tag-business","tag-columbus","tag-dawid-palka","tag-gpw","tag-pl","tag-poland","tag-polish","tag-polska","tag-polski","tag-saule"],"share_on_mastodon":{"url":"https:\/\/pubeurope.com\/@pl\/115758689705655959","error":""},"_links":{"self":[{"href":"https:\/\/www.europesays.com\/pl\/wp-json\/wp\/v2\/posts\/163530","targetHints":{"allow":["GET"]}}],"collection":[{"href":"https:\/\/www.europesays.com\/pl\/wp-json\/wp\/v2\/posts"}],"about":[{"href":"https:\/\/www.europesays.com\/pl\/wp-json\/wp\/v2\/types\/post"}],"author":[{"embeddable":true,"href":"https:\/\/www.europesays.com\/pl\/wp-json\/wp\/v2\/users\/2"}],"replies":[{"embeddable":true,"href":"https:\/\/www.europesays.com\/pl\/wp-json\/wp\/v2\/comments?post=163530"}],"version-history":[{"count":0,"href":"https:\/\/www.europesays.com\/pl\/wp-json\/wp\/v2\/posts\/163530\/revisions"}],"wp:featuredmedia":[{"embeddable":true,"href":"https:\/\/www.europesays.com\/pl\/wp-json\/wp\/v2\/media\/105597"}],"wp:attachment":[{"href":"https:\/\/www.europesays.com\/pl\/wp-json\/wp\/v2\/media?parent=163530"}],"wp:term":[{"taxonomy":"category","embeddable":true,"href":"https:\/\/www.europesays.com\/pl\/wp-json\/wp\/v2\/categories?post=163530"},{"taxonomy":"post_tag","embeddable":true,"href":"https:\/\/www.europesays.com\/pl\/wp-json\/wp\/v2\/tags?post=163530"}],"curies":[{"name":"wp","href":"https:\/\/api.w.org\/{rel}","templated":true}]}}