{"id":163615,"date":"2025-12-21T18:08:10","date_gmt":"2025-12-21T18:08:10","guid":{"rendered":"https:\/\/www.europesays.com\/pl\/163615\/"},"modified":"2025-12-21T18:08:10","modified_gmt":"2025-12-21T18:08:10","slug":"pokonal-drabika-w-czestochowie-kibice-mu-tego-nie-zapomnieli","status":"publish","type":"post","link":"https:\/\/www.europesays.com\/pl\/163615\/","title":{"rendered":"Pokona\u0142 Drabika w Cz\u0119stochowie. Kibice mu tego nie zapomnieli"},"content":{"rendered":"\n<p class=\"contentpart contentpart--default contentpart--text\" data-position=\"0\">W\u00f3wczas <a href=\"https:\/\/sportowefakty.wp.pl\/zuzel\/jacek-krzyzaniak\" rel=\"nofollow noopener\" target=\"_blank\">Jacek Krzy\u017caniak<\/a>\u00a0znajdowa\u0142 si\u0119 u szczytu formy. By\u0142 to najlepszy okres w jego sportowym \u017cyciu. Osi\u0105gn\u0105\u0142 cel, o kt\u00f3rym marzy ka\u017cdy \u017cu\u017clowiec. Stan\u0105\u0142 na najwy\u017cszym stopniu podium Indywidualnych Mistrzostw Polski. To dla niego zabrzmia\u0142 Mazurek D\u0105browskiego i to jego nazwisko trafi\u0142o na legendarn\u0105 Czapk\u0119 Kadyrowa.<\/p>\n<p class=\"contentpart contentpart--default contentpart--text\" data-position=\"1\">W 1997 roku w Cz\u0119stochowie g\u0142\u00f3wnym faworytem by\u0142 S\u0142awomir Drabik, broni\u0105cy tytu\u0142u wywalczonego rok wcze\u015bniej w Warszawie. Lokalni kibice mocno wierzyli w swojego lidera i niewiele zabrak\u0142o, by \u015bwi\u0119towa\u0142 z\u0142oty medal. W jednym z wy\u015bcig\u00f3w pomyli\u0142 jednak liczb\u0119 okr\u0105\u017ce\u0144 i dojecha\u0142 do mety jako drugi, ko\u0144cz\u0105c zawody z dorobkiem 13 punkt\u00f3w, tyle samo co Krzy\u017caniak. Trzeci by\u0142 Tomasz Gollob, kt\u00f3ry startuj\u0105c w cyklu Grand Prix, zgromadzi\u0142 12 punkt\u00f3w.<\/p>\n<p> <img role=\"presentation\" src=\"https:\/\/std.wpcdn.pl\/images\/adv\/placeholder_wp.svg\" loading=\"lazy\" alt=\"\" decoding=\"async\"\/>  <\/p>\n<p class=\"contentpart contentpart--default contentpart--text\" data-position=\"2\">ZOBACZ WIDEO: To na niego wszyscy czekaj\u0105 w Gorzowie? Stal jest zainteresowana od wielu lat<\/p>\n<p class=\"contentpart contentpart--default contentpart--text\" data-position=\"4\">Wy\u015bcig dodatkowy o mistrzostwo przeszed\u0142 do historii, g\u0142\u00f3wnie ze wzgl\u0119du na zachowanie gospodarzy, kt\u00f3rzy robili wszystko, by Drabik zdo\u0142a\u0142 obroni\u0107 tytu\u0142. &#8211; To ciekawe, \u017ce po wylosowaniu p\u00f3l startowych wyjecha\u0142a polewaczka. Tor przygotowuje si\u0119 przed losowaniem, \u017ceby szanse by\u0142y r\u00f3wne. To by\u0142o zrozumia\u0142e, bo S\u0142awek by\u0142 miejscowym matadorem. Chcia\u0142 wygra\u0107, a ludzie chcieli mu pom\u00f3c &#8211; wspomina\u0142 w rozmowie z WP SportoweFakty.<\/p>\n<p class=\"contentpart contentpart--default contentpart--text\" data-position=\"5\">Po starcie Krzy\u017caniak musia\u0142 zmierzy\u0107 si\u0119 z mocno nasi\u0105kni\u0119t\u0105 nawierzchni\u0105 i od razu obra\u0142 jazd\u0119 pod band\u0105, gdzie tor by\u0142 bardziej suchy. Drabik tak\u017ce skierowa\u0142 si\u0119 w to miejsce, co grozi\u0142o kolizj\u0105 obu zawodnik\u00f3w, jednak cz\u0119stochowianin straci\u0142 pr\u0119dko\u015b\u0107 i rywal z Torunia zyska\u0142 przewag\u0119.<\/p>\n<p class=\"contentpart contentpart--default contentpart--text\" data-position=\"6\">Moim celem by\u0142o wygra\u0107 start i wjecha\u0107 na zewn\u0119trzn\u0105. Uda\u0142o mi si\u0119 to i przyblokowa\u0142em go &#8211; relacjonowa\u0142 torunianin. Po latach sam Drabik w rozmowie z portalem weszlo.com przyznawa\u0142, \u017ce liczy\u0142 na inne rozstrzygni\u0119cie: &#8211; S\u0119dzia m\u00f3g\u0142 to powt\u00f3rzy\u0107. Pytanie, za kim by\u0142? &#8211; zastanawia\u0142 si\u0119 zawodnik, kt\u00f3ry zdoby\u0142 srebrny medal.<\/p>\n<p> <img role=\"presentation\" src=\"https:\/\/std.wpcdn.pl\/images\/adv\/placeholder_wp.svg\" loading=\"lazy\" alt=\"\" decoding=\"async\"\/>  <\/p>\n<p class=\"contentpart contentpart--default contentpart--text\" data-position=\"7\">Zawodnik Apatora wypracowa\u0142 przewag\u0119 nad liderem W\u0142\u00f3kniarza i przez ca\u0142y bieg jecha\u0142 w\u015br\u00f3d og\u0142uszaj\u0105cego gwizdu z trybun. W jego stron\u0119 lecia\u0142y butelki. &#8211; Tam by\u0142a sytuacja, \u017ce kr\u00f3tko przed tym cz\u0119stochowscy kibice zostali uznani za najlepszych w Polsce. A potem rzucali butelkami, na szcz\u0119\u015bcie plastikowymi &#8211; opowiada\u0142 z u\u015bmiechem \u00f3wczesny mistrz, dodaj\u0105c, \u017ce jad\u0105c do mety, my\u015bla\u0142 tylko o tym, by nic z\u0142ego si\u0119 nie wydarzy\u0142o.<\/p>\n<p class=\"contentpart contentpart--default contentpart--text\" data-position=\"8\">W sporcie \u017cu\u017clowym, jak w ka\u017cdym innym, przed met\u0105 zawsze mo\u017ce si\u0119 co\u015b wydarzy\u0107. My\u015bla\u0142em o tym, \u017ceby nic si\u0119 nie sta\u0142o i wybiera\u0107 najlepsze \u015bcie\u017cki do jazdy. Rado\u015b\u0107 przysz\u0142a dopiero po przekroczeniu mety. Nie mog\u0142em w to uwierzy\u0107 &#8211; podkre\u015bla\u0142.<\/p>\n<p class=\"contentpart contentpart--default contentpart--text\" data-position=\"9\">Od tego czasu kibice w Cz\u0119stochowie darzyli go wyra\u017an\u0105 niech\u0119ci\u0105. Za ka\u017cdym razem, gdy przyje\u017cd\u017ca\u0142 tam na ligowy mecz, witany by\u0142 g\u0142o\u015bnymi gwizdami.<\/p>\n<p class=\"contentpart contentpart--default contentpart--text\" data-position=\"10\">Niewiele brakowa\u0142o, by kariera Krzy\u017caniaka w og\u00f3le si\u0119 nie rozpocz\u0119\u0142a. W latach 1967-1976 jego ojciec Bogdan by\u0142 \u017cu\u017clowcem klubu z Grodu Kopernika, wi\u0119c ten sport od zawsze by\u0142 obecny w jego \u017cyciu. Sam Jacek d\u0142ugo jednak unika\u0142 motocykla, trenuj\u0105c inne dyscypliny, g\u0142\u00f3wnie pi\u0142k\u0119 no\u017cn\u0105 w Pomorzaninie. &#8211; Gra\u0142em w pi\u0142k\u0119 i mia\u0142em przej\u015b\u0107 do Zawiszy Bydgoszcz. Jednak w zawodach oldboj\u00f3w startowa\u0142 tata. Nie mog\u0142em nie p\u00f3j\u015b\u0107 na stadion &#8211; wspomina\u0142.<\/p>\n<p> <img role=\"presentation\" src=\"https:\/\/std.wpcdn.pl\/images\/adv\/placeholder_wp.svg\" loading=\"lazy\" alt=\"\" decoding=\"async\"\/>  <\/p>\n<p class=\"contentpart contentpart--default contentpart--text\" data-position=\"11\">Mia\u0142 18 lat, gdy okaza\u0142o si\u0119, \u017ce \u017cu\u017cel jednak go wci\u0105gn\u0105\u0142 i rozpocz\u0105\u0142 nowy etap swojego \u017cycia. &#8211; Patrzy\u0142em na niego i my\u015bla\u0142em, \u017ce to stary facet, a radzi sobie \u015bwietnie. W\u0142a\u015bciwie wszystko zale\u017cy od niego. \u017bu\u017cel to sport dru\u017cynowy, ale te\u017c indywidualny. W pi\u0142ce du\u017co zale\u017cy od zespo\u0142u. Zobaczy\u0142em to i zapragn\u0105\u0142em spr\u00f3bowa\u0107 &#8211; opowiada\u0142.<\/p>\n<p class=\"contentpart contentpart--default contentpart--text\" data-position=\"12\">Podczas naboru do klubu jego wiek nie by\u0142 atutem. Zosta\u0142 odrzucony, poniewa\u017c uznano go za zbyt starego. Pomog\u0142o jednak to, \u017ce jego s\u0105siadem by\u0142 Jan Z\u0105bik, kt\u00f3ry przyj\u0105\u0142 go do szk\u00f3\u0142ki. Rodzice nie byli entuzjastycznie nastawieni do \u017cu\u017clowych trening\u00f3w syna. Matka obawia\u0142a si\u0119 zagro\u017ce\u0144, a ojciec wola\u0142, by rozwija\u0142 si\u0119 w innych sportach.<\/p>\n<p class=\"contentpart contentpart--default contentpart--text\" data-position=\"13\">Ostatecznie Jacek Krzy\u017caniak poszed\u0142 drog\u0105 swojego ojca Bogdana. W I Lidze zadebiutowa\u0142 w wieku 20 lat. Jak na \u017cu\u017clowe realia by\u0142o to p\u00f3\u017ano, jednak bior\u0105c pod uwag\u0119, \u017ce szybko sta\u0142 si\u0119 jednym z czo\u0142owych zawodnik\u00f3w w kraju i zdoby\u0142 wiele medali, budzi to uznanie. Na dziesi\u0119ciolecie kariery wywalczy\u0142 w Pile srebrny medal Dru\u017cynowych Mistrzostw \u015awiata z reprezentacj\u0105 oraz tytu\u0142, o kt\u00f3rym zawsze marzy\u0142.<\/p>\n<p> <img role=\"presentation\" src=\"https:\/\/std.wpcdn.pl\/images\/adv\/placeholder_wp.svg\" loading=\"lazy\" alt=\"\" decoding=\"async\"\/>  <\/p>\n<p class=\"contentpart contentpart--default contentpart--text\" data-position=\"14\">Gdy zaczyna\u0142em, najwa\u017cniejsze by\u0142o dla mnie indywidualne mistrzostwo Polski. To by\u0142 m\u00f3j cel od samego pocz\u0105tku i uda\u0142o si\u0119 go zrealizowa\u0107. Nie my\u015bla\u0142em o mistrzostwach \u015bwiata, bo wtedy byli\u015bmy jeszcze za kurtyn\u0105. Nawet nie pomy\u015bla\u0142em o tym &#8211; m\u00f3wi\u0142.<\/p>\n<p class=\"contentpart contentpart--default contentpart--text\" data-position=\"15\">Warto doda\u0107, \u017ce sukces w Cz\u0119stochowie by\u0142 dla Krzy\u017caniaka drugim podium w IMP. W 1994 roku we Wroc\u0142awiu uleg\u0142 jedynie Gollobowi, a na prze\u0142omie wiek\u00f3w do\u0142o\u017cy\u0142 jeszcze trzy br\u0105zowe medale (1999, 2000, 2002), ju\u017c jako zawodnik WTS-u Wroc\u0142aw. Do dzi\u015b pozostaje drugim i jednocze\u015bnie ostatnim indywidualnym mistrzem Polski senior\u00f3w wywodz\u0105cym si\u0119 z toru\u0144skiego Apatora.<\/p>\n<p class=\"contentpart contentpart--default contentpart--text\" data-position=\"16\">Po przenosinach z Torunia do Wroc\u0142awia, kt\u00f3rym towarzyszy\u0142y spory mi\u0119dzy klubami zako\u0144czone w s\u0105dzie, startowa\u0142 jeszcze w barwach zespo\u0142\u00f3w z Bydgoszczy i Grudzi\u0105dza. W tym okresie zaliczy\u0142 dwa gro\u017ane upadki, kt\u00f3re mia\u0142y du\u017cy wp\u0142yw na jego dalsze \u017cycie. W 2003 roku w Zielonej G\u00f3rze dozna\u0142 wielu z\u0142ama\u0144, a w 2007 roku w Grudzi\u0105dzu przeszed\u0142 kilkutygodniow\u0105 \u015bpi\u0105czk\u0119 i st\u0142uczenie m\u00f3zgu.<\/p>\n<p> <img role=\"presentation\" src=\"https:\/\/std.wpcdn.pl\/images\/adv\/placeholder_wp.svg\" loading=\"lazy\" alt=\"\" decoding=\"async\"\/>  <\/p>\n<p class=\"contentpart contentpart--default contentpart--text\" data-position=\"17\">Torunianin wr\u00f3ci\u0142 do zdrowia, jednak wkr\u00f3tce zdecydowa\u0142 si\u0119 zako\u0144czy\u0107 karier\u0119 sportow\u0105. Z \u017cu\u017clem jednak nie zerwa\u0142. Pozosta\u0142 blisko tego \u015brodowiska, pe\u0142ni\u0105c z przerwami funkcj\u0119 komisarza toru m.in. podczas spotka\u0144 PGE Ekstraligi. Przez dwa lata (2014-2015) pracowa\u0142 tak\u017ce z m\u0142odzie\u017c\u0105 w swoim macierzystym klubie. By\u0142 r\u00f3wnie\u017c radnym miasta Torunia.<\/p>\n","protected":false},"excerpt":{"rendered":"W\u00f3wczas Jacek Krzy\u017caniak\u00a0znajdowa\u0142 si\u0119 u szczytu formy. By\u0142 to najlepszy okres w jego sportowym \u017cyciu. Osi\u0105gn\u0105\u0142 cel, o&hellip;\n","protected":false},"author":2,"featured_media":163616,"comment_status":"","ping_status":"","sticky":false,"template":"","format":"standard","meta":{"footnotes":""},"categories":[24],"tags":[19432,32419,42,38,40,39,41,127,126,174],"class_list":{"0":"post-163615","1":"post","2":"type-post","3":"status-publish","4":"format-standard","5":"has-post-thumbnail","7":"category-sport","8":"tag-historia-zuzla","9":"tag-jacek-krzyzaniak","10":"tag-pl","11":"tag-poland","12":"tag-polish","13":"tag-polska","14":"tag-polski","15":"tag-sport","16":"tag-sports","17":"tag-zuzel"},"share_on_mastodon":{"url":"https:\/\/pubeurope.com\/@pl\/115758898574944073","error":""},"_links":{"self":[{"href":"https:\/\/www.europesays.com\/pl\/wp-json\/wp\/v2\/posts\/163615","targetHints":{"allow":["GET"]}}],"collection":[{"href":"https:\/\/www.europesays.com\/pl\/wp-json\/wp\/v2\/posts"}],"about":[{"href":"https:\/\/www.europesays.com\/pl\/wp-json\/wp\/v2\/types\/post"}],"author":[{"embeddable":true,"href":"https:\/\/www.europesays.com\/pl\/wp-json\/wp\/v2\/users\/2"}],"replies":[{"embeddable":true,"href":"https:\/\/www.europesays.com\/pl\/wp-json\/wp\/v2\/comments?post=163615"}],"version-history":[{"count":0,"href":"https:\/\/www.europesays.com\/pl\/wp-json\/wp\/v2\/posts\/163615\/revisions"}],"wp:featuredmedia":[{"embeddable":true,"href":"https:\/\/www.europesays.com\/pl\/wp-json\/wp\/v2\/media\/163616"}],"wp:attachment":[{"href":"https:\/\/www.europesays.com\/pl\/wp-json\/wp\/v2\/media?parent=163615"}],"wp:term":[{"taxonomy":"category","embeddable":true,"href":"https:\/\/www.europesays.com\/pl\/wp-json\/wp\/v2\/categories?post=163615"},{"taxonomy":"post_tag","embeddable":true,"href":"https:\/\/www.europesays.com\/pl\/wp-json\/wp\/v2\/tags?post=163615"}],"curies":[{"name":"wp","href":"https:\/\/api.w.org\/{rel}","templated":true}]}}