{"id":163621,"date":"2025-12-21T18:13:10","date_gmt":"2025-12-21T18:13:10","guid":{"rendered":"https:\/\/www.europesays.com\/pl\/163621\/"},"modified":"2025-12-21T18:13:10","modified_gmt":"2025-12-21T18:13:10","slug":"akcja-w-tatrach-dwaj-19-latkowie-z-polski-odnalezieni","status":"publish","type":"post","link":"https:\/\/www.europesays.com\/pl\/163621\/","title":{"rendered":"Akcja w Tatrach. Dwaj 19-latkowie z Polski odnalezieni"},"content":{"rendered":"<p>Dw\u00f3ch 19-letnich polskich turyst\u00f3w sp\u0119dzi\u0142o noc w s\u0142owackich Tatrach Wysokich po nieudanej pr\u00f3bie powrotu z rejonu Krywania. Nastolatkowie zostali odnalezieni w niedziel\u0119 rano po ca\u0142onocnych poszukiwaniach prowadzonych przez s\u0142owackich ratownik\u00f3w z Horskiej Zachrannej S\u0142u\u017cby (HZS). &#8222;Byli cali i zdrowi&#8221; &#8211; przekazali S\u0142owacy z HZS.<\/p>\n<p>                         &#13;<br \/>\n        &#13;<\/p>\n<p>                                        &#13;<br \/>\n                        &#13;<br \/>\n                            <img decoding=\"async\" src=\"https:\/\/www.europesays.com\/pl\/wp-content\/uploads\/2025\/12\/000M3VYMDCNAE6OX-C123-F4.jpg\" title=\"\u200bPoszli w Tatry w czw\u00f3rk\u0119, ale si\u0119 rozdzielili. Poszukiwania trwa\u0142y ca\u0142\u0105 noc\" alt=\"Ratownicy HZS prowadzili ca\u0142onocne poszukiwania. \/HZS \/\" class=\"img-responsive\"\/>&#13;<\/p>\n<p>                            &#13;<\/p>\n<p>      &#13;<br \/>\n                            Ratownicy HZS prowadzili ca\u0142onocne poszukiwania.&#13;<br \/>\n                                    \/HZS \/   &#13;\n                                    <\/p>\n<p>&#13;<\/p>\n<p>Czw\u00f3rka Polak\u00f3w wyruszy\u0142a w sobot\u0119 z Trzech \u0179r\u00f3de\u0142 (s\u0142ow. Tri studni\u010dky) na Krywa\u0144 &#8211;\u00a0szczyt w po\u0142udniowo-zachodniej cz\u0119\u015bci Tatr Wysokich po stronie s\u0142owackiej, licz\u0105cy\u00a02\u00a0495\u00a0m n.p.m. W trakcie podej\u015bcia tury\u015bci zeszli z zielonego szlaku turystycznego na niebieski, kt\u00f3rym dotarli w rejon wylotu Doliny Hli\u0144skiej. Tam podj\u0119li jednak decyzj\u0119 o rezygnacji z dalszej wyprawy i powrocie.<\/p>\n<p>  Dw\u00f3ch uczestnik\u00f3w wyprawy posz\u0142o naprz\u00f3d, natomiast para 19-latk\u00f3w pozosta\u0142a w tyle. Do p\u00f3\u017anych godzin wieczornych wolniejsza dw\u00f3jka nie dotar\u0142a jednak na miejsce, co sk\u0142oni\u0142o pozosta\u0142ych do zaalarmowania Horskiej Zachrannej S\u0142u\u017cby.\u00a0<\/p>\n<p>W nocy ratownicy HZS prowadzili poszukiwania piesze oraz z powietrza, wykorzystuj\u0105c drona z kamer\u0105 termowizyjn\u0105. Przeszukiwano m.in. Dolin\u0119 Koprow\u0105 i okoliczne tereny, jednak bez rezultatu. W zwi\u0105zku z d\u0142ugotrwa\u0142\u0105 akcj\u0105 ratunkow\u0105 aktywowano r\u00f3wnie\u017c aparatur\u0119 ECMO w Ba\u0144skiej Bystrzycy, czyli specjalistyczny sprz\u0119t medyczny umo\u017cliwiaj\u0105cy pozaustrojowe natlenianie krwi, wykorzystywane m.in. w przypadku ci\u0119\u017ckiej hipotermii.<\/p>\n<p>  &#8222;O \u015bwicie w niedziel\u0119 do dzia\u0142a\u0144 w\u0142\u0105czy\u0142o si\u0119 siedmiu kolejnych ratownik\u00f3w z psami szkolonymi do poszukiwa\u0144 ludzi oraz grupa 11 zawodowych i ochotniczych ratownik\u00f3w g\u00f3rskich. Zaginieni m\u0142odzi m\u0119\u017cczy\u017ani zostali odnalezieni w rejonie Ni\u017cniej Niewcyrskiej Siklawy (s\u0142ow. Kme\u0165ov vodop\u00e1d &#8211; przyp. red.). Byli cali i zdrowi&#8221; &#8211; przekaza\u0142a HZS. Ratownicy przetransportowali 19-latk\u00f3w do Starego Smokowca.<\/p>\n<p>    &#13;<br \/>\n        &#13;<\/p>\n<p>                                        &#13;<br \/>\n                        &#13;<br \/>\n                            <img decoding=\"async\" src=\"https:\/\/www.europesays.com\/pl\/wp-content\/uploads\/2025\/12\/000M3VYHIWX1CL1E-C123-F4.jpg\" title=\"\u200bPoszli w Tatry w czw\u00f3rk\u0119, ale si\u0119 rozdzielili. Poszukiwania trwa\u0142y ca\u0142\u0105 noc\" alt=\"Ratownicy HZS u\u017cyli do poszukiwa\u0144 m.in. drona \/HZS \/\" class=\"img-responsive\"\/>&#13;<\/p>\n<p>                            &#13;<\/p>\n<p>      &#13;<br \/>\n                            Ratownicy HZS u\u017cyli do poszukiwa\u0144 m.in. drona&#13;<br \/>\n                                    \/HZS \/   &#13;\n                                    <\/p>\n<p>&#13;<\/p>\n<p>  Obecne warunki w Tatrach wymagaj\u0105 bardzo du\u017cego do\u015bwiadczenia oraz odpowiedniego przygotowania przed wyj\u015bciem w g\u00f3ry. W wy\u017cszych partiach g\u00f3r wi\u0119kszo\u015b\u0107 szlak\u00f3w jest silnie oblodzona. Poruszanie si\u0119 na du\u017cych wysoko\u015bciach wymaga nie tylko do\u015bwiadczenia, ale tak\u017ce umiej\u0119tno\u015bci oceny lokalnego zagro\u017cenia lawinowego oraz w\u0142a\u015bciwego planowania trasy. Niezb\u0119dny jest pe\u0142ny zimowy sprz\u0119t, w tym raki, czekan, kask oraz lawinowe ABC, a tak\u017ce umiej\u0119tno\u015b\u0107 pos\u0142ugiwania si\u0119 tym wyposa\u017ceniem.<\/p>\n","protected":false},"excerpt":{"rendered":"Dw\u00f3ch 19-letnich polskich turyst\u00f3w sp\u0119dzi\u0142o noc w s\u0142owackich Tatrach Wysokich po nieudanej pr\u00f3bie powrotu z rejonu Krywania. Nastolatkowie&hellip;\n","protected":false},"author":2,"featured_media":163622,"comment_status":"","ping_status":"","sticky":false,"template":"","format":"standard","meta":{"footnotes":""},"categories":[12],"tags":[32,33,36,37,27,34,35,28,31,25,42,38,40,39,41,29,30,26],"class_list":{"0":"post-163621","1":"post","2":"type-post","3":"status-publish","4":"format-standard","5":"has-post-thumbnail","7":"category-polska","8":"tag-breaking-news","9":"tag-breakingnews","10":"tag-featured-news","11":"tag-featurednews","12":"tag-headlines","13":"tag-latest-news","14":"tag-latestnews","15":"tag-naglowki","16":"tag-najwazniejsze-artykuly","17":"tag-news","18":"tag-pl","19":"tag-poland","20":"tag-polish","21":"tag-polska","22":"tag-polski","23":"tag-top-stories","24":"tag-topstories","25":"tag-wiadomosci"},"share_on_mastodon":{"url":"https:\/\/pubeurope.com\/@pl\/115758918167720261","error":""},"_links":{"self":[{"href":"https:\/\/www.europesays.com\/pl\/wp-json\/wp\/v2\/posts\/163621","targetHints":{"allow":["GET"]}}],"collection":[{"href":"https:\/\/www.europesays.com\/pl\/wp-json\/wp\/v2\/posts"}],"about":[{"href":"https:\/\/www.europesays.com\/pl\/wp-json\/wp\/v2\/types\/post"}],"author":[{"embeddable":true,"href":"https:\/\/www.europesays.com\/pl\/wp-json\/wp\/v2\/users\/2"}],"replies":[{"embeddable":true,"href":"https:\/\/www.europesays.com\/pl\/wp-json\/wp\/v2\/comments?post=163621"}],"version-history":[{"count":0,"href":"https:\/\/www.europesays.com\/pl\/wp-json\/wp\/v2\/posts\/163621\/revisions"}],"wp:featuredmedia":[{"embeddable":true,"href":"https:\/\/www.europesays.com\/pl\/wp-json\/wp\/v2\/media\/163622"}],"wp:attachment":[{"href":"https:\/\/www.europesays.com\/pl\/wp-json\/wp\/v2\/media?parent=163621"}],"wp:term":[{"taxonomy":"category","embeddable":true,"href":"https:\/\/www.europesays.com\/pl\/wp-json\/wp\/v2\/categories?post=163621"},{"taxonomy":"post_tag","embeddable":true,"href":"https:\/\/www.europesays.com\/pl\/wp-json\/wp\/v2\/tags?post=163621"}],"curies":[{"name":"wp","href":"https:\/\/api.w.org\/{rel}","templated":true}]}}