{"id":163662,"date":"2025-12-21T18:37:07","date_gmt":"2025-12-21T18:37:07","guid":{"rendered":"https:\/\/www.europesays.com\/pl\/163662\/"},"modified":"2025-12-21T18:37:07","modified_gmt":"2025-12-21T18:37:07","slug":"kris-znow-prezentuje-gladka-twarz-trudno-uwierzyc-ze-ma-70-lat","status":"publish","type":"post","link":"https:\/\/www.europesays.com\/pl\/163662\/","title":{"rendered":"Kris zn\u00f3w prezentuje g\u0142adk\u0105 twarz. Trudno uwierzy\u0107, \u017ce ma 70 lat"},"content":{"rendered":"<p>Kris Jenner to bez w\u0105tpienia najs\u0142awniejsza &#8222;momager&#8221; na \u015bwiecie. M\u00f3wi si\u0119, \u017ce to w\u0142a\u015bnie dzi\u0119ki jej biznesowemu zmys\u0142owi, smyka\u0142ce do interes\u00f3w i\u00a0znajomo\u015bciom wypromowa\u0142a si\u0119 rodzina Kardashian-Jenner.<\/p>\n<p>Ostatnio rodzicielka Kim zn\u00f3w pochwali\u0142a si\u0119 zdj\u0119ciami, na kt\u00f3rych uwag\u0119 zwraca jej m\u0142odzie\u0144cze oblicze. Bizneswoman wrzuci\u0142a kilka kadr\u00f3w z\u00a041-letni\u0105 c\u00f3rk\u0105, Khloe Kardashian i\u00a056-letni\u0105 przyjaci\u00f3\u0142k\u0105, Lauren Sanchez. Wystrojone w\u00a0futrzane stylizacje milionerki pozowa\u0142y na tle dekoracji \u015bwi\u0105tecznych. Jak mo\u017cna wywnioskowa\u0107 z\u00a0opisu, spotka\u0142y si\u0119 w\u00a0ramach \u015bwi\u0105tecznego przyj\u0119cia.<\/p>\n<p>Uwielbiam sp\u0119dza\u0107 \u015bwi\u0119ta Bo\u017cego Narodzenia z\u00a0t\u0105 dw\u00f3jk\u0105! &#8211;\u00a0podpisa\u0142a fotografie Kris.<\/p>\n<p>Zobaczcie. Wygl\u0105daj\u0105 jak r\u00f3wie\u015bniczki?<\/p>\n","protected":false},"excerpt":{"rendered":"Kris Jenner to bez w\u0105tpienia najs\u0142awniejsza &#8222;momager&#8221; na \u015bwiecie. M\u00f3wi si\u0119, \u017ce to w\u0142a\u015bnie dzi\u0119ki jej biznesowemu zmys\u0142owi,&hellip;\n","protected":false},"author":2,"featured_media":163663,"comment_status":"","ping_status":"","sticky":false,"template":"","format":"standard","meta":{"footnotes":""},"categories":[22],"tags":[122,42,38,40,39,41,123],"class_list":{"0":"post-163662","1":"post","2":"type-post","3":"status-publish","4":"format-standard","5":"has-post-thumbnail","7":"category-rozrywka","8":"tag-entertainment","9":"tag-pl","10":"tag-poland","11":"tag-polish","12":"tag-polska","13":"tag-polski","14":"tag-rozrywka"},"share_on_mastodon":{"url":"https:\/\/pubeurope.com\/@pl\/115759011818778305","error":""},"_links":{"self":[{"href":"https:\/\/www.europesays.com\/pl\/wp-json\/wp\/v2\/posts\/163662","targetHints":{"allow":["GET"]}}],"collection":[{"href":"https:\/\/www.europesays.com\/pl\/wp-json\/wp\/v2\/posts"}],"about":[{"href":"https:\/\/www.europesays.com\/pl\/wp-json\/wp\/v2\/types\/post"}],"author":[{"embeddable":true,"href":"https:\/\/www.europesays.com\/pl\/wp-json\/wp\/v2\/users\/2"}],"replies":[{"embeddable":true,"href":"https:\/\/www.europesays.com\/pl\/wp-json\/wp\/v2\/comments?post=163662"}],"version-history":[{"count":0,"href":"https:\/\/www.europesays.com\/pl\/wp-json\/wp\/v2\/posts\/163662\/revisions"}],"wp:featuredmedia":[{"embeddable":true,"href":"https:\/\/www.europesays.com\/pl\/wp-json\/wp\/v2\/media\/163663"}],"wp:attachment":[{"href":"https:\/\/www.europesays.com\/pl\/wp-json\/wp\/v2\/media?parent=163662"}],"wp:term":[{"taxonomy":"category","embeddable":true,"href":"https:\/\/www.europesays.com\/pl\/wp-json\/wp\/v2\/categories?post=163662"},{"taxonomy":"post_tag","embeddable":true,"href":"https:\/\/www.europesays.com\/pl\/wp-json\/wp\/v2\/tags?post=163662"}],"curies":[{"name":"wp","href":"https:\/\/api.w.org\/{rel}","templated":true}]}}