{"id":163724,"date":"2025-12-21T19:16:09","date_gmt":"2025-12-21T19:16:09","guid":{"rendered":"https:\/\/www.europesays.com\/pl\/163724\/"},"modified":"2025-12-21T19:16:09","modified_gmt":"2025-12-21T19:16:09","slug":"warszawa-zabral-chlopca-z-mieszkania-akcja-sluzb-policji","status":"publish","type":"post","link":"https:\/\/www.europesays.com\/pl\/163724\/","title":{"rendered":"Warszawa. Zabra\u0142 ch\u0142opca z mieszkania. Akcja s\u0142u\u017cb policji"},"content":{"rendered":"<p>&#13;<br \/>\n        \tM\u0119\u017cczyzna wyprowadzi\u0142 dziewi\u0119cioletniego ch\u0142opca z mieszkania na warszawskiej Bia\u0142o\u0142\u0119ce. Zdaniem funkcjonariuszy, m\u0119\u017cczyzna nie jest biologicznym ojcem dziecka. Do zdarzenia mia\u0142o doj\u015b\u0107 podczas awantury domowej. Policja prowadzi obecnie rozmowy z m\u0119\u017cczyzn\u0105.&#13;\n        \t<\/p>\n<p>Warszawa. M\u0119\u017cczyzna zabra\u0142 dziecko, trwa ob\u0142awa policji<\/p>\n<p>M\u0119\u017cczyzna wyprowadzi\u0142 dziewi\u0119cioletniego ch\u0142opca z mieszkania na warszawskiej Bia\u0142o\u0142\u0119ce i uda\u0142 si\u0119 z nim w nieznanym kierunku &#8211; potwierdzi\u0142 w rozmowie z Interi\u0105 zesp\u00f3\u0142 prasowy Komendy Sto\u0142ecznej Policji. Rozpocz\u0119\u0142a si\u0119 ob\u0142awa. Wiadomo, \u017ce m\u0119\u017cczyzna nie jest biologicznym ojcem dziecka.<\/p>\n<p>\u00a0<\/p>\n<p>Do incydentu dosz\u0142o podczas awantury domowej. O sprawie jako pierwszy informowa\u0142 serwis Warszawa w Pigu\u0142ce. Szczeg\u00f3\u0142y sprawy przekaza\u0142a Interii nadkom. Paulina Onyszko, oficer prasowa Komendy Rejonowej Policji Warszawa VI.<\/p>\n<p>\u00a0<\/p>\n<p>ZOBACZ: <a href=\"https:\/\/www.polsatnews.pl\/wiadomosc\/2025-06-29\/policja-podaje-nowa-wersje-zdarzen-wynurzyl-sie-tylko-raz\/\" target=\"_blank\" rel=\"noopener noreferrer nofollow\">Trwa ob\u0142awa, policja podaje now\u0105 wersj\u0119 zdarze\u0144. &#8222;Wynurzy\u0142 si\u0119 tylko raz&#8221;<\/a><\/p>\n<p>Zg\u0142oszenia dokona\u0142a mama ch\u0142opca, do kt\u00f3rej przyszed\u0142 w niedziel\u0119 by\u0142y partner. &#8211; Dosz\u0142o pomi\u0119dzy nimi do sprzeczki, m\u0119\u017cczyzna opu\u015bci\u0142 mieszkanie z jej dziewi\u0119cioletnim synem, mimo wyra\u017anego sprzeciwu kobiety. Matka poinformowa\u0142a nas o tym fakcie &#8211; przekaza\u0142a policjantka. Jak doda\u0142a, nie jest on biologicznym ojcem dziecka.<\/p>\n<p>Warszawa. Zabra\u0142 dziecko mimo sprzeciwu matki. Policja prowadzi rozmowy<\/p>\n<p>Policja rozpocz\u0119\u0142a poszukiwania ch\u0142opca. &#8211; Ustalili\u015bmy jego miejsce pobytu razem z tym m\u0119\u017cczyzn\u0105. Obecnie rozmawiamy z nim, \u017ceby przekaza\u0142 ch\u0142opca mamie &#8211; doda\u0142a nadkom. Onyszko.<\/p>\n<p>Funkcjonariuszka zaznaczy\u0142a, \u017ce obecnie najwa\u017cniejsze jest zadbanie o bezpiecze\u0144stwo dziecka. Przekaza\u0142a tak\u017ce, \u017ce dziecko nie odnios\u0142o obra\u017ce\u0144.<\/p>\n<p>\u00a0<\/p>\n<p>Widzia\u0142e\u015b co\u015b wa\u017cnego? Przy\u015blij zdj\u0119cie, film lub napisz, co si\u0119 sta\u0142o. Skorzystaj z naszej <a href=\"https:\/\/www.polsatnews.pl\/platforma-widzow\/\" target=\"_blank\" rel=\"noopener noreferrer nofollow\">Wrzutni<\/a><\/p>\n<p>                <img decoding=\"async\" src=\"https:\/\/www.europesays.com\/pl\/wp-content\/uploads\/2025\/12\/pvajtcdzqu1qar7yvdnf4y1enqae42so.jpg\" alt=\"\" itemprop=\"contentUrl\" style=\"position:absolute; width: 100%; max-height: 100%;\"\/><video controls=\"\" controlslist=\"nodownload\" poster=\"https:\/\/www.europesays.com\/pl\/wp-content\/uploads\/2025\/12\/pvajtcdzqu1qar7yvdnf4y1enqae42so.jpg\" class=\"videoPlayer player6855870 news__video\" data-id=\"6855870\">Twoja przegl\u0105darka nie wspiera odtwarzacza wideo&#8230;<\/video><\/p>\n<p>                <a class=\"news__read-more-button\" href=\"https:\/\/www.polsatnews.pl\/\" rel=\"nofollow noopener\" target=\"_blank\">Czytaj wi\u0119cej<\/a><\/p>\n<p>\t\t\tChcesz by\u0107 na bie\u017c\u0105co z najnowszymi newsami?<\/p>\n<p class=\"app-ad__preview\">Jeste\u015bmy w aplikacji na Tw\u00f3j telefon. Sprawd\u017a\u00a0nas!<\/p>\n","protected":false},"excerpt":{"rendered":"&#13; M\u0119\u017cczyzna wyprowadzi\u0142 dziewi\u0119cioletniego ch\u0142opca z mieszkania na warszawskiej Bia\u0142o\u0142\u0119ce. Zdaniem funkcjonariuszy, m\u0119\u017cczyzna nie jest biologicznym ojcem dziecka.&hellip;\n","protected":false},"author":2,"featured_media":163725,"comment_status":"","ping_status":"","sticky":false,"template":"","format":"standard","meta":{"footnotes":""},"categories":[12],"tags":[32,33,36,37,27,34,35,28,31,25,42,38,40,39,41,29,30,26],"class_list":{"0":"post-163724","1":"post","2":"type-post","3":"status-publish","4":"format-standard","5":"has-post-thumbnail","7":"category-polska","8":"tag-breaking-news","9":"tag-breakingnews","10":"tag-featured-news","11":"tag-featurednews","12":"tag-headlines","13":"tag-latest-news","14":"tag-latestnews","15":"tag-naglowki","16":"tag-najwazniejsze-artykuly","17":"tag-news","18":"tag-pl","19":"tag-poland","20":"tag-polish","21":"tag-polska","22":"tag-polski","23":"tag-top-stories","24":"tag-topstories","25":"tag-wiadomosci"},"share_on_mastodon":{"url":"https:\/\/pubeurope.com\/@pl\/115759165452812943","error":""},"_links":{"self":[{"href":"https:\/\/www.europesays.com\/pl\/wp-json\/wp\/v2\/posts\/163724","targetHints":{"allow":["GET"]}}],"collection":[{"href":"https:\/\/www.europesays.com\/pl\/wp-json\/wp\/v2\/posts"}],"about":[{"href":"https:\/\/www.europesays.com\/pl\/wp-json\/wp\/v2\/types\/post"}],"author":[{"embeddable":true,"href":"https:\/\/www.europesays.com\/pl\/wp-json\/wp\/v2\/users\/2"}],"replies":[{"embeddable":true,"href":"https:\/\/www.europesays.com\/pl\/wp-json\/wp\/v2\/comments?post=163724"}],"version-history":[{"count":0,"href":"https:\/\/www.europesays.com\/pl\/wp-json\/wp\/v2\/posts\/163724\/revisions"}],"wp:featuredmedia":[{"embeddable":true,"href":"https:\/\/www.europesays.com\/pl\/wp-json\/wp\/v2\/media\/163725"}],"wp:attachment":[{"href":"https:\/\/www.europesays.com\/pl\/wp-json\/wp\/v2\/media?parent=163724"}],"wp:term":[{"taxonomy":"category","embeddable":true,"href":"https:\/\/www.europesays.com\/pl\/wp-json\/wp\/v2\/categories?post=163724"},{"taxonomy":"post_tag","embeddable":true,"href":"https:\/\/www.europesays.com\/pl\/wp-json\/wp\/v2\/tags?post=163724"}],"curies":[{"name":"wp","href":"https:\/\/api.w.org\/{rel}","templated":true}]}}