{"id":163803,"date":"2025-12-21T20:19:20","date_gmt":"2025-12-21T20:19:20","guid":{"rendered":"https:\/\/www.europesays.com\/pl\/163803\/"},"modified":"2025-12-21T20:19:20","modified_gmt":"2025-12-21T20:19:20","slug":"protest-i-kontrmanifestacja-pod-gdanskim-szpitalem-narodowcy-i-ludzie-brauna-kontra-lewica","status":"publish","type":"post","link":"https:\/\/www.europesays.com\/pl\/163803\/","title":{"rendered":"Protest i kontrmanifestacja pod gda\u0144skim szpitalem. Narodowcy i ludzie Brauna kontra Lewica"},"content":{"rendered":"<ul>\n<li>Przeciwnicy aborcji protestowali przed szpitalem na gda\u0144skiej Zaspie; <\/li>\n<li>Organizatorka manifestacji Kaja Godek z Fundacji Zycie i Rodzina przekonywa\u0142a, \u017ce w murach szpitala dochodzi do nieprawid\u0142owo\u015bci;\u00a0<\/li>\n<li>W manifestacji wzi\u0119li udzia\u0142 tak\u017ce narodowcy z M\u0142odzie\u017cy Wszechpolskiej i reprezentanci Konfederacji Korony Polskiej &#8211; lidera partii Grzegorza Brauna jednak zabrak\u0142o;\u00a0<\/li>\n<li>Na miejscu pojawi\u0142a si\u0119 te\u017c grupa kontrmanifestant\u00f3w &#8211; przyszli przedstawiciele Lewicy, Razem i KOD. Jakie has\u0142a wznosili?\u00a0<\/li>\n<\/ul>\n<p>Przed szpitalem na gda\u0144skiej Zaspie w niedziel\u0119 antyaborcyjn\u0105 pikiet\u0119 pod has\u0142em &#8222;Szpital na Zaspie nie b\u0119dzie zabija\u0142 w\u00a0spokoju&#8221; zorganizowa\u0142a Fundacja \u017bycie i\u00a0Rodzina, w\u00a0kt\u00f3rej zarz\u0105dzie zasiada m.in. aktywistka antyaborcyjna Kaja Godek.\u00a0<\/p>\n<p>Manifestacja wymierzona by\u0142a m.in. w prof. Macieja Soch\u0119, ordynatora Oddzia\u0142u Po\u0142o\u017cniczo-Ginekologicznego w tej plac\u00f3wce.\u00a0Pikietuj\u0105cy krzyczeli m.in. &#8222;Polska narodowa i katolicka&#8221; i &#8222;Feminizm zabija&#8221;. Na transparentach mo\u017cna by\u0142o z kolei przeczyta\u0107 m.in.: &#8222;Lekarz czy p\u0142atny morderca&#8221;, &#8222;Wo\u0142amy o\u00a0zatrzymanie holokaustu nienarodzonych&#8221;. Nie zabrak\u0142o religijnych obraz\u00f3w.\u00a0<\/p>\n<p>&#8211; Szpital \u015awi\u0119tego Wojciecha na Zaspie w okresie od lipca do wrze\u015bnia zabi\u0142 dwoje dzieci chlorkiem potasu przed przerwaniem ci\u0105\u017cy.\u00a0 To procedura, na kt\u00f3r\u0105 nie pozwala nawet polskie bardzo niedoskona\u0142e prawo aborcyjne. Jest w tej chwili ju\u017c na uko\u0144czeniu zawiadomienie do prokuratury &#8211; m\u00f3wi\u0142a w TOK FM organizatorka manifestacji Kaja Godek.\u00a0<\/p>\n<p>G\u0142os w tej sprawie zabra\u0142 te\u017c\u00a0Dariusz Kostrzewa, prezes szpitalnej sp\u00f3\u0142ki Copernicus,\u00a0w\u0142a\u015bciciel szpitala na Zaspie.<\/p>\n<p>&#8211; Jestem przekonany, \u017ce potrafimy obroni\u0107 nasze decyzje na pewno zachowali\u015bmy przepisy ustawy i standardy Towarzystwa Ginekologicznego. My\u015bl\u0119, \u017ce prokuratura jest bardzo dobrym miejsce, w kt\u00f3rym rozstrzygaj\u0105 si\u0119\u00a0spory &#8211; podkre\u015bli\u0142 w rozmowie z TOK FM.\u00a0<\/p>\n<p>W manifestacji wzi\u0119li udzia\u0142 tak\u017ce narodowcy z M\u0142odzie\u017cy Wszechpolskiej i reprezentanci Konfederacji Korony Polskiej &#8211; lidera partii Grzegorza Brauna jednak zabrak\u0142o.\u00a0<\/p>\n<p>        <a name=\"eztoc31700996_0_2\" id=\"eztoc31700996_0_2\"\/>&#8222;Szpital to nie ko\u015bci\u00f3\u0142&#8221;<\/p>\n<p>Na miejscu pojawi\u0142a si\u0119 te\u017c grupa kontrmanifestant\u00f3w &#8211; przyszli przedstawiciele Lewicy, Razem i KOD. Mo\u017cna by\u0142o us\u0142ysze\u0107 okrzyki z t\u0142umu: &#8222;Braun b\u0119dziesz siedzia\u0142&#8221; czy np. &#8222;Won do Moskwy&#8221;. Na transparentach has\u0142a: &#8222;Aborcja ratuje \u017cycie&#8221;,\u00a0&#8222;Aborcja jest prawem cz\u0142owieka&#8221;, &#8222;Wolno\u015b\u0107 wyboru zamiast terroru&#8221; czy np. &#8222;Szpital to nie ko\u015bci\u00f3\u0142&#8221;.\u00a0<\/p>\n<p>&#8211; Ci ludzie po drugiej stronie nie s\u0105 idealistami. Jak si\u0119 ma sieczk\u0119 ideologiczn\u0105 we \u0142bie, zamiast empatii, to nie jest si\u0119 idealist\u0105. Gdy si\u0119 widzi niezdolne do samodzielnego \u017cycia p\u0142ody i zagro\u017cone \u017cycie matki, to pierwszym odruchem jest imperatyw wsp\u00f3\u0142czucia i przyj\u0119cia do wiadomo\u015bci do tego, \u017ce \u017cycie jest skomplikowane. By w nim dokonywa\u0107 wybor\u00f3w zero-jedynkowych &#8211; m\u00f3wi\u0142a dla Onet.pl\u00a0miejska radna z Gda\u0144ska, by\u0142a lewicowa pos\u0142anka Jolanta Banach. Tak\u017ce wzi\u0119\u0142a udzia\u0142 w kontrmanifestacji.\u00a0<\/p>\n<p>Banach oceni\u0142a przy tym, \u017ce &#8222;to si\u0119 robi bardzo gro\u017ane&#8221;, a to tym bardziej, \u017ce wykorzystywane s\u0105 tak\u017ce symbole faszystowskie i hitlerowskie. I tak np. na jednym z transparent\u00f3w pojawi\u0142o si\u0119 zdj\u0119cia Adolfa Hitera obok martwego p\u0142odu.\u00a0<\/p>\n<p>&#8211; Propagowanie ideologii hitlerowskiej, faszystowskiej, komunistycznej podlega w Polsce penalizacji. Na lito\u015b\u0107 Bosk\u0105, gdzie my \u017cyjemy? Stoi policja i nie reaguje. Zg\u0142aszali\u015bmy to policjantom, \u017ce maj\u0105 prawo takie symbole usuwa\u0107. Nie by\u0142o \u017cadnej reakcji policji. Tylko milczenie &#8211; doda\u0142a.\u00a0<\/p>\n<p>Obie grupy manifestant\u00f3w oddzieli\u0142 kordon policji.\u00a0<\/p>\n<p>\u0179r\u00f3d\u0142o: TOK FM, media\u00a0<\/p>\n","protected":false},"excerpt":{"rendered":"Przeciwnicy aborcji protestowali przed szpitalem na gda\u0144skiej Zaspie; Organizatorka manifestacji Kaja Godek z Fundacji Zycie i Rodzina przekonywa\u0142a,&hellip;\n","protected":false},"author":2,"featured_media":163804,"comment_status":"","ping_status":"","sticky":false,"template":"","format":"standard","meta":{"footnotes":""},"categories":[12],"tags":[4434,32,33,695,36,37,1048,16517,27,32452,34,35,28,31,25,42,38,40,907,39,41,29,30,26],"class_list":{"0":"post-163803","1":"post","2":"type-post","3":"status-publish","4":"format-standard","5":"has-post-thumbnail","7":"category-polska","8":"tag-aborcja","9":"tag-breaking-news","10":"tag-breakingnews","11":"tag-dziecko","12":"tag-featured-news","13":"tag-featurednews","14":"tag-gdansk","15":"tag-grzegorz-braun","16":"tag-headlines","17":"tag-kaja-godek","18":"tag-latest-news","19":"tag-latestnews","20":"tag-naglowki","21":"tag-najwazniejsze-artykuly","22":"tag-news","23":"tag-pl","24":"tag-poland","25":"tag-polish","26":"tag-polityka","27":"tag-polska","28":"tag-polski","29":"tag-top-stories","30":"tag-topstories","31":"tag-wiadomosci"},"share_on_mastodon":{"url":"https:\/\/pubeurope.com\/@pl\/115759413039168071","error":""},"_links":{"self":[{"href":"https:\/\/www.europesays.com\/pl\/wp-json\/wp\/v2\/posts\/163803","targetHints":{"allow":["GET"]}}],"collection":[{"href":"https:\/\/www.europesays.com\/pl\/wp-json\/wp\/v2\/posts"}],"about":[{"href":"https:\/\/www.europesays.com\/pl\/wp-json\/wp\/v2\/types\/post"}],"author":[{"embeddable":true,"href":"https:\/\/www.europesays.com\/pl\/wp-json\/wp\/v2\/users\/2"}],"replies":[{"embeddable":true,"href":"https:\/\/www.europesays.com\/pl\/wp-json\/wp\/v2\/comments?post=163803"}],"version-history":[{"count":0,"href":"https:\/\/www.europesays.com\/pl\/wp-json\/wp\/v2\/posts\/163803\/revisions"}],"wp:featuredmedia":[{"embeddable":true,"href":"https:\/\/www.europesays.com\/pl\/wp-json\/wp\/v2\/media\/163804"}],"wp:attachment":[{"href":"https:\/\/www.europesays.com\/pl\/wp-json\/wp\/v2\/media?parent=163803"}],"wp:term":[{"taxonomy":"category","embeddable":true,"href":"https:\/\/www.europesays.com\/pl\/wp-json\/wp\/v2\/categories?post=163803"},{"taxonomy":"post_tag","embeddable":true,"href":"https:\/\/www.europesays.com\/pl\/wp-json\/wp\/v2\/tags?post=163803"}],"curies":[{"name":"wp","href":"https:\/\/api.w.org\/{rel}","templated":true}]}}