{"id":163805,"date":"2025-12-21T20:20:11","date_gmt":"2025-12-21T20:20:11","guid":{"rendered":"https:\/\/www.europesays.com\/pl\/163805\/"},"modified":"2025-12-21T20:20:11","modified_gmt":"2025-12-21T20:20:11","slug":"michal-urbaniak-nie-zyje-jego-zona-wspomina-ostatnie-chwile-swiat-sie-znowu-zatrzymal","status":"publish","type":"post","link":"https:\/\/www.europesays.com\/pl\/163805\/","title":{"rendered":"Micha\u0142 Urbaniak nie \u017cyje. Jego \u017cona wspomina ostatnie chwile: \u015bwiat si\u0119 znowu zatrzyma\u0142"},"content":{"rendered":"<p>SPIS TRE\u015aCI<\/p>\n<ol class=\"ods-a-table-of-content__items\">\n<li class=\"ods-a-table-of-content__item\"><a href=\"#toc-michal-urbaniak-nie-zyje\" class=\"ods-a-table-of-content__link\">Micha\u0142 Urbaniak nie \u017cyje<\/a><\/li>\n<li class=\"ods-a-table-of-content__item\"><a href=\"#toc-problemy-zdrowotne-michala-urbaniaka\" class=\"ods-a-table-of-content__link\">Problemy zdrowotne Micha\u0142a Urbaniaka<\/a><\/li>\n<\/ol>\n<p>Micha\u0142 Urbaniak nie \u017cyje<\/p>\n<p class=\"ods-c-paragraph \">Informacj\u0119 o \u015bmierci artysty przekaza\u0142a w sobot\u0119 wieczorem za po\u015brednictwem Instagrama jego \u017cona, Dorota. &#8222;Micha\u0142 Urbaniak. \u017by\u0142 i czu\u0142 wielkimi nutami. Odszed\u0142 w wieku 82 lat. (&#8230;) With love Dorota Dosia Urbaniak&#8221; \u2014 mo\u017cemy przeczyta\u0107 w mediach spo\u0142eczno\u015bciowych.<\/p>\n<p class=\"ods-c-paragraph \">Dzie\u0144 p\u00f3\u017aniej podzieli\u0142a si\u0119 za po\u015brednictwem Facebooka wspomnieniami z ich ostatnich wsp\u00f3lnych chwil. &#8222;Gdy w czwartek wyszli\u015bmy na nasz codzienny spacer, gdy straci\u0142e\u015b przytomno\u015b\u0107 i gdy karetka zabra\u0142a Ci\u0119 do szpitala, \u015bwiat si\u0119 znowu zatrzyma\u0142&#8221; \u2014 wyzna\u0142a.<\/p>\n<p class=\"ods-c-paragraph \">&#8222;Walczyli\u015bmy codzienne przez ostatnie p\u00f3\u0142tora roku. Od Twojego wyj\u015bcia z pierwszej <a href=\"https:\/\/www.medonet.pl\/zdrowie,spiaczka-farmakologiczna---co-to-jest--wybudzenie-pacjenta-ze-spiaczki-farmakologicznej,artykul,63752961.html\" id=\"dc4bb57e-14ac-4ee3-9f75-e96cfb8286d3\" rel=\"nofollow noopener\" target=\"_blank\">\u015bpi\u0105czki<\/a> wszystko si\u0119 zmieni\u0142o. \u017bycie nam zwolni\u0142o, ma\u0142o wyje\u017cd\u017cali\u015bmy, ale czasem si\u0119 dzia\u0142o&#8230; Jak to zwykle z Tob\u0105. Stara\u0142e\u015b si\u0119 pracowa\u0107&#8221; \u2014 doda\u0142a.<\/p>\n<p class=\"ods-c-paragraph \">Dorota Urbaniak wspomina: &#8222;Wreszcie mieli\u015bmy czas na \u00bbRodzin\u0119 Soprano\u00ab, kt\u00f3r\u0105 uwielbia\u0142e\u015b, a raz nawet byli\u015bmy w teatrze! Robi\u0142am Twoje ulubione placuszki z jab\u0142kiem z przepisu Hani. Lubi\u0142e\u015b oszukiwa\u0107, \u017ce wszystko jest ok. M\u00f3wi\u0142e\u015b: \u00bbDosia, znowu udawa\u0142em, \u017ce jestem zdrowy\u00ab&#8221;.<\/p>\n<p>Dalszy ci\u0105g artyku\u0142u pod materia\u0142em wideo<\/p>\n<p> Kiedy zmar\u0142 Micha\u0142 Urbaniak? <\/p>\n<p> Jakie problemy zdrowotne mia\u0142 Micha\u0142 Urbaniak? <\/p>\n<p> Co wyzna\u0142a jego \u017cona po jego \u015bmierci? <\/p>\n<p> Ile lat mia\u0142 Micha\u0142 Urbaniak w chwili \u015bmierci? <\/p>\n<p>  Problemy zdrowotne Micha\u0142a Urbaniaka<\/p>\n<p class=\"ods-c-paragraph \">W ostatnich miesi\u0105cach \u017cycia Micha\u0142 Urbaniak musia\u0142 mierzy\u0107 si\u0119 z powa\u017cnymi trudno\u015bciami zdrowotnymi. Na pocz\u0105tku 2024 r. przeszed\u0142 zaplanowan\u0105 interwencj\u0119 kardiologiczn\u0105, kt\u00f3ra mia\u0142a przebiec bez komplikacji, jednak sytuacja niespodziewanie si\u0119 skomplikowa\u0142a. W wyniku powik\u0142a\u0144 lekarze zdecydowali o wprowadzeniu muzyka w \u015bpi\u0105czk\u0119 farmakologiczn\u0105, kt\u00f3ra trwa\u0142a pi\u0119\u0107 dni. W rozmowie z magazynem &#8222;Viva!&#8221; artysta relacjonowa\u0142:<\/p>\n<p class=\"ods-c-paragraph \">&#8222;Mia\u0142em wielk\u0105 przygod\u0119, bo przy niewielkim zabiegu kardiologicznym pojawi\u0142y si\u0119 komplikacje, mi\u0119dzy innymi dlatego mam teraz g\u0142os jak Miles Davis. By\u0142em w \u015bpi\u0105czce farmakologicznej przez pi\u0119\u0107 dni&#8221; \u2014 przyzna\u0142.<\/p>\n<p><img decoding=\"async\" src=\"https:\/\/www.europesays.com\/pl\/wp-content\/uploads\/2025\/12\/0zvk9lBaHR0cHM6Ly9vY2RuLmV1L3B1bHNjbXMvTURBXy8yZjc3YjQ3MTdmM2ZjYmRmZjMyODFjZDI3NjNlOGZmNS5qcGeRlQLNB.jpeg\" height=\"626\" width=\"940\" alt=\"Micha\u0142 Urbaniak w ostatnich latach zmaga\u0142 si\u0119 z powa\u017cnymi problemami zdrowotnymi\" loading=\"lazy\" class=\"ods-c-image__img ods-c-image__img--viewport-width\"\/><\/p>\n<p>Micha\u0142 Urbaniak w ostatnich latach zmaga\u0142 si\u0119 z powa\u017cnymi problemami zdrowotnymiPiotr Polak \/ PAP<\/p>\n<p class=\"ods-c-paragraph \">Po odzyskaniu przytomno\u015bci Urbaniak sp\u0119dzi\u0142 ponad 47 dni na oddziale intensywnej terapii i kardiologii. W wywiadzie udzielonym &#8222;Super Expressowi&#8221; wyzna\u0142: &#8222;By\u0142o trudno, bo by\u0142o tak, \u017ce by\u0142em pi\u0119\u0107 dni w \u015bpi\u0105czce farmakologicznej i potem 47 dni na OIOM-ie, potem na kardiologii, a potem rehabilitacja, kt\u00f3r\u0105 jeszcze ko\u0144cz\u0119 dzisiaj w trybie p\u00f3\u0142szpitalnym, ale ju\u017c chodz\u0119, bo po parumiesi\u0119cznym le\u017ceniu nie mog\u0142em stan\u0105\u0107 na nogi&#8221;.<\/p>\n<p class=\"ods-c-paragraph \">Proces powrotu do zdrowia okaza\u0142 si\u0119 dla niego wyj\u0105tkowo wymagaj\u0105cy \u2014 konieczna by\u0142a d\u0142uga i \u017cmudna rehabilitacja, aby m\u00f3g\u0142 odzyska\u0107 dawn\u0105 sprawno\u015b\u0107. Przez d\u0142ugi czas mia\u0142 trudno\u015bci z chodzeniem i musia\u0142 korzysta\u0107 z balkonika. Media donosi\u0142y: &#8222;Micha\u0142 Urbaniak [\u2026] nie m\u00f3g\u0142 stan\u0105\u0107 na nogi po \u015bpi\u0105czce&#8221;.<\/p>\n<p class=\"ods-c-paragraph \">W rozmowie z TVP Info Urbaniak dzieli\u0142 si\u0119 tak\u017ce niezwyk\u0142ymi wizjami, kt\u00f3re towarzyszy\u0142y mu podczas \u015bpi\u0105czki: &#8222;Lecia\u0142em do Nowego Jorku z Ok\u0119cia, by\u0142y dwie rakiety, nie samolot, no i kumpla spotka\u0142em. Zacz\u0119li\u015bmy gada\u0107, nie m\u00f3wili\u015bmy, gdzie kto leci, bo wiadome by\u0142o, \u017ce do Nowego Jorku. Stewardesa m\u00f3wi po rosyjsku: &#8222;do Moskwy lecimy&#8221;. Sp\u0119dzi\u0142em troch\u0119 czasu tam, mia\u0142em romans ze sztuczn\u0105 inteligencj\u0105 \u2014 maszyna by\u0142a ko\u0142o mnie i taka r\u0119ka wychodzi\u0142a i wbija\u0142a mi zastrzyk co par\u0119 minut i krew pobierali, a ja mia\u0142em w\u0142a\u015bnie <a href=\"https:\/\/www.medonet.pl\/choroby-od-a-do-z,objawy-anemii---charakterystyka--klasyfikacje--przyczyny--skutki,artykul,98577875.html\" id=\"121cf733-b844-4558-a750-9e6d5bb1dcf5\" rel=\"nofollow noopener\" target=\"_blank\">anemi\u0119<\/a> i brak\u0142o krwi. M\u00f3wi\u0119: &#8222;nielza, nielza, ja oddam wam potem, ale musz\u0119 sam zrobi\u0107 troch\u0119 tej krwi. Du\u017co tam si\u0119 dzia\u0142o&#8221; \u2014 opowiada\u0142 Urbaniak.<\/p>\n<p><a href=\"https:\/\/csr.onet.pl\/1746213\/trk\/adclick\/das,1824309,0?CS=tracking\" title=\"MedonetPRO OnetPremium\" data-astro-prefetch=\"tap\" rel=\"nofollow noopener\" target=\"_blank\"> <img decoding=\"async\" src=\"https:\/\/www.europesays.com\/pl\/wp-content\/uploads\/2025\/10\/1760947870_673_9xOk9lBaHR0cHM6Ly9vY2RuLmV1L3B1bHNjbXMvTURBXy9hMGY5NWNmMDcwYzA5MjFiZDc2NTFlYzU4MDEzNGIzNy5wbmeSlQMAA.jpeg\" height=\"200\" width=\"840\" alt=\"MedonetPRO OnetPremium\" loading=\"lazy\" class=\"ods-c-image__img ods-c-image__img--viewport-width\"\/> <\/a><\/p>\n<p>MedonetPRO OnetPremiumMedonet<\/p>\n<p>  Tre\u015bci z serwisu Medonet maj\u0105 na celu polepszenie, a nie zast\u0105pienie, kontaktu pomi\u0119dzy U\u017cytkownikiem a jego lekarzem. Serwis ma charakter wy\u0142\u0105cznie informacyjno-edukacyjny. Przed zastosowaniem si\u0119 do porad z zakresu wiedzy specjalistycznej, w szczeg\u00f3lno\u015bci medycznych, zawartych w Serwisie nale\u017cy bezwzgl\u0119dnie skonsultowa\u0107 si\u0119 z lekarzem. <\/p>\n","protected":false},"excerpt":{"rendered":"SPIS TRE\u015aCI Micha\u0142 Urbaniak nie \u017cyje Problemy zdrowotne Micha\u0142a Urbaniaka Micha\u0142 Urbaniak nie \u017cyje Informacj\u0119 o \u015bmierci artysty&hellip;\n","protected":false},"author":2,"featured_media":163806,"comment_status":"","ping_status":"","sticky":false,"template":"","format":"standard","meta":{"footnotes":""},"categories":[5],"tags":[32,33,36,37,27,20421,34,35,32154,28,31,48,25,46,42,38,40,39,41,47,511,2481,29,30,26],"class_list":{"0":"post-163805","1":"post","2":"type-post","3":"status-publish","4":"format-standard","5":"has-post-thumbnail","7":"category-naglowki","8":"tag-breaking-news","9":"tag-breakingnews","10":"tag-featured-news","11":"tag-featurednews","12":"tag-headlines","13":"tag-kardiologia_w_polsce","14":"tag-latest-news","15":"tag-latestnews","16":"tag-michal_urbaniak","17":"tag-naglowki","18":"tag-najwazniejsze-artykuly","19":"tag-nat_styl","20":"tag-news","21":"tag-omp","22":"tag-pl","23":"tag-poland","24":"tag-polish","25":"tag-polska","26":"tag-polski","27":"tag-screening_general","28":"tag-smierc","29":"tag-spiaczka","30":"tag-top-stories","31":"tag-topstories","32":"tag-wiadomosci"},"share_on_mastodon":{"url":"https:\/\/pubeurope.com\/@pl\/115759417281335392","error":""},"_links":{"self":[{"href":"https:\/\/www.europesays.com\/pl\/wp-json\/wp\/v2\/posts\/163805","targetHints":{"allow":["GET"]}}],"collection":[{"href":"https:\/\/www.europesays.com\/pl\/wp-json\/wp\/v2\/posts"}],"about":[{"href":"https:\/\/www.europesays.com\/pl\/wp-json\/wp\/v2\/types\/post"}],"author":[{"embeddable":true,"href":"https:\/\/www.europesays.com\/pl\/wp-json\/wp\/v2\/users\/2"}],"replies":[{"embeddable":true,"href":"https:\/\/www.europesays.com\/pl\/wp-json\/wp\/v2\/comments?post=163805"}],"version-history":[{"count":0,"href":"https:\/\/www.europesays.com\/pl\/wp-json\/wp\/v2\/posts\/163805\/revisions"}],"wp:featuredmedia":[{"embeddable":true,"href":"https:\/\/www.europesays.com\/pl\/wp-json\/wp\/v2\/media\/163806"}],"wp:attachment":[{"href":"https:\/\/www.europesays.com\/pl\/wp-json\/wp\/v2\/media?parent=163805"}],"wp:term":[{"taxonomy":"category","embeddable":true,"href":"https:\/\/www.europesays.com\/pl\/wp-json\/wp\/v2\/categories?post=163805"},{"taxonomy":"post_tag","embeddable":true,"href":"https:\/\/www.europesays.com\/pl\/wp-json\/wp\/v2\/tags?post=163805"}],"curies":[{"name":"wp","href":"https:\/\/api.w.org\/{rel}","templated":true}]}}