{"id":163807,"date":"2025-12-21T20:21:11","date_gmt":"2025-12-21T20:21:11","guid":{"rendered":"https:\/\/www.europesays.com\/pl\/163807\/"},"modified":"2025-12-21T20:21:11","modified_gmt":"2025-12-21T20:21:11","slug":"ten-pilkarz-to-priorytet-wisly-krakow-jaroslaw-krolewski-wszystko-ujawnia-ale-przeglad-sportowy-onet","status":"publish","type":"post","link":"https:\/\/www.europesays.com\/pl\/163807\/","title":{"rendered":"Ten pi\u0142karz to priorytet Wis\u0142y Krak\u00f3w. Jaros\u0142aw Kr\u00f3lewski wszystko ujawnia. &quot;Ale&#8230;&quot; &#8211; Przegl\u0105d Sportowy Onet"},"content":{"rendered":"<ol>\n<li><a href=\"https:\/\/news.google.com\/rss\/articles\/CBMi0wFBVV95cUxPUmRQY2VabXZNckY4YkZ5QnR1LWVhNlFvaDdia2ZsdktiTXl2WHFIT2RXSVgzbV8zaXFOc2ZQcGY2UDZZV2JzZGhZd1hyc1pWOUlHX1FoYjUzdjFhVXk2UzNfdHlnRmRfcXhFeFp0WGZ3aEJ2aGUzS1RKemtsVHhwN2FhbWpTSXdQNE5mT1ZJbGdMNTk1YmxObVJfelVYcmlDNENVMFktU3I1bU1ROFFpclg0ejl2Q2oyQjY2aWdtM0hwOW9UR21Ody1QRl9ZZ09QazI4?oc=5\" target=\"_blank\" rel=\"nofollow noopener\">Ten pi\u0142karz to priorytet Wis\u0142y Krak\u00f3w. Jaros\u0142aw Kr\u00f3lewski wszystko ujawnia. &#8222;Ale&#8230;&#8221;<\/a>&nbsp;&nbsp;Przegl\u0105d Sportowy Onet<\/li>\n<li><a href=\"https:\/\/news.google.com\/rss\/articles\/CBMiqwFBVV95cUxOQzFuaEc2M3d5alZydWNzdHAtYkhYM0xmQ29ubU1TUUFwTkhYWmdLeEhWYW9XdFJxNHhZUkVlRGI2WFlHcGVmVHV6cVVpTWYtSFR0VjhvZTNjRENidnpSYi1YTFdHUnV6S0RGRlNSdEFCWmZZRTB4OTBhNG56bGtKUk9qb1ZTYy1obEtoeG84RUZxOHJyTXhvendqemJ4SnlUeEFtcEsyQXZBQ3M?oc=5\" target=\"_blank\" rel=\"nofollow noopener\">Kr\u00f3lewski zabra\u0142 g\u0142os ws. hitowego transferu Wis\u0142y. Wszystko jasne<\/a>&nbsp;&nbsp;Sport.pl<\/li>\n<li><a href=\"https:\/\/news.google.com\/rss\/articles\/CBMikAFBVV95cUxNS3lQNWVFa3EtVDhMdGJuakFMRl9IYUpLMGNxSENuV180amQzMk9Jd05waEV6Z3NQRTA2aTFOSklXdUx2cWpScjEtRVlUQ1d2V1owejRkMmVpdVlPa0JvRURNRk9lTmhpZ1dZWE9aZGEteFFURlVLSWhVVkVRU0pVVlJidnhWR3R1eTY0SEZ5bEc?oc=5\" target=\"_blank\" rel=\"nofollow noopener\">Kr\u00f3lewski o transferze Zjawi\u0144skiego do Wis\u0142y. Pad\u0142a jasna deklaracja<\/a>&nbsp;&nbsp;weszlo.com<\/li>\n<li><a href=\"https:\/\/news.google.com\/rss\/articles\/CBMirwFBVV95cUxOYVVqYUJtRXBJZUNvMkk4WThJVnU0V253ZmVESjh5VEhsbnVib0lIQ1FYUEFCNTJWeEp2ZWJmVThQaVA4Um5fbUlVUWRlbjByWkV2Sl9ubko3V1FOUHVXOFdsZ1FmLWkxcC1GdEloM1NmY0ZMZ1Z6V1kzNFNGLXk0ODdYclFZbi1mM0syaWF4YUhPd1NKdDJucTYwTTNUWjRoZENEdGhtZzQ5WC16bDEw?oc=5\" target=\"_blank\" rel=\"nofollow noopener\">On jest na li\u015bcie \u017cycze\u0144 Wis\u0142y Krak\u00f3w! Jaros\u0142aw Kr\u00f3lewski potwierdzi\u0142<\/a>&nbsp;&nbsp;Transfery.info<\/li>\n<li><a href=\"https:\/\/news.google.com\/rss\/articles\/CBMisgFBVV95cUxORTlwTDlCbHctbEs5d2xuR0ZOM1JPcW02OEFoNDR3YmV4LWFKRVdrZWdfNGRzcHB3V1AtZWVYM21wa19oM1cwamh0dEZXMVZFVzliNkM3SDhUbTRNaEdqTHVOUjRhcFkxVXZnUEZvdzR0TEptYThyXzNjZXdkalV2NUJuMFgtUWNndWp1eUxRNWtnY0tGUnhyazdmSjN1ak05bTlCcElKYVhQc3Q0cmNpaHpB?oc=5\" target=\"_blank\" rel=\"nofollow noopener\">Kr\u00f3lewski poda\u0142 nowe wie\u015bci ws. transferu do Wis\u0142y. Wszystko jasne<\/a>&nbsp;&nbsp;Meczyki.pl<\/li>\n<\/ol>\n","protected":false},"excerpt":{"rendered":"Ten pi\u0142karz to priorytet Wis\u0142y Krak\u00f3w. Jaros\u0142aw Kr\u00f3lewski wszystko ujawnia. &#8222;Ale&#8230;&#8221;&nbsp;&nbsp;Przegl\u0105d Sportowy Onet Kr\u00f3lewski zabra\u0142 g\u0142os ws. hitowego&hellip;\n","protected":false},"author":2,"featured_media":163808,"comment_status":"","ping_status":"","sticky":false,"template":"","format":"standard","meta":{"footnotes":""},"categories":[24],"tags":[2352,274,67,32453,42,38,40,6182,39,41,136,128,47,127,135,126,2354],"class_list":{"0":"post-163807","1":"post","2":"type-post","3":"status-publish","4":"format-standard","5":"has-post-thumbnail","7":"category-sport","8":"tag-1_liga","9":"tag-ekstraklasa","10":"tag-intextvideo_splayer","11":"tag-lukasz_zjawinski","12":"tag-pl","13":"tag-poland","14":"tag-polish","15":"tag-polonia_warszawa","16":"tag-polska","17":"tag-polski","18":"tag-ps_detal_new","19":"tag-psv2","20":"tag-screening_general","21":"tag-sport","22":"tag-sport_sport","23":"tag-sports","24":"tag-wisla_krakow"},"share_on_mastodon":{"url":"https:\/\/pubeurope.com\/@pl\/115759420752480445","error":""},"_links":{"self":[{"href":"https:\/\/www.europesays.com\/pl\/wp-json\/wp\/v2\/posts\/163807","targetHints":{"allow":["GET"]}}],"collection":[{"href":"https:\/\/www.europesays.com\/pl\/wp-json\/wp\/v2\/posts"}],"about":[{"href":"https:\/\/www.europesays.com\/pl\/wp-json\/wp\/v2\/types\/post"}],"author":[{"embeddable":true,"href":"https:\/\/www.europesays.com\/pl\/wp-json\/wp\/v2\/users\/2"}],"replies":[{"embeddable":true,"href":"https:\/\/www.europesays.com\/pl\/wp-json\/wp\/v2\/comments?post=163807"}],"version-history":[{"count":0,"href":"https:\/\/www.europesays.com\/pl\/wp-json\/wp\/v2\/posts\/163807\/revisions"}],"wp:featuredmedia":[{"embeddable":true,"href":"https:\/\/www.europesays.com\/pl\/wp-json\/wp\/v2\/media\/163808"}],"wp:attachment":[{"href":"https:\/\/www.europesays.com\/pl\/wp-json\/wp\/v2\/media?parent=163807"}],"wp:term":[{"taxonomy":"category","embeddable":true,"href":"https:\/\/www.europesays.com\/pl\/wp-json\/wp\/v2\/categories?post=163807"},{"taxonomy":"post_tag","embeddable":true,"href":"https:\/\/www.europesays.com\/pl\/wp-json\/wp\/v2\/tags?post=163807"}],"curies":[{"name":"wp","href":"https:\/\/api.w.org\/{rel}","templated":true}]}}