{"id":163826,"date":"2025-12-21T20:39:09","date_gmt":"2025-12-21T20:39:09","guid":{"rendered":"https:\/\/www.europesays.com\/pl\/163826\/"},"modified":"2025-12-21T20:39:09","modified_gmt":"2025-12-21T20:39:09","slug":"ukraina-po-wojnie-najbardziej-prawdopodobne-scenariusze-i-zagrozenia-opinia","status":"publish","type":"post","link":"https:\/\/www.europesays.com\/pl\/163826\/","title":{"rendered":"Ukraina po wojnie. Najbardziej prawdopodobne scenariusze i zagro\u017cenia [OPINIA]"},"content":{"rendered":"<p>W ostatnim czasie najwi\u0119cej uwagi po\u015bwi\u0119camy Unii Europejskiej. Integracja Ukrainy z tym blokiem znacz\u0105co przyspieszy\u0142a po 2022 r. Mimo tego zbli\u017cenia oraz trwaj\u0105cych reform, w ca\u0142ej Europie nie brakuje sceptycznych g\u0142os\u00f3w podwa\u017caj\u0105cych mo\u017cliwo\u015b\u0107 przyj\u0119cia Ukrainy do UE. Kwestia ta pojawia si\u0119 r\u00f3wnie\u017c w kontek\u015bcie plan\u00f3w pokojowych, kt\u00f3re regularnie przewijaj\u0105 si\u0119 w mediach. Sytuacja jest jednak z\u0142o\u017cona \u2014 aby zosta\u0107 pe\u0142noprawnym cz\u0142onkiem UE, trzeba nie tylko spe\u0142ni\u0107 ca\u0142\u0105 list\u0119 trudnych kryteri\u00f3w gospodarczych, prawnych, \u015brodowiskowych i innych, ale r\u00f3wnie\u017c zdoby\u0107 odpowiedni\u0105 wol\u0119 polityczn\u0105.<\/p>\n<p>Bior\u0105c pod uwag\u0119 najnowsze wypowiedzi europejskich polityk\u00f3w, akcesja Ukrainy mo\u017ce wydawa\u0107 si\u0119 w kr\u00f3tkim okresie nierealna. Trudno oczekiwa\u0107, by wszystkie pa\u0144stwa cz\u0142onkowskie \u2014 maj\u0105ce w\u0142asne interesy \u2014 przemawia\u0142y jednym g\u0142osem. Przyk\u0142adem jest <a href=\"https:\/\/wiadomosci.onet.pl\/politico\/belgia-zagrala-va-banque-i-wygrala-tak-bart-de-wever-pokonal-machine-ue-walka-za\/nsdsekp\" id=\"0cc9530c-9ccc-4e53-a219-fe1628a7c7c6\" rel=\"nofollow noopener\" target=\"_blank\">op\u00f3r Belgii wobec wykorzystania zamro\u017conych rosyjskich aktyw\u00f3w<\/a> na rzecz Ukrainy. Nietrudno sobie wyobrazi\u0107, \u017ce obecnie pa\u0144stwa takie jak W\u0119gry powiedz\u0105 zdecydowane &#8222;nie&#8221;, podczas gdy inne mog\u0105 uzale\u017cni\u0107 swoj\u0105 zgod\u0119 od realizacji w\u0142asnych interes\u00f3w.<\/p>\n<blockquote class=\"ods-o-quota\">\n<p class=\"ods-o-quota__paragraph\">Politycy w Kijowie cz\u0119sto zak\u0142adaj\u0105, \u017ce najwa\u017cniejsze decyzje UE zapadaj\u0105 g\u0142\u00f3wnie w Berlinie i Pary\u017cu \u2014 to b\u0142\u0119dny punkt wyj\u015bcia, kt\u00f3ry zra\u017ca pozosta\u0142ych partner\u00f3w. Wida\u0107 to by\u0142o podczas kryzysu zbo\u017cowego z Polsk\u0105, kiedy ukrai\u0144scy przedstawiciele pr\u00f3bowali negocjowa\u0107 eksport i tranzyt zbo\u017ca do UE z pomini\u0119ciem polskich urz\u0119dnik\u00f3w.<\/p>\n<\/blockquote>\n<p class=\"ods-c-paragraph \">Ukraina musi zabiega\u0107 o poparcie i utrzymywa\u0107 dobre relacje dos\u0142ownie z ka\u017cdym pa\u0144stwem cz\u0142onkowskim Unii. Liczy\u0107 si\u0119 b\u0119d\u0105 nie tylko argumenty i narracja \u2014 te nie powinny opiera\u0107 si\u0119 wy\u0142\u0105cznie na przekonaniu o w\u0142asnej racji czy prawdzie, lecz na umiej\u0119tnym formu\u0142owaniu przes\u0142ania trafiaj\u0105cego do partner\u00f3w. Polityka to nie zawsze fakty \u2014 cz\u0119sto to uproszczenia, \u015bcieraj\u0105ce si\u0119 interesy, narracje oraz asymetrie si\u0142y. Zwyci\u0119stwa moralne tylko \u0142agodz\u0105 gorycz pora\u017cki.<\/p>\n<p>Dalszy ci\u0105g artyku\u0142u pod materia\u0142em wideo<\/p>\n<p class=\"ods-c-paragraph \">Nawet je\u015bli dzi\u015b cz\u0142onkostwo wydaje si\u0119 poza zasi\u0119giem, sytuacja polityczna mo\u017ce si\u0119 szybko zmieni\u0107. Mo\u017ce otworzy\u0107 si\u0119 &#8222;okno mo\u017cliwo\u015bci&#8221; \u2014 wtedy Ukraina powinna by\u0107 przygotowana, spe\u0142niaj\u0105c wymagane standardy i kryteria. Przeszkod\u0105 nie b\u0119dzie tu ani wola spo\u0142eczna, ani polityczna. Ukrai\u0144cy wielokrotnie udowadniali swoje d\u0105\u017cenie do wej\u015bcia w struktury Zachodu, szczeg\u00f3lnie podczas Euromajdanu. Ca\u0142a klasa polityczna Ukrainy obecnie podziela te aspiracje. Kluczowe jest jednak s\u0142owo &#8222;obecnie&#8221;.<\/p>\n<p class=\"ods-c-paragraph \">Nie mo\u017cna wykluczy\u0107 scenariusza, w kt\u00f3rym Ukraina po wojnie wyjdzie ca\u0142o, ale pozostanie poza strukturami Zachodu. Taka sytuacja mog\u0142aby wywo\u0142a\u0107 poczucie zdrady ze strony sojusznik\u00f3w. Politycy mogliby wykorzysta\u0107 te nastroje i \u2014 kieruj\u0105c si\u0119 logik\u0105 &#8222;jako\u015b to wcze\u015bniej dzia\u0142a\u0142o, to teraz te\u017c si\u0119 uda&#8221; \u2014 forsowa\u0107 ide\u0119 izolacjonistycznej Ukrainy: antyrosyjskiej, powi\u0105zanej z Zachodem, ale politycznie zamkni\u0119tej na siebie.<\/p>\n<blockquote class=\"ods-o-quota\">\n<p class=\"ods-o-quota__paragraph\">Podobne emocje mog\u0105 pojawi\u0107 si\u0119, je\u015bli cz\u0142onkostwo w UE oka\u017ce si\u0119 zbyt uci\u0105\u017cliwe i b\u0119dzie wymaga\u0142o wyrzecze\u0144 na poziomie narodowym, gospodarczym czy prywatnych interes\u00f3w. Mo\u017ce to pozostawi\u0107 Ukrain\u0119 zawieszon\u0105 mi\u0119dzy Wschodem a Zachodem \u2014 wewn\u0119trznie podzielon\u0105 i niestabiln\u0105 politycznie. Taki scenariusz by\u0142by bardzo niekorzystny i niestety bardziej prawdopodobny ni\u017c tzw. &#8222;scenariusz gruzi\u0144ski&#8221;, w kt\u00f3rym w\u0142adz\u0119 przejmuje nominalnie prozachodnia si\u0142a polityczna, lecz faktycznie podejmuje antyzachodnie decyzje.<\/p>\n<\/blockquote>\n<p class=\"ods-c-paragraph \">Polityka cz\u0119sto opiera si\u0119 na uproszczeniach, \u015bcieraniu si\u0119 interes\u00f3w, narracjach i asymetrii si\u0142. Moralne zwyci\u0119stwa jedynie \u0142agodz\u0105 pora\u017ck\u0119.<\/p>\n<p class=\"ods-c-paragraph \">Na szcz\u0119\u015bcie w tej uk\u0142adance stabilizuj\u0105c\u0105 rol\u0119 odgrywaj\u0105 trzy podmioty:<\/p>\n<ol class=\"ods-m-numbered-list\">\n<li class=\"ods-m-numbered-list__item\"> 1\n<p>Unia Europejska, kt\u00f3ra \u2014 jak pokaza\u0142y ostatnie wydarzenia \u2014 potrafi skutecznie wp\u0142ywa\u0107 na Kij\u00f3w, jak podczas pr\u00f3by os\u0142abienia niezale\u017cno\u015bci NABU [Narodowe Biuro Antykorupcyjne Ukrainy] i SAPO [Specjalistyczne Biuro Antykorupcyjne Prokuratury] w sierpniu 2025 r.<\/p>\n<\/li>\n<li class=\"ods-m-numbered-list__item\"> 2\n<p>ukrai\u0144skie spo\u0142ecze\u0144stwo, silnie zorientowane na Zach\u00f3d<\/p>\n<\/li>\n<li class=\"ods-m-numbered-list__item\"> 3\n<p>ukrai\u0144skie struktury g\u0142\u0119bokiego pa\u0144stwa<\/p>\n<\/li>\n<\/ol>\n<p class=\"ods-c-paragraph \">To ostatnie jest cz\u0119sto niedoceniane lub <a href=\"https:\/\/wiadomosci.onet.pl\/swiat\/skandal-korupcyjny-w-ukrainie-doradca-zelenskiego-o-jego-reakcji-nalega-na-to\/ntrb86g\" id=\"5ca886cf-7a79-4d49-88e4-cf80e938b525\" rel=\"nofollow noopener\" target=\"_blank\">krytykowane za korupcj\u0119 i powi\u0105zania z oligarchami<\/a>, ale to nie do ko\u0144ca prawda. G\u0142\u0119bokie pa\u0144stwo utrzyma\u0142o funkcjonowanie kraju od 2014 roku i uchroni\u0142o przed upadkiem.<\/p>\n<p class=\"ods-c-paragraph \">Paradoksalnie, system oligarchiczny tak\u017ce przyczyni\u0142 si\u0119 do tego: oligarchowie w du\u017cej mierze stan\u0119li po stronie Ukrainy, dostarczaj\u0105c znacznych \u015brodk\u00f3w na przetrwanie pa\u0144stwa \u2014 mimo \u015bwiadomo\u015bci, \u017ce strac\u0105 wp\u0142ywy i maj\u0105tek. I w\u0142a\u015bnie to, paradoksalnie, wzmocni\u0142o prozachodni kurs Ukrainy.<\/p>\n<p class=\"ods-c-paragraph \">Kolejnym przyk\u0142adem konstruktywnego dzia\u0142ania g\u0142\u0119bokiego pa\u0144stwa jest skuteczna praca instytucji takich jak NABU i SAPO, kt\u00f3re ciesz\u0105 si\u0119 poparciem spo\u0142ecznym.<\/p>\n<p>Przyk\u0142ad Polski: od &#8222;zapomnijcie&#8221; do pe\u0142nego cz\u0142onkostwa<\/p>\n<p class=\"ods-c-paragraph \">Droga Polski do NATO pokazuje, jak polityczne deklaracje i okoliczno\u015bci mog\u0105 si\u0119 zmienia\u0107. <a href=\"https:\/\/wiadomosci.onet.pl\/tylko-w-onecie\/polska-w-nato-jerzy-maria-nowak-o-kulisach-negocjacji\/wsdpxzp\" id=\"890d7856-ca49-4dfb-8228-1374074a8a66\" rel=\"nofollow noopener\" target=\"_blank\">Polska przyst\u0105pi\u0142a do Sojuszu w 1999 r.<\/a>, dziesi\u0119\u0107 lat po transformacji ustrojowej. Cho\u0107 kraj nie by\u0142 w stanie wojny, a Rosja by\u0142a os\u0142abiona po rozpadzie ZSRR, to proces akcesji w po\u0142owie lat 90. by\u0142 szybki, ale wcale nie oczywisty. Zaledwie pi\u0119\u0107\u2013sze\u015b\u0107 lat przed przyst\u0105pieniem polscy dyplomaci w Waszyngtonie s\u0142yszeli &#8222;zapomnijcie o tym&#8221;.<\/p>\n<p class=\"ods-c-paragraph \">Na pocz\u0105tku lat 90. Polska przesz\u0142a r\u00f3wnie\u017c bolesne reformy gospodarcze, cz\u0119\u015bciowo nadzorowane przez Mi\u0119dzynarodowy Fundusz Walutowy. Przyk\u0142ad Polski pokazuje, \u017ce w d\u0142u\u017cszej perspektywie wiele jest mo\u017cliwe \u2014 pod warunkiem konsekwentnych dzia\u0142a\u0144 opartych na szerokim konsensusie politycznym i spo\u0142ecznym.<\/p>\n<p class=\"ods-c-paragraph \">Warto te\u017c pami\u0119ta\u0107, \u017ce same traktaty europejskie lub potrzeba ich zmiany mog\u0105 by\u0107 przeszkod\u0105 dla cz\u0142onkostwa Ukrainy. Wiele nieprzewidywalnych wydarze\u0144 mo\u017ce te\u017c stworzy\u0107 nowe okna mo\u017cliwo\u015bci. Sam proces akcesji mo\u017ce przybra\u0107 nieoczekiwane formy: by\u0107 cz\u0119\u015bciowy, hybrydowy lub bez udzia\u0142u w niekt\u00f3rych strukturach, jak Strefa Schengen.<\/p>\n<p class=\"ods-c-paragraph \">Niekt\u00f3re pa\u0144stwa, jak <a href=\"https:\/\/www.onet.pl\/informacje\/onetwiadomosci\/dwa-kraje-przystapily-do-pelnej-strefy-schengen-staraly-sie-o-to-18-lat\/w2yr154,79cfc278\" id=\"bb2a3453-00de-4c77-9152-5b84ac2380c7\" rel=\"nofollow noopener\" target=\"_blank\">Bu\u0142garia, do\u0142\u0105czy\u0142y do Schengen dopiero w 2025 r.<\/a> Bu\u0142garia to r\u00f3wnie\u017c kraj zmagaj\u0105cy si\u0119 z niestabilno\u015bci\u0105 polityczn\u0105 i korupcj\u0105, a mimo to cz\u0142onkostwo w UE mia\u0142o tu efekt stabilizuj\u0105cy. Zn\u00f3w kluczowa jest wola polityczna, kt\u00f3ra otwiera przestrze\u0144 dla ukrai\u0144skiej dyplomacji.<\/p>\n<p>   Za Ukrain\u0105 ju\u017c d\u0142uga droga \u2014 przed ni\u0105 trudny, ale realny cel<\/p>\n<p class=\"ods-c-paragraph \">Ukraina ma ju\u017c za sob\u0105 d\u0142ug\u0105 drog\u0119, a jej cel \u2014 cho\u0107 trudny \u2014 nie jest niemo\u017cliwy do osi\u0105gni\u0119cia. To, co dzi\u015b wydaje si\u0119 nierealne, za dwa lata mo\u017ce wygl\u0105da\u0107 zupe\u0142nie inaczej, bo rzeczywisto\u015b\u0107 staje si\u0119 coraz mniej przewidywalna. Kluczowe pozostaje kontynuowanie reform, trzymanie si\u0119 strategicznego kursu i oczekiwanie na otwarcie okna mo\u017cliwo\u015bci. Warto pami\u0119ta\u0107, \u017ce zar\u00f3wno w interesie UE, jak i jej cz\u0142onk\u00f3w, znacznie lepiej, by Ukraina by\u0142a zintegrowana z Uni\u0105 \u2014 poddana mechanizmom nadzoru w Brukseli \u2014 ni\u017c mia\u0142aby by\u0107 niestabilnym bytem na w\u0142asn\u0105 r\u0119k\u0119.<\/p>\n","protected":false},"excerpt":{"rendered":"W ostatnim czasie najwi\u0119cej uwagi po\u015bwi\u0119camy Unii Europejskiej. Integracja Ukrainy z tym blokiem znacz\u0105co przyspieszy\u0142a po 2022 r.&hellip;\n","protected":false},"author":2,"featured_media":163827,"comment_status":"","ping_status":"","sticky":false,"template":"","format":"standard","meta":{"footnotes":""},"categories":[14],"tags":[56,32,33,27,76,34,35,28,31,48,25,46,40,41,47,12318,80,29,30,415,86,26,82,83,84],"class_list":{"0":"post-163826","1":"post","2":"type-post","3":"status-publish","4":"format-standard","5":"has-post-thumbnail","7":"category-swiat","8":"tag-article_premium","9":"tag-breaking-news","10":"tag-breakingnews","11":"tag-headlines","12":"tag-inwazja_rosji_na_ukraine","13":"tag-latest-news","14":"tag-latestnews","15":"tag-naglowki","16":"tag-najwazniejsze-artykuly","17":"tag-nat_styl","18":"tag-news","19":"tag-omp","20":"tag-polish","21":"tag-polski","22":"tag-screening_general","23":"tag-strefa_schengen","24":"tag-swiat","25":"tag-top-stories","26":"tag-topstories","27":"tag-ukraina","28":"tag-unia_europejska","29":"tag-wiadomosci","30":"tag-world","31":"tag-world-news","32":"tag-worldnews"},"share_on_mastodon":{"url":"https:\/\/pubeurope.com\/@pl\/115759491520938946","error":""},"_links":{"self":[{"href":"https:\/\/www.europesays.com\/pl\/wp-json\/wp\/v2\/posts\/163826","targetHints":{"allow":["GET"]}}],"collection":[{"href":"https:\/\/www.europesays.com\/pl\/wp-json\/wp\/v2\/posts"}],"about":[{"href":"https:\/\/www.europesays.com\/pl\/wp-json\/wp\/v2\/types\/post"}],"author":[{"embeddable":true,"href":"https:\/\/www.europesays.com\/pl\/wp-json\/wp\/v2\/users\/2"}],"replies":[{"embeddable":true,"href":"https:\/\/www.europesays.com\/pl\/wp-json\/wp\/v2\/comments?post=163826"}],"version-history":[{"count":0,"href":"https:\/\/www.europesays.com\/pl\/wp-json\/wp\/v2\/posts\/163826\/revisions"}],"wp:featuredmedia":[{"embeddable":true,"href":"https:\/\/www.europesays.com\/pl\/wp-json\/wp\/v2\/media\/163827"}],"wp:attachment":[{"href":"https:\/\/www.europesays.com\/pl\/wp-json\/wp\/v2\/media?parent=163826"}],"wp:term":[{"taxonomy":"category","embeddable":true,"href":"https:\/\/www.europesays.com\/pl\/wp-json\/wp\/v2\/categories?post=163826"},{"taxonomy":"post_tag","embeddable":true,"href":"https:\/\/www.europesays.com\/pl\/wp-json\/wp\/v2\/tags?post=163826"}],"curies":[{"name":"wp","href":"https:\/\/api.w.org\/{rel}","templated":true}]}}