{"id":163838,"date":"2025-12-21T20:48:10","date_gmt":"2025-12-21T20:48:10","guid":{"rendered":"https:\/\/www.europesays.com\/pl\/163838\/"},"modified":"2025-12-21T20:48:10","modified_gmt":"2025-12-21T20:48:10","slug":"byly-partner-wyprowadzil-9-latka-z-mieszkania-akcja-policji-w-warszawie","status":"publish","type":"post","link":"https:\/\/www.europesays.com\/pl\/163838\/","title":{"rendered":"By\u0142y partner wyprowadzi\u0142 9-latka z mieszkania. Akcja policji w Warszawie"},"content":{"rendered":"<p class=\"ods-c-paragraph \">Do zdarzenia dosz\u0142o w niedziel\u0119 po po\u0142udniu w okolicy Traktu Nadwi\u015bla\u0144skiego w Warszawie. W jednym z mieszka\u0144 wywi\u0105za\u0142a si\u0119 awantura. \u2014 By\u0142y partner przyszed\u0142 do mieszkania kobiety. Bez zgody wyszed\u0142 z jej 9-letnim synem \u2014 opisuje w rozmowie z Onetem nadkom. Paulina Onyszko z Komendy Rejonowej Policji Warszawa VI.<\/p>\n<p class=\"ods-c-paragraph \">Kobieta wszcz\u0119\u0142a alarm, a do akcji wkroczyli policjanci. \u2014 Zacz\u0119li\u015bmy intensywne poszukiwania. Priorytetem by\u0142o, \u017ceby dotrze\u0107 do ch\u0142opca \u2014 podkre\u015bla Paulina Onyszko.<\/p>\n<p>Dalszy ci\u0105g artyku\u0142u pod materia\u0142em wideo<\/p>\n<p> Co si\u0119 sta\u0142o w Warszawie? <\/p>\n<p> Kim jest m\u0119\u017cczyzna, kt\u00f3ry wyprowadzi\u0142 9-latka? <\/p>\n<p> Jakie kroki podj\u0119\u0142a policja? <\/p>\n<p> Dlaczego na miejsce wezwano antyterroryst\u00f3w? <\/p>\n<p>     Wyszed\u0142 z mieszkania z 9-letnim synem kobiety. Akcja policji w Warszawie<\/p>\n<p class=\"ods-c-paragraph \">Funkcjonariusze ustalili, \u017ce 36-latek nie jest biologicznym ojcem ch\u0142opca. M\u0119\u017cczyzn\u0119 z dzieckiem uda\u0142o si\u0119 namierzy\u0107 w przestrzeni publicznej na Bia\u0142o\u0142\u0119ce.<\/p>\n<p class=\"ods-c-paragraph \">\u2014 Rozmawiamy z nim, \u017ceby przekaza\u0142 ch\u0142opca mamie \u2014 informuj\u0105 policjanci.<\/p>\n<p class=\"ods-c-paragraph \">Wed\u0142ug naszych nieoficjalnych ustale\u0144 mia\u0142 zabarykadowa\u0107 si\u0119 z ch\u0142opcem na podw\u00f3rku swojego domu. TVP Info podaje, \u017ce na miejsce wezwani zostali antyterrory\u015bci. Policjanci zablokowali skrzy\u017cowanie Traktu Nadwi\u015bla\u0144skiego z ul. Obrazkow\u0105.<\/p>\n<p class=\"ods-c-paragraph \">Funkcjonariusze podaj\u0105, \u017ce ca\u0142a rodzina to obywatele Ukrainy. Jako pierwszy o sprawie poinformowa\u0142 serwis Warszawa w Pigu\u0142ce.<\/p>\n<p class=\"ods-c-paragraph \">Wi\u0119cej informacji wkr\u00f3tce.<\/p>\n","protected":false},"excerpt":{"rendered":"Do zdarzenia dosz\u0142o w niedziel\u0119 po po\u0142udniu w okolicy Traktu Nadwi\u015bla\u0144skiego w Warszawie. W jednym z mieszka\u0144 wywi\u0105za\u0142a&hellip;\n","protected":false},"author":2,"featured_media":99657,"comment_status":"","ping_status":"","sticky":false,"template":"","format":"standard","meta":{"footnotes":""},"categories":[5],"tags":[32455,32,33,36,37,27,34,35,32456,28,31,48,25,46,42,38,414,40,39,41,47,29,30,435,26],"class_list":{"0":"post-163838","1":"post","2":"type-post","3":"status-publish","4":"format-standard","5":"has-post-thumbnail","7":"category-naglowki","8":"tag-bialoleka","9":"tag-breaking-news","10":"tag-breakingnews","11":"tag-featured-news","12":"tag-featurednews","13":"tag-headlines","14":"tag-latest-news","15":"tag-latestnews","16":"tag-maloletni","17":"tag-naglowki","18":"tag-najwazniejsze-artykuly","19":"tag-nat_styl","20":"tag-news","21":"tag-omp","22":"tag-pl","23":"tag-poland","24":"tag-policja","25":"tag-polish","26":"tag-polska","27":"tag-polski","28":"tag-screening_general","29":"tag-top-stories","30":"tag-topstories","31":"tag-warszawa","32":"tag-wiadomosci"},"share_on_mastodon":{"url":"https:\/\/pubeurope.com\/@pl\/115759527228442168","error":""},"_links":{"self":[{"href":"https:\/\/www.europesays.com\/pl\/wp-json\/wp\/v2\/posts\/163838","targetHints":{"allow":["GET"]}}],"collection":[{"href":"https:\/\/www.europesays.com\/pl\/wp-json\/wp\/v2\/posts"}],"about":[{"href":"https:\/\/www.europesays.com\/pl\/wp-json\/wp\/v2\/types\/post"}],"author":[{"embeddable":true,"href":"https:\/\/www.europesays.com\/pl\/wp-json\/wp\/v2\/users\/2"}],"replies":[{"embeddable":true,"href":"https:\/\/www.europesays.com\/pl\/wp-json\/wp\/v2\/comments?post=163838"}],"version-history":[{"count":0,"href":"https:\/\/www.europesays.com\/pl\/wp-json\/wp\/v2\/posts\/163838\/revisions"}],"wp:featuredmedia":[{"embeddable":true,"href":"https:\/\/www.europesays.com\/pl\/wp-json\/wp\/v2\/media\/99657"}],"wp:attachment":[{"href":"https:\/\/www.europesays.com\/pl\/wp-json\/wp\/v2\/media?parent=163838"}],"wp:term":[{"taxonomy":"category","embeddable":true,"href":"https:\/\/www.europesays.com\/pl\/wp-json\/wp\/v2\/categories?post=163838"},{"taxonomy":"post_tag","embeddable":true,"href":"https:\/\/www.europesays.com\/pl\/wp-json\/wp\/v2\/tags?post=163838"}],"curies":[{"name":"wp","href":"https:\/\/api.w.org\/{rel}","templated":true}]}}