{"id":163857,"date":"2025-12-21T21:01:07","date_gmt":"2025-12-21T21:01:07","guid":{"rendered":"https:\/\/www.europesays.com\/pl\/163857\/"},"modified":"2025-12-21T21:01:07","modified_gmt":"2025-12-21T21:01:07","slug":"poslanka-ostro-o-slowach-nawrockiego-moralnie-zle-niekatolickie","status":"publish","type":"post","link":"https:\/\/www.europesays.com\/pl\/163857\/","title":{"rendered":"Pos\u0142anka ostro o s\u0142owach Nawrockiego. 'Moralnie z\u0142e, niekatolickie&#8217;"},"content":{"rendered":"<p> Wizyta Ze\u0142enskiego w Polsce. &#8222;Rozczarowuj\u0105ce s\u0105 s\u0142owa Nawrockiego&#8221;<\/p>\n<p class=\"art_paragraph\">W niedzielnym wydaniu programu &#8222;Kawa na \u0142aw\u0119&#8221; w TVN 24 Konrad Piasecki pyta\u0142 zaproszonych do studia polityk\u00f3w o pi\u0105tkow\u0105 wizyt\u0119 prezydenta Ukrainy w Polsce i pierwsze spotkanie Ze\u0142enski-Nawrocki. Go\u015b\u0107 z Kijowa us\u0142ysza\u0142 od prezydenta Polski m.in. s\u0142owa, \u017ce\u00a0&#8222;Polacy odnosz\u0105 wra\u017cenie (&#8230;), \u017ce nasz wysi\u0142ek czy wielowymiarowa pomoc Ukrainie po rozpocz\u0119ciu pe\u0142noskalowej inwazji nie spotka\u0142y si\u0119 z nale\u017cytym docenieniem i zrozumieniem&#8221;. Piasecki zapyta\u0142 Aleksandr\u0119 Leo z <a href=\"https:\/\/wiadomosci.gazeta.pl\/polska-2050#anchorLink\" rel=\"nofollow noopener\" target=\"_blank\">Polski 2050<\/a> czy postawa Ukrainy nie jest rozczarowuj\u0105ca. &#8211; Dla mnie rozczarowuj\u0105ce s\u0105 s\u0142owa prezydenta Karola <a href=\"https:\/\/wiadomosci.gazeta.pl\/karol-nawrocki#anchorLink\" rel=\"nofollow noopener\" target=\"_blank\">Nawrockiego<\/a> o tym, \u017ce za pomoc nale\u017cy dzi\u0119kowa\u0107 &#8211; odpar\u0142a pos\u0142anka.<\/p>\n<p> &#8222;S\u0142owa niekatolickie&#8221;<\/p>\n<p class=\"art_paragraph\">Polityczka doda\u0142a, \u017ce dla niej &#8222;to s\u0105 s\u0142owa moralnie z\u0142e, to s\u0105 s\u0142owa niekatolickie&#8221;.\u00a0&#8211; Tam codziennie gin\u0105 ludzie, umieraj\u0105 dzieci, s\u0105 gwa\u0142cone kobiety. Jak w takiej sytuacji mo\u017cna oczekiwa\u0107 wdzi\u0119czno\u015bci za pomoc? &#8211; pyta\u0142a Leo. Stwierdzi\u0142a, \u017ce &#8222;ka\u017cda wdzi\u0119czno\u015b\u0107 ma sens tylko wtedy, kiedy jest niewymuszona&#8221;. &#8211; Wymuszona traci sens. Ka\u017cda pomoc, kt\u00f3ra oczekuje na zap\u0142at\u0119, przestaje by\u0107 darem, pomoc\u0105, a staje si\u0119 transakcj\u0105 &#8211;\u00a0wskaza\u0142a. Odmiennego zdania by\u0142 Micha\u0142 W\u00f3jcik z PiS-u, kt\u00f3ry powiedzia\u0142, \u017ce pomoc Polski &#8222;nie spotyka si\u0119 z nale\u017cytym docenieniem&#8221;. &#8211; Nie chodzi o to, \u017ceby prezydent Ukrainy m\u00f3wi\u0142: dzi\u0119kuj\u0119 Polakom, dzi\u0119kuj\u0119, dzi\u0119kuj\u0119. On to m\u00f3wi, to jest oczywiste &#8211; stwierdzi\u0142 pose\u0142 opozycji. &#8211; Ale jest na przyk\u0142ad kwestia dotycz\u0105ca ekshumacji. To, co jest nierozliczone w naszej historii, kwestia rzezi wo\u0142y\u0144skiej &#8211; powiedzia\u0142 i doda\u0142, \u017ce &#8222;nie mo\u017ce by\u0107 tak, \u017ce <a href=\"https:\/\/wiadomosci.gazeta.pl\/wojna-w-ukrainie#anchorLink\" rel=\"nofollow noopener\" target=\"_blank\">Ukraina<\/a> to blokuje&#8221;. Przypomnijmy, \u017ce Ukraina nie blokuje prac ekshumacyjnych &#8211; w tym roku znios\u0142a zakaz z roku 2017. Ekshumacje przeprowadzono ju\u017c m.in.\u00a0w Pu\u017anikach. W ostatni pi\u0105tek Polska Agencja Prasowa poinformowa\u0142a, \u017ce polscy i ukrai\u0144scy specjali\u015bci przeprowadzili rozpoznanie przed poszukiwaniami polskich ofiar zbrodni w Ug\u0142ach na Wo\u0142yniu.\u00a0Poszukiwania maj\u0105 rozpocz\u0105\u0107 si\u0119 wiosn\u0105 2026 r.<\/p>\n<p>\n    Zobacz wideo Republikanie w rozsypce. Putin, Epstein, Mamdani\n  <\/p>\n<p> Ze\u0142enski w Warszawie<\/p>\n<p class=\"art_paragraph\">&#8211; Ta wizyta jest z ca\u0142\u0105 pewno\u015bci\u0105 dobr\u0105 informacj\u0105 dla Polski, dla Warszawy, dla Kijowa. Dobr\u0105 informacj\u0105 dla naszego ca\u0142ego regionu, a z\u0142\u0105 dla Moskwy &#8211; powiedzia\u0142 Nawrocki na wsp\u00f3lnej konferencji prasowej z Ze\u0142enskim. Zapewni\u0142, \u017ce Polska wspiera d\u0105\u017cenia do przekazania rosyjskich aktyw\u00f3w zamro\u017conych konsekwentnie na wszystkich polach dyplomatycznych. &#8211; Dzi\u0119kuj\u0119 za rozmow\u0119 i otwarto\u015b\u0107. Odbieram j\u0105 bardzo pozytywnie. Bardzo licz\u0119 na to, \u017ce ta wizyta otwiera now\u0105, jeszcze wa\u017cniejsz\u0105 stron\u0119 w stosunkach polsko-ukrai\u0144skich &#8211; zapewni\u0142 z kolei Ze\u0142enski. Podkre\u015bli\u0142, \u017ce jego kraj chce wsp\u00f3\u0142pracowa\u0107 z polskimi firmami w zakresie odbudowy Ukrainy. &#8211; Gotowi jeste\u015bmy powita\u0107 polskie firmy. Wsp\u00f3lne projekty zawsze \u0142\u0105cz\u0105 &#8211; wskaza\u0142 polityk. Ze\u0142enski zaprosi\u0142 te\u017c Nawrockiego do Kijowa.<\/p>\n<p class=\"art_paragraph\">Czytaj r\u00f3wnie\u017c: &#8222;<a href=\"https:\/\/wiadomosci.gazeta.pl\/polityka\/7,198012,32487189,awantura-w-studiu-telewizyjnym-poszlo-o-zelenskiego-tam-pan.html\" class=\"art_link\" rel=\"dofollow noopener\" target=\"_blank\">Awantura w studiu telewizyjnym. Posz\u0142o o Ze\u0142enskiego. 'Tam pan go nie \u017ca\u0142uje'&#8221;.\u00a0<\/a>\n  <\/p>\n<p>\u0179r\u00f3d\u0142a:TVN24, IAR, Gazeta.pl<\/p>\n","protected":false},"excerpt":{"rendered":"Wizyta Ze\u0142enskiego w Polsce. &#8222;Rozczarowuj\u0105ce s\u0105 s\u0142owa Nawrockiego&#8221; W niedzielnym wydaniu programu &#8222;Kawa na \u0142aw\u0119&#8221; w TVN 24&hellip;\n","protected":false},"author":2,"featured_media":163858,"comment_status":"","ping_status":"","sticky":false,"template":"","format":"standard","meta":{"footnotes":""},"categories":[12],"tags":[32,33,36,37,27,34,35,28,31,25,42,38,40,39,41,29,30,26],"class_list":{"0":"post-163857","1":"post","2":"type-post","3":"status-publish","4":"format-standard","5":"has-post-thumbnail","7":"category-polska","8":"tag-breaking-news","9":"tag-breakingnews","10":"tag-featured-news","11":"tag-featurednews","12":"tag-headlines","13":"tag-latest-news","14":"tag-latestnews","15":"tag-naglowki","16":"tag-najwazniejsze-artykuly","17":"tag-news","18":"tag-pl","19":"tag-poland","20":"tag-polish","21":"tag-polska","22":"tag-polski","23":"tag-top-stories","24":"tag-topstories","25":"tag-wiadomosci"},"share_on_mastodon":{"url":"https:\/\/pubeurope.com\/@pl\/115759578162965144","error":""},"_links":{"self":[{"href":"https:\/\/www.europesays.com\/pl\/wp-json\/wp\/v2\/posts\/163857","targetHints":{"allow":["GET"]}}],"collection":[{"href":"https:\/\/www.europesays.com\/pl\/wp-json\/wp\/v2\/posts"}],"about":[{"href":"https:\/\/www.europesays.com\/pl\/wp-json\/wp\/v2\/types\/post"}],"author":[{"embeddable":true,"href":"https:\/\/www.europesays.com\/pl\/wp-json\/wp\/v2\/users\/2"}],"replies":[{"embeddable":true,"href":"https:\/\/www.europesays.com\/pl\/wp-json\/wp\/v2\/comments?post=163857"}],"version-history":[{"count":0,"href":"https:\/\/www.europesays.com\/pl\/wp-json\/wp\/v2\/posts\/163857\/revisions"}],"wp:featuredmedia":[{"embeddable":true,"href":"https:\/\/www.europesays.com\/pl\/wp-json\/wp\/v2\/media\/163858"}],"wp:attachment":[{"href":"https:\/\/www.europesays.com\/pl\/wp-json\/wp\/v2\/media?parent=163857"}],"wp:term":[{"taxonomy":"category","embeddable":true,"href":"https:\/\/www.europesays.com\/pl\/wp-json\/wp\/v2\/categories?post=163857"},{"taxonomy":"post_tag","embeddable":true,"href":"https:\/\/www.europesays.com\/pl\/wp-json\/wp\/v2\/tags?post=163857"}],"curies":[{"name":"wp","href":"https:\/\/api.w.org\/{rel}","templated":true}]}}