{"id":163859,"date":"2025-12-21T21:02:14","date_gmt":"2025-12-21T21:02:14","guid":{"rendered":"https:\/\/www.europesays.com\/pl\/163859\/"},"modified":"2025-12-21T21:02:14","modified_gmt":"2025-12-21T21:02:14","slug":"barcelona-zamyka-rok-kolejnym-triumfem-siedem-zwyciestw-z-rzedu","status":"publish","type":"post","link":"https:\/\/www.europesays.com\/pl\/163859\/","title":{"rendered":"Barcelona zamyka rok kolejnym triumfem. Siedem zwyci\u0119stw z rz\u0119du"},"content":{"rendered":"<p class=\"typography ids-typeset-body ids-typeset-body--preset-large link paragraph ids-paragraph ids-paragraph--default\">To by\u0142 ostatni wyst\u0119p Barcelony w roku 2025. Mistrzowie Hiszpani meldowali si\u0119 na Estadio de la Ceramica, by zanotowa\u0107 si\u00f3dme zwyci\u0119stwo z rz\u0119du. Wygrana gwarantowa\u0142a im ponowne powi\u0119kszenie przewagi nad Realem Madryt do czterech punkt\u00f3w.<\/p>\n<p class=\"typography ids-typeset-body ids-typeset-body--preset-large link paragraph ids-paragraph ids-paragraph--default\">Trener Hansi Flick pozostawi\u0142 na \u0142awce Wojciecha Szcz\u0119snego i Roberta Lewandowskiego. W roli \u015brodkowego napastnika mecz rozpocz\u0105\u0142 Ferran Torres. Ale jak si\u0119 mia\u0142o okaza\u0107, to nie on zapracowa\u0142 na miano pierwszoplanowej postaci spotkania.<\/p>\n<p>Villarreal &#8211; Barcelona. Mistrzowie Hiszpanii z si\u00f3dmym triumfem z rz\u0119du. Rok zamykaj\u0105 na pozycji lidera<\/p>\n<p class=\"typography ids-typeset-body ids-typeset-body--preset-large link paragraph ids-paragraph ids-paragraph--default\">W pierwszych minutach nieoczekiwanie obro\u0144cy tytu\u0142u zostali zdominowani przez ni\u017cej notowanego rywala. Gospodarze przeprowadzili trzy gro\u017ane natarcia. Dwukrotnie w decyduj\u0105cym momencie zabrak\u0142o im precyzji, raz udan\u0105 interwencj\u0105 popisa\u0142 si\u0119 Joan Garcia.<\/p>\n<p class=\"typography ids-typeset-body ids-typeset-body--preset-large link paragraph ids-paragraph ids-paragraph--default\">A zaraz potem&#8230; Barcelona obj\u0119\u0142a prowadzenie. W polu karnym Santiago Comesana faulowa\u0142 Raphinh\u0119. Arbiter musia\u0142 wskaza\u0107 na jedenasty metr. Do pi\u0142ki podszed\u0142 sam poszkodowany i po chwili by\u0142o 0:1.<\/p>\n<p class=\"typography ids-typeset-body ids-typeset-body--preset-large link paragraph ids-paragraph ids-paragraph--default\">Po kwadransie Brazylijczyk m\u00f3g\u0142 mie\u0107 na koncie dwa trafienia. Tym razem jednak po jego uderzeniu pi\u0142ka zatrzyma\u0142a si\u0119 na poprzeczce.<\/p>\n<p class=\"typography ids-typeset-body ids-typeset-body--preset-large link paragraph ids-paragraph ids-paragraph--default\">W kolejnej akcji futbol\u00f3wk\u0119 do w\u0142asnej bramki wpakowa\u0142 Jules Kounde. Tyle \u017ce rado\u015b\u0107 pi\u0142karzy Villarrealu okaza\u0142a si\u0119 przedwczesna. S\u0119dzia s\u0142usznie odgwizda\u0142 w tej sytuacji ofsajd.<\/p>\n<p class=\"typography ids-typeset-body ids-typeset-body--preset-large link paragraph ids-paragraph ids-paragraph--default\">Niewiele brak\u0142o, a do wyr\u00f3wnania doprowadzi\u0142by Tajon Buchanan. Znalaz\u0142 si\u0119 w sytuacji sam na sam z Garci\u0105, gdy fatalny b\u0142\u0105d w defensywie pope\u0142ni\u0142 Alejandro Balde. G\u00f3r\u0105 z tego pojedynku wyszed\u0142 jednak golkiper &#8222;Blaugrany&#8221;.<\/p>\n<p class=\"typography ids-typeset-body ids-typeset-body--preset-large link paragraph ids-paragraph ids-paragraph--default\">Od 39. minuty gospodarze grali w dziesi\u0119ciu. Za faul na Lamine Yamalu bezpo\u015bredni\u0105 czerwon\u0105 kartk\u0119 zobaczy\u0142 Reanto Veiga. W tym momencie po\u0142o\u017cenie &#8222;\u017b\u00f3\u0142tej \u0141odzi Podwodnej&#8221; sta\u0142o si\u0119 wi\u0119cej ni\u017c trudne.<\/p>\n<p class=\"typography ids-typeset-body ids-typeset-body--preset-large link paragraph ids-paragraph ids-paragraph--default\">Po zmianie stron graj\u0105ca z przewag\u0105 jednego zawodnika Barcelona konsekwentnie budowa\u0142a atak pozycyjny. Przez pierwszy kwadrans rezultat nie uleg\u0142 jednak zmianie. Si\u0142\u0119 ognia go\u015bci mia\u0142 wzmocni\u0107 Lewandowski, kt\u00f3ry pojawi\u0142 si\u0119 na placu gry w 62. minucie.<\/p>\n<p class=\"typography ids-typeset-body ids-typeset-body--preset-large link paragraph ids-paragraph ids-paragraph--default\">Kilka chwil potem zrobi\u0142o si\u0119 0:2. Po serii kiks\u00f3w w polu karnym gospodarzy &#8211; nieudan\u0105 pr\u00f3b\u0119 strza\u0142u podj\u0105\u0142 r\u00f3wnie\u017c Polak &#8211; pi\u0142ka trafi\u0142a w ko\u0144cu do Yamala. Ten przymierzy\u0142 przytomnie z dziesi\u0119ciu metr\u00f3w i by\u0142o w zasadzie po meczu.<\/p>\n<p class=\"typography ids-typeset-body ids-typeset-body--preset-large link paragraph ids-paragraph ids-paragraph--default\">Garcia kapitalnie spisa\u0142 si\u0119 jeszcze w akcji, w kt\u00f3rej uderzali jeden po drugim Georges Mikautadze i Tani Oluwaseyi. Ale to wszystko, na co tego dnia sta\u0107 by\u0142o czwarty w tabeli Villarreal. Tym sposobem Barcelona umocni\u0142a si\u0119 na szczycie tabeli i utrzymuje dobry kurs na obron\u0119 mistrzowskiego tytu\u0142u.<\/p>\n<p>Villarreal CF \u2013 FC Barcelona 0-2. SKR\u00d3T. WIDEO (Eleven Sports)Eleven SportsEleven Sports<\/p>\n<p><img decoding=\"async\" class=\"ids-image-holder__img\" loading=\"lazy\" alt=\"Dw\u00f3ch pi\u0142karzy rywalizuje o pi\u0142k\u0119 podczas meczu. Jeden z zawodnik\u00f3w ubrany w \u017c\u00f3\u0142ty str\u00f3j znajduje si\u0119 w powietrzu ponad pochylonym przeciwnikiem w niebiesko-bordowym stroju.\" title=\"Pi\u0142karze Villarrealu robili wszystko, by w niedzielne popo\u0142udnie wy\u0142\u0105czy\u0107 Raphinh\u0119 z gry\u00a0\" width=\"3672\" height=\"5174\" src=\"https:\/\/www.europesays.com\/pl\/wp-content\/uploads\/2025\/12\/000M3WW3AY1ABPN5-C125-F4.webp.webp\"\/><\/p>\n<p>Pi\u0142karze Villarrealu robili wszystko, by w niedzielne popo\u0142udnie wy\u0142\u0105czy\u0107 Raphinh\u0119 z gry\u00a0JOSE JORDANAFP<\/p>\n<p><img decoding=\"async\" class=\"ids-image-holder__img\" loading=\"lazy\" alt=\"Pi\u0142karz w stroju FC Barcelony wykonuje gest r\u0119koma i u\u015bmiecha si\u0119 na stadionie podczas meczu, w tle rozmyci kibice i pozostali zawodnicy.\" title=\"Po bramce Lamine Yamala gospodarze nie byli w stanie si\u0119 ju\u017c podnie\u015b\u0107\u00a0\" width=\"3808\" height=\"2544\" src=\"https:\/\/www.europesays.com\/pl\/wp-content\/uploads\/2025\/12\/000M3WZ6P7W072QI-C323-F4.webp.webp\"\/><\/p>\n<p>Po bramce Lamine Yamala gospodarze nie byli w stanie si\u0119 ju\u017c podnie\u015b\u0107\u00a0BIEL ALINO PAP<\/p>\n<p><img decoding=\"async\" class=\"ids-image-holder__img\" loading=\"lazy\" alt=\"Dw\u00f3ch pi\u0142karzy podczas dynamicznej akcji na boisku pi\u0142karskim, z jednym z zawodnik\u00f3w w niebiesko-czerwonym stroju przygotowuj\u0105cym si\u0119 do podania lub strza\u0142u, a drugi zawodnik w \u017c\u00f3\u0142tym stroju stara si\u0119 go powstrzyma\u0107. S\u0119dzia oraz widzowie w tle.\" title=\"Robert Lewandowski kontra Carlos Macia\" width=\"4411\" height=\"2941\" src=\"https:\/\/www.europesays.com\/pl\/wp-content\/uploads\/2025\/12\/000M3WZDF8R9Y2DR-C323-F4.webp.webp\"\/><\/p>\n<p>Robert Lewandowski kontra Carlos MaciaBIEL ALINO PAP<\/p>\n<p><a class=\"ids-undecorated-link source ids-page-info--source__link\" href=\"https:\/\/www.interia.pl\" rel=\"nofollow noopener\" target=\"_blank\"><img decoding=\"async\" class=\"ids-image-holder__img\" loading=\"lazy\" alt=\"\" title=\"\" height=\"24px\" src=\"https:\/\/www.europesays.com\/pl\/wp-content\/uploads\/2025\/12\/1766316489_692_0009A60QQ5I2TYF7-C202-F4.webp.webp\"\/><\/a><\/p>\n<p>Masz sugestie, uwagi albo widzisz b\u0142\u0105d? Napisz do nas<\/p>\n","protected":false},"excerpt":{"rendered":"To by\u0142 ostatni wyst\u0119p Barcelony w roku 2025. Mistrzowie Hiszpani meldowali si\u0119 na Estadio de la Ceramica, by&hellip;\n","protected":false},"author":2,"featured_media":163860,"comment_status":"","ping_status":"","sticky":false,"template":"","format":"standard","meta":{"footnotes":""},"categories":[5],"tags":[32,33,36,37,27,34,35,28,31,25,42,38,40,39,41,29,30,26],"class_list":{"0":"post-163859","1":"post","2":"type-post","3":"status-publish","4":"format-standard","5":"has-post-thumbnail","7":"category-naglowki","8":"tag-breaking-news","9":"tag-breakingnews","10":"tag-featured-news","11":"tag-featurednews","12":"tag-headlines","13":"tag-latest-news","14":"tag-latestnews","15":"tag-naglowki","16":"tag-najwazniejsze-artykuly","17":"tag-news","18":"tag-pl","19":"tag-poland","20":"tag-polish","21":"tag-polska","22":"tag-polski","23":"tag-top-stories","24":"tag-topstories","25":"tag-wiadomosci"},"share_on_mastodon":{"url":"https:\/\/pubeurope.com\/@pl\/115759582629686482","error":""},"_links":{"self":[{"href":"https:\/\/www.europesays.com\/pl\/wp-json\/wp\/v2\/posts\/163859","targetHints":{"allow":["GET"]}}],"collection":[{"href":"https:\/\/www.europesays.com\/pl\/wp-json\/wp\/v2\/posts"}],"about":[{"href":"https:\/\/www.europesays.com\/pl\/wp-json\/wp\/v2\/types\/post"}],"author":[{"embeddable":true,"href":"https:\/\/www.europesays.com\/pl\/wp-json\/wp\/v2\/users\/2"}],"replies":[{"embeddable":true,"href":"https:\/\/www.europesays.com\/pl\/wp-json\/wp\/v2\/comments?post=163859"}],"version-history":[{"count":0,"href":"https:\/\/www.europesays.com\/pl\/wp-json\/wp\/v2\/posts\/163859\/revisions"}],"wp:featuredmedia":[{"embeddable":true,"href":"https:\/\/www.europesays.com\/pl\/wp-json\/wp\/v2\/media\/163860"}],"wp:attachment":[{"href":"https:\/\/www.europesays.com\/pl\/wp-json\/wp\/v2\/media?parent=163859"}],"wp:term":[{"taxonomy":"category","embeddable":true,"href":"https:\/\/www.europesays.com\/pl\/wp-json\/wp\/v2\/categories?post=163859"},{"taxonomy":"post_tag","embeddable":true,"href":"https:\/\/www.europesays.com\/pl\/wp-json\/wp\/v2\/tags?post=163859"}],"curies":[{"name":"wp","href":"https:\/\/api.w.org\/{rel}","templated":true}]}}