{"id":163927,"date":"2025-12-21T21:53:10","date_gmt":"2025-12-21T21:53:10","guid":{"rendered":"https:\/\/www.europesays.com\/pl\/163927\/"},"modified":"2025-12-21T21:53:10","modified_gmt":"2025-12-21T21:53:10","slug":"kwasniewska-przekazala-wiesci-ws-badacha-to-juz-oficjalne-rmf-fm","status":"publish","type":"post","link":"https:\/\/www.europesays.com\/pl\/163927\/","title":{"rendered":"Kwa\u015bniewska przekaza\u0142a wie\u015bci ws. Badacha. To ju\u017c oficjalne :: RMF FM"},"content":{"rendered":"<p>Aleksandra Kwa\u015bniewska w imieniu swoim i m\u0119\u017ca podzieli\u0142a si\u0119 wiadomo\u015bci\u0105, kt\u00f3ra sprowadzi\u0142a na nich lawin\u0119 gratulacji. Dla Kuby Badacha to spe\u0142nienie marze\u0144, w kt\u00f3rym ona tak\u017ce mia\u0142a sw\u00f3j udzia\u0142. \u201eNie chc\u0119 si\u0119 chwali\u0107, ale uczciwo\u015b\u0107 nakazuje uprzedzi\u0107, \u017ce wysz\u0142o nam to wyj\u0105tkowo pi\u0119knie\u201d \u2013 poinformowa\u0142a o wsp\u00f3lnym przedsi\u0119wzi\u0119ciu.<\/p>\n<p><img decoding=\"async\" alt=\"\" src=\"https:\/\/www.europesays.com\/pl\/wp-content\/uploads\/2025\/12\/ef59633b62244cfd8037639830bfd4bd.jpg\" class=\"w-100\"\/><\/p>\n<p>Aleksandra Kwa\u015bniewska przekaza\u0142a wie\u015bci ws. m\u0119\u017ca, fot. Kurnikowski\/AKPA<\/p>\n<p>&#13;<br \/>\n\tAleksandra Kwa\u015bniewska i <a href=\"https:\/\/www.rmf.fm\/magazyn\/tag,Kuba%20Badach.html\" rel=\"nofollow noopener\" target=\"_blank\">Kuba Badach<\/a> tworz\u0105 zgrany duet nie tylko w \u017cyciu prywatnym, ale i zawodowym. Ostatnio pracowali razem przy najnowszym albumie trenera \u201eThe Voice of Poland\u201d, zatytu\u0142owanym \u201eRadio Edit\u201d. Ola po raz kolejny napisa\u0142a dla m\u0119\u017ca teksty utwor\u00f3w. Teraz znienacka pochwali\u0142a si\u0119 kolejn\u0105 nowin\u0105.<\/p>\n<p>&#13;<br \/>\n\tJak si\u0119 okazuje, ma\u0142\u017conkowie mieli ostatnio okazj\u0119 zn\u00f3w wsp\u00f3\u0142pracowa\u0107 \u2013 tym razem przy wydarzeniu telewizyjnym. Kwa\u015bniewska, oficjalnie informuj\u0105c o tym fan\u00f3w, podkre\u015bli\u0142a, \u017ce dla jej m\u0119\u017ca to spe\u0142nienie marze\u0144. W imieniu swoim i Kuby Badacha przekaza\u0142a: \u201eKochani, z ogromn\u0105 przyjemno\u015bci\u0105 zapraszamy was do obejrzenia koncertu, kt\u00f3ry Kuba sobie wymarzy\u0142, a nast\u0119pnie to marzenie zrealizowa\u0142 wraz z @telewizjapolska i @goodtasteproduction\u201d.<\/p>\n<p>&#13;<br \/>\n\tKwa\u015bniewska i Badach razem nie tylko w \u017cyciu prywatnym<\/p>\n<p>&#13;<br \/>\n\tKoncert zatytu\u0142owany \u201eKuba Badach \u2013 Jazzy Christmas\u201d zostanie pokazany 26 grudnia \u2013 w drugi dzie\u0144 \u015bwi\u0105t Bo\u017cego Narodzenia \u2013 o godzinie 20.00 w <a href=\"https:\/\/www.rmf.fm\/magazyn\/tag,TVP2.html\" rel=\"nofollow noopener\" target=\"_blank\">TVP2<\/a>. Kwa\u015bniewska zdradzi\u0142a, \u017ce Badach zaprosi\u0142 wielu wy\u015bmienitych go\u015bci, w\u015br\u00f3d kt\u00f3rych s\u0105: Mica Millar, Sanah, Gregory Porter, Chris Botti, Henryk Mi\u015bkiewicz, Bernard Maseli, Dominik Wania. \u201eAran\u017ce powierzy\u0142 wspania\u0142emu Paw\u0142owi Tomaszewskiemu, re\u017cyseri\u0119 najlepszej Magdalenie Sibidze, a scenariusz, no c\u00f3\u017c, mnie\u201d \u2013 doda\u0142a z przymru\u017ceniem oka.<\/p>\n<blockquote><p>&#13;<\/p>\n<p>&#13;<br \/>\n\t\tTroszeczk\u0119 nie chc\u0119 si\u0119 chwali\u0107, ale uczciwo\u015b\u0107 nakazuje uprzedzi\u0107, \u017ce wysz\u0142o nam to wyj\u0105tkowo pi\u0119knie \u2013 skwitowa\u0142a w swoim stylu.<\/p>\n<p>&#13;\n<\/p><\/blockquote>\n<p>&#13;<br \/>\n\tWkr\u00f3tce pod wpisem \u017cony trenera \u201eThe Voice of Poland\u201d pojawi\u0142a si\u0119 lawina komentarzy \u2013 r\u00f3wnie\u017c od innych gwiazd. \u201eOlu, gratulacje dla ciebie i Kuby. Z tego, co syn opowiada\u0142, to b\u0119dzie koncert mega sztos\u201d \u2013 napisa\u0142a Edyta Golec. \u201eB\u0119dziemy ogl\u0105da\u0107! Gratulacje\u201d \u2013 zapewni\u0142a Ania Karwan, Justyna Nag\u0142owska podkre\u015bli\u0142a za\u015b: \u201eTo by\u0142 wspania\u0142y koncert! Tak si\u0119 ciesz\u0119, \u017ce mog\u0142am to prze\u017cy\u0107 na \u017cywo z wami. Ogromne gratulacje\u201d.<\/p>\n<blockquote class=\"instagram-media\" data-instgrm-captioned=\"\" data-instgrm-permalink=\"https:\/\/www.instagram.com\/p\/DSiBCMhjOiw\/?utm_source=ig_embed&amp;utm_campaign=loading\" data-instgrm-version=\"14\" style=\" background:#FFF; border:0; border-radius:3px; box-shadow:0 0 1px 0 rgba(0,0,0,0.5),0 1px 10px 0 rgba(0,0,0,0.15); margin: 1px; max-width:540px; min-width:326px; padding:0; width:99.375%; width:-webkit-calc(100% - 2px); width:calc(100% - 2px);\"\/>\n<p>\t\t\t\t\t\t<script async src=\"\/\/www.instagram.com\/embed.js\"><\/script><\/p>\n","protected":false},"excerpt":{"rendered":"Aleksandra Kwa\u015bniewska w imieniu swoim i m\u0119\u017ca podzieli\u0142a si\u0119 wiadomo\u015bci\u0105, kt\u00f3ra sprowadzi\u0142a na nich lawin\u0119 gratulacji. Dla Kuby&hellip;\n","protected":false},"author":2,"featured_media":163928,"comment_status":"","ping_status":"","sticky":false,"template":"","format":"standard","meta":{"footnotes":""},"categories":[22],"tags":[32477,122,32479,32478,32480,42,38,40,39,41,123,506,2578],"class_list":{"0":"post-163927","1":"post","2":"type-post","3":"status-publish","4":"format-standard","5":"has-post-thumbnail","7":"category-rozrywka","8":"tag-aleksandra-kwasniewska","9":"tag-entertainment","10":"tag-jazzy-christmas","11":"tag-kuba-badach","12":"tag-kuba-badach-koncert-swiateczny","13":"tag-pl","14":"tag-poland","15":"tag-polish","16":"tag-polska","17":"tag-polski","18":"tag-rozrywka","19":"tag-tvp","20":"tag-tvp2"},"share_on_mastodon":{"url":"https:\/\/pubeurope.com\/@pl\/115759783220263582","error":""},"_links":{"self":[{"href":"https:\/\/www.europesays.com\/pl\/wp-json\/wp\/v2\/posts\/163927","targetHints":{"allow":["GET"]}}],"collection":[{"href":"https:\/\/www.europesays.com\/pl\/wp-json\/wp\/v2\/posts"}],"about":[{"href":"https:\/\/www.europesays.com\/pl\/wp-json\/wp\/v2\/types\/post"}],"author":[{"embeddable":true,"href":"https:\/\/www.europesays.com\/pl\/wp-json\/wp\/v2\/users\/2"}],"replies":[{"embeddable":true,"href":"https:\/\/www.europesays.com\/pl\/wp-json\/wp\/v2\/comments?post=163927"}],"version-history":[{"count":0,"href":"https:\/\/www.europesays.com\/pl\/wp-json\/wp\/v2\/posts\/163927\/revisions"}],"wp:featuredmedia":[{"embeddable":true,"href":"https:\/\/www.europesays.com\/pl\/wp-json\/wp\/v2\/media\/163928"}],"wp:attachment":[{"href":"https:\/\/www.europesays.com\/pl\/wp-json\/wp\/v2\/media?parent=163927"}],"wp:term":[{"taxonomy":"category","embeddable":true,"href":"https:\/\/www.europesays.com\/pl\/wp-json\/wp\/v2\/categories?post=163927"},{"taxonomy":"post_tag","embeddable":true,"href":"https:\/\/www.europesays.com\/pl\/wp-json\/wp\/v2\/tags?post=163927"}],"curies":[{"name":"wp","href":"https:\/\/api.w.org\/{rel}","templated":true}]}}