{"id":163957,"date":"2025-12-21T22:33:10","date_gmt":"2025-12-21T22:33:10","guid":{"rendered":"https:\/\/www.europesays.com\/pl\/163957\/"},"modified":"2025-12-21T22:33:10","modified_gmt":"2025-12-21T22:33:10","slug":"polka-w-kijowie-dzieki-generatorom-mozna-miec-namiastke-normalnosci","status":"publish","type":"post","link":"https:\/\/www.europesays.com\/pl\/163957\/","title":{"rendered":"Polka w Kijowie: dzi\u0119ki generatorom mo\u017cna mie\u0107 namiastk\u0119 normalno\u015bci"},"content":{"rendered":"<p>Choinka, kt\u00f3ra opowiada histori\u0119 wojny <\/p>\n<p class=\"Paragraph_desktopParagraph__U31Gm\">Patrz\u0119 na archiwalne zdj\u0119cia corocznie ustawianej g\u0142\u00f3wnej choinki na Placu Sofii w Kijowie. Przed wojn\u0105, co roku by\u0142a pi\u0119kniejsza, bardziej okaza\u0142a\u2026 przed inwazj\u0105 by\u0142y nawet przepi\u0119kne girlandy rozci\u0105gni\u0119te od czubka we wszystkie strony placu. Od 2022 r. wyra\u017anie sta\u0142a si\u0119 skromniejsza. Pocz\u0105tkowo w barwach narodowych, w innym roku z god\u0142em zamiast gwiazdki na czubku.<\/p>\n<p class=\"Paragraph_desktopParagraph__U31Gm\">W czwartym roku wojny jest zwyczajna \u2014 bez przepychu, bez zb\u0119dnych kolor\u00f3w. Mam wra\u017cenie, \u017ce po prostu odzwierciedla nastroje w Ukrainie. Ostatnio morale zosta\u0142y mocno nadszarpni\u0119te: na froncie nie ma spektakularnych zwyci\u0119stw, a ka\u017cdej nocy setki dron\u00f3w i dziesi\u0105tki pocisk\u00f3w balistycznych roz\u0142upuj\u0105 kraj na kawa\u0142ki. Wielogodzinne wy\u0142\u0105czenia pr\u0105du \u2014 bez ogrzewania, bez ciep\u0142ej wody \u2014 s\u0105 dramatem. W tym wszystkim najgorsze by\u0142o ujawnienie afery korupcyjnej w\u0142a\u015bnie w sektorze energetycznym. Czyta\u0142am setki wypowiedzi czytelnik\u00f3w pod artyku\u0142ami. Najdelikatniejsze by\u0142y zarzuty typu: &#8222;Rozmontowujecie Ukrain\u0119 od \u015brodka, gdy my giniemy, walcz\u0105c z naje\u017ad\u017ac\u0105!&#8221;. Patrz\u0105c na migaj\u0105ce \u015bwiate\u0142ka, nie spos\u00f3b spokojnie my\u015ble\u0107 o tym dramacie.<\/p>\n<ul class=\"OchatFollowUps_wrapper__1ry7X\">\n<li class=\"OchatFollowUps_item__Dhyly OchatFollowUps_itemDesktop__R6aBv\">Dlaczego choinka na Placu Sofii sta\u0142a si\u0119 symbolem zm\u0119czenia?<\/li>\n<li class=\"OchatFollowUps_item__Dhyly OchatFollowUps_itemDesktop__R6aBv\">Jakie zmiany w dniu Bo\u017cego Narodzenia wprowadzi\u0142a Ukraina?<\/li>\n<li class=\"OchatFollowUps_item__Dhyly OchatFollowUps_itemDesktop__R6aBv\">W jaki spos\u00f3b generatory pr\u0105du wp\u0142ywaj\u0105 na \u017cycie mieszka\u0144c\u00f3w Kijowa?<\/li>\n<li class=\"OchatFollowUps_item__Dhyly OchatFollowUps_itemDesktop__R6aBv\">Jak mieszka\u0144cy Kijowa przygotowuj\u0105 si\u0119 na \u015bwi\u0119ta w obliczu wojny?<\/li>\n<\/ul>\n<p><img decoding=\"async\" class=\"Image_image__0tuHp Image_autoHeight__f2n87 \" height=\"587\" width=\"440\" src=\"https:\/\/www.europesays.com\/pl\/wp-content\/uploads\/2025\/12\/pmik9kqTURBXy84N2M3MTFlMDYzNDY4YzE4YzE1NzIwOGNmMTYzZjQzOS5qcGVnkpUCzQOsAMLDlQIAzQJLwsPeAAOhMAGhMQGhM.jpeg\" alt=\"Kij\u00f3w 2025\" loading=\"lazy\" \/>Archiwum prywatne<\/p>\n<p>Kij\u00f3w 2025<\/p>\n<p class=\"Paragraph_desktopParagraph__U31Gm\">W 2023 roku Ukraina zmieni\u0142a daty \u015bwi\u0105t ko\u015bcielnych, by zerwa\u0107 z rosyjskim kalendarzem julia\u0144skim. Bo\u017ce Narodzenie jest teraz obchodzone \u2014 tak jak w Europie \u2014 25 grudnia zamiast 7 stycznia i stanowi symbol odej\u015bcia od wp\u0142yw\u00f3w rosyjskich po pe\u0142noskalowej agresji.<\/p>\n<p class=\"Paragraph_desktopParagraph__U31Gm\">G\u0142\u00f3wna choinka w stolicy zajmuje wa\u017cne miejsce pomi\u0119dzy dzwonnic\u0105 Soboru M\u0105dro\u015bci Bo\u017cej a pomnikiem Bohdana Chmielnickiego \u2014 kozackiego przyw\u00f3dcy. Obecnie ten pomnik \u2014 jak wiele innych w mie\u015bcie \u2014 jest opakowany, aby nie zniszczy\u0142y go rosyjskie drony. Ale kijowianie nie poddaj\u0105 si\u0119 tak \u0142atwo. Noce sp\u0119dzaj\u0105 w schronach lub w metrze, rano id\u0105 do pracy i szko\u0142y, jakby nie by\u0142o huku, po\u017car\u00f3w i wycia syren!<\/p>\n<p>Namiastka \u017cycia dzi\u0119ki generatorom pr\u0105du <\/p>\n<p class=\"Paragraph_desktopParagraph__U31Gm\">Spaceruj\u0105c po mie\u015bcie, wsz\u0119dzie mijam niezwyk\u0142e dekoracje przed sklepami, restauracjami i urz\u0119dami. Nie spodziewa\u0142am si\u0119 tego! Wydaje si\u0119, \u017ce ryzyko zniszczenia przez naloty bombowe jest zbyt du\u017ce, by przeznacza\u0107 ogromne kwoty na tak efektowne przystrojenia. W czasie planowych odci\u0119\u0107 pr\u0105du \u2014 a zwykle jest to oko\u0142o 14 godzin na dob\u0119 \u2014 wsz\u0119dzie pracuj\u0105 generatory. Cz\u0119\u015b\u0107 z nich pochodzi z dar\u00f3w z ca\u0142ego \u015bwiata i sprawdzaj\u0105 si\u0119 rewelacyjnie. Dzi\u0119ki nim mo\u017cna p\u00f3j\u015b\u0107 do sklepu, baru czy restauracji bez obawy, \u017ce jedzenie w lod\u00f3wkach by\u0142o wielokrotnie rozmra\u017cane i zamra\u017cane. W naszym budynku generatory zasilaj\u0105 cz\u0119\u015b\u0107 wind \u2014 bez tego mieszka\u0144cy trzydziestego pi\u0119tra byliby ca\u0142kowicie uwi\u0119zieni. Dzi\u0119ki generatorom mo\u017cna te\u017c p\u00f3j\u015b\u0107 do lekarza, stomatologa, fryzjera czy kosmetyczki. Mo\u017cna po prostu przez chwil\u0119 \u017cy\u0107 zwyczajnie.<\/p>\n<p class=\"Paragraph_desktopParagraph__U31Gm\">To niezwykle wa\u017cne, aby zachowa\u0107 namiastk\u0119 normalnego \u017cycia. Ka\u017cdy ma w domu du\u017ce baterie \u2014 my r\u00f3wnie\u017c zaopatrzyli\u015bmy si\u0119 w takie, kt\u00f3re mog\u0105 przez kilka godzin zasila\u0107 lod\u00f3wk\u0119, laptopy, telefony i lampki, by nie sp\u0119dza\u0107 czasu w ciemno\u015bciach, a przede wszystkim router Wi-Fi, bo internet to \u017cycie! Z rz\u0105dowej aplikacji Air Alert dowiadujemy si\u0119 o zagro\u017ceniu z powietrza, o tym, co i z kt\u00f3rej strony b\u0119dzie nas atakowa\u0107. Ostrzega i daje czas na decyzj\u0119: czy warto przenie\u015b\u0107 si\u0119 z ciep\u0142ego \u0142\u00f3\u017cka na pod\u0142og\u0119 w \u0142azience, aby chroni\u0142y nas dwie\u2013trzy \u015bciany, czy zagro\u017cenie jest tak du\u017ce, \u017ce trzeba jednak zej\u015b\u0107 na zimny, podziemny parking.<\/p>\n<p class=\"Paragraph_desktopParagraph__U31Gm\">Zbli\u017ca si\u0119 Bo\u017ce Narodzenie. Nie wiem, jakie b\u0119dzie \u2014 czy uda mi si\u0119 przygotowa\u0107 barszcz z uszkami i ryb\u0119, czy zjemy przy \u015bwi\u0105tecznie udekorowanym stole, czy w gara\u017cu. Na wszelki wypadek wzi\u0119\u0142am z naszego warszawskiego domu du\u017cy termos d\u0142ugo utrzymuj\u0105cy temperatur\u0119 oraz ma\u0142e termosy na barszcz i kompot z suszu.<\/p>\n<p class=\"Paragraph_desktopParagraph__U31Gm\">B\u0119dzie oczywi\u015bcie choinka, prezenty, sa\u0142atka jarzynowa \u2014 jak zawsze, cho\u0107 jednak w cieniu wojny.<\/p>\n","protected":false},"excerpt":{"rendered":"Choinka, kt\u00f3ra opowiada histori\u0119 wojny Patrz\u0119 na archiwalne zdj\u0119cia corocznie ustawianej g\u0142\u00f3wnej choinki na Placu Sofii w Kijowie.&hellip;\n","protected":false},"author":2,"featured_media":163958,"comment_status":"","ping_status":"","sticky":false,"template":"","format":"standard","meta":{"footnotes":""},"categories":[5],"tags":[32,33,36,37,27,369,32485,34,35,28,31,53,25,52,68,51,55,42,38,40,39,41,47,196,29,30,50,26],"class_list":{"0":"post-163957","1":"post","2":"type-post","3":"status-publish","4":"format-standard","5":"has-post-thumbnail","7":"category-naglowki","8":"tag-breaking-news","9":"tag-breakingnews","10":"tag-featured-news","11":"tag-featurednews","12":"tag-headlines","13":"tag-kk","14":"tag-klubpolekpl","15":"tag-latest-news","16":"tag-latestnews","17":"tag-naglowki","18":"tag-najwazniejsze-artykuly","19":"tag-new_header","20":"tag-news","21":"tag-onet3","22":"tag-onet3d","23":"tag-onet3d_2i","24":"tag-phx","25":"tag-pl","26":"tag-poland","27":"tag-polish","28":"tag-polska","29":"tag-polski","30":"tag-screening_general","31":"tag-styl_zycia","32":"tag-top-stories","33":"tag-topstories","34":"tag-v2021","35":"tag-wiadomosci"},"share_on_mastodon":{"url":"https:\/\/pubeurope.com\/@pl\/115759940046473038","error":""},"_links":{"self":[{"href":"https:\/\/www.europesays.com\/pl\/wp-json\/wp\/v2\/posts\/163957","targetHints":{"allow":["GET"]}}],"collection":[{"href":"https:\/\/www.europesays.com\/pl\/wp-json\/wp\/v2\/posts"}],"about":[{"href":"https:\/\/www.europesays.com\/pl\/wp-json\/wp\/v2\/types\/post"}],"author":[{"embeddable":true,"href":"https:\/\/www.europesays.com\/pl\/wp-json\/wp\/v2\/users\/2"}],"replies":[{"embeddable":true,"href":"https:\/\/www.europesays.com\/pl\/wp-json\/wp\/v2\/comments?post=163957"}],"version-history":[{"count":0,"href":"https:\/\/www.europesays.com\/pl\/wp-json\/wp\/v2\/posts\/163957\/revisions"}],"wp:featuredmedia":[{"embeddable":true,"href":"https:\/\/www.europesays.com\/pl\/wp-json\/wp\/v2\/media\/163958"}],"wp:attachment":[{"href":"https:\/\/www.europesays.com\/pl\/wp-json\/wp\/v2\/media?parent=163957"}],"wp:term":[{"taxonomy":"category","embeddable":true,"href":"https:\/\/www.europesays.com\/pl\/wp-json\/wp\/v2\/categories?post=163957"},{"taxonomy":"post_tag","embeddable":true,"href":"https:\/\/www.europesays.com\/pl\/wp-json\/wp\/v2\/tags?post=163957"}],"curies":[{"name":"wp","href":"https:\/\/api.w.org\/{rel}","templated":true}]}}