{"id":163991,"date":"2025-12-21T23:14:24","date_gmt":"2025-12-21T23:14:24","guid":{"rendered":"https:\/\/www.europesays.com\/pl\/163991\/"},"modified":"2025-12-21T23:14:24","modified_gmt":"2025-12-21T23:14:24","slug":"fala-zimna-dotrze-daleko-na-poludnie-mroz-pojawi-sie-nawet-w-afryce","status":"publish","type":"post","link":"https:\/\/www.europesays.com\/pl\/163991\/","title":{"rendered":"Fala zimna dotrze daleko na po\u0142udnie. Mr\u00f3z pojawi si\u0119 nawet w Afryce"},"content":{"rendered":"<p class=\"ods-c-paragraph \">Podczas gdy wi\u0119kszo\u015b\u0107 Europy do\u015bwiadcza wyj\u0105tkowo \u0142agodnych temperatur, to prawdziwa zima od d\u0142u\u017cszego czasu panuje na p\u00f3\u0142nocy kontynentu. W Skandynawii i p\u00f3\u0142nocnej Rosji s\u0142upki rt\u0119ci regularnie spadaj\u0105 poni\u017cej -20 st. C. Fala zimna z tamtego regionu coraz \u015bmielej zmierza na po\u0142udnie i w sam raz na \u015bwi\u0119ta obejmie znaczn\u0105 cz\u0119\u015b\u0107 Europy.<\/p>\n<p> Kiedy fala zimna dotrze do Europy? <\/p>\n<p> Jakie temperatury b\u0119d\u0105 w Hiszpanii podczas zimnej fali? <\/p>\n<p> Czy w p\u00f3\u0142nocnej Afryce wyst\u0105pi\u0105 przymrozki? <\/p>\n<p> Gdzie w Europie przewiduje si\u0119 mr\u00f3z w czasie \u015bwi\u0105t? <\/p>\n<p>  Fala zimna p\u0119dzi na po\u0142udnie. Mr\u00f3z dosi\u0119gnie nawet Afryki<\/p>\n<p class=\"ods-c-paragraph \">Po weekendzie z ka\u017cdym dniem ch\u0142odne powietrze zajmowa\u0107 b\u0119dzie coraz wi\u0119kszy obszar kontynentu. W \u015bwi\u0119ta ca\u0142odobowy mr\u00f3z zapanuje m.in. w Polsce, Niemczech, Czechach i u naszych wschodnich s\u0105siad\u00f3w. Mr\u00f3z nie zatrzyma si\u0119 jednak na naszej cz\u0119\u015bci kontynentu. We Francji czy Hiszpanii nocami spodziewane s\u0105 spadki temperatury poni\u017cej -5 st. C. Podobne warto\u015bci mo\u017cliwe s\u0105 na p\u00f3\u0142nocy W\u0142och. Bardzo zimno zrobi si\u0119 nawet w p\u00f3\u0142nocnej Afryce. W Maroku, Algierii czy Tunezji lokalnie mo\u017cliwe s\u0105 przymrozki.<\/p>\n<p>   <img decoding=\"async\" src=\"https:\/\/www.europesays.com\/pl\/wp-content\/uploads\/2025\/12\/3rCk9lBaHR0cHM6Ly9vY2RuLmV1L3B1bHNjbXMvTURBXy81ODNlYTVlMmJhODZkMDIzMzI2MmExZjNjZTAxOTA3OS5qcGeRlQLNB.jpeg\" height=\"658\" width=\"940\" alt=\"Fala zimna w \u015bwi\u0119ta rozleje si\u0119 po Europie\" loading=\"lazy\" class=\"ods-c-image__img ods-c-image__img--viewport-width\"\/><\/p>\n<p>Fala zimna w \u015bwi\u0119ta rozleje si\u0119 po Europiewxcharts.com<\/p>\n<p class=\"ods-c-paragraph \">Wsz\u0119dzie tam temperatury oka\u017c\u0105 si\u0119 nawet o ok. 5-10 st. C ni\u017csze, ni\u017c wynika z normy dla obecnej pory roku. Z zapowiedzi Europejskiego Centrum Prognoz \u015arednioterminowych wynika, \u017ce ca\u0142y stycze\u0144 ma by\u0107 w Europie miesi\u0105cem ch\u0142odniejszym od normy, co mo\u017ce oznacza\u0107 cz\u0119ste fale mroz\u00f3w.<\/p>\n","protected":false},"excerpt":{"rendered":"Podczas gdy wi\u0119kszo\u015b\u0107 Europy do\u015bwiadcza wyj\u0105tkowo \u0142agodnych temperatur, to prawdziwa zima od d\u0142u\u017cszego czasu panuje na p\u00f3\u0142nocy kontynentu.&hellip;\n","protected":false},"author":2,"featured_media":163992,"comment_status":"","ping_status":"","sticky":false,"template":"","format":"standard","meta":{"footnotes":""},"categories":[12],"tags":[6306,32,33,36,37,27,34,35,6987,28,31,48,25,46,42,78,38,40,39,41,47,29,30,26,7441],"class_list":{"0":"post-163991","1":"post","2":"type-post","3":"status-publish","4":"format-standard","5":"has-post-thumbnail","7":"category-polska","8":"tag-afryka","9":"tag-breaking-news","10":"tag-breakingnews","11":"tag-featured-news","12":"tag-featurednews","13":"tag-headlines","14":"tag-latest-news","15":"tag-latestnews","16":"tag-mroz","17":"tag-naglowki","18":"tag-najwazniejsze-artykuly","19":"tag-nat_styl","20":"tag-news","21":"tag-omp","22":"tag-pl","23":"tag-pogoda","24":"tag-poland","25":"tag-polish","26":"tag-polska","27":"tag-polski","28":"tag-screening_general","29":"tag-top-stories","30":"tag-topstories","31":"tag-wiadomosci","32":"tag-zima"},"share_on_mastodon":{"url":"https:\/\/pubeurope.com\/@pl\/115760101285516627","error":""},"_links":{"self":[{"href":"https:\/\/www.europesays.com\/pl\/wp-json\/wp\/v2\/posts\/163991","targetHints":{"allow":["GET"]}}],"collection":[{"href":"https:\/\/www.europesays.com\/pl\/wp-json\/wp\/v2\/posts"}],"about":[{"href":"https:\/\/www.europesays.com\/pl\/wp-json\/wp\/v2\/types\/post"}],"author":[{"embeddable":true,"href":"https:\/\/www.europesays.com\/pl\/wp-json\/wp\/v2\/users\/2"}],"replies":[{"embeddable":true,"href":"https:\/\/www.europesays.com\/pl\/wp-json\/wp\/v2\/comments?post=163991"}],"version-history":[{"count":0,"href":"https:\/\/www.europesays.com\/pl\/wp-json\/wp\/v2\/posts\/163991\/revisions"}],"wp:featuredmedia":[{"embeddable":true,"href":"https:\/\/www.europesays.com\/pl\/wp-json\/wp\/v2\/media\/163992"}],"wp:attachment":[{"href":"https:\/\/www.europesays.com\/pl\/wp-json\/wp\/v2\/media?parent=163991"}],"wp:term":[{"taxonomy":"category","embeddable":true,"href":"https:\/\/www.europesays.com\/pl\/wp-json\/wp\/v2\/categories?post=163991"},{"taxonomy":"post_tag","embeddable":true,"href":"https:\/\/www.europesays.com\/pl\/wp-json\/wp\/v2\/tags?post=163991"}],"curies":[{"name":"wp","href":"https:\/\/api.w.org\/{rel}","templated":true}]}}