{"id":163999,"date":"2025-12-21T23:23:13","date_gmt":"2025-12-21T23:23:13","guid":{"rendered":"https:\/\/www.europesays.com\/pl\/163999\/"},"modified":"2025-12-21T23:23:13","modified_gmt":"2025-12-21T23:23:13","slug":"kacper-tomasiak-zajal-trzecie-miejsce-w-kwalifikacjach-do-konkursu-pucharu-swiata-w-engelbergu-sport-tvp-pl","status":"publish","type":"post","link":"https:\/\/www.europesays.com\/pl\/163999\/","title":{"rendered":"Kacper Tomasiak zaj\u0105\u0142 trzecie miejsce w kwalifikacjach do konkursu Pucharu \u015awiata w Engelbergu &#8211; sport.tvp.pl"},"content":{"rendered":"<ol>\n<li><a href=\"https:\/\/news.google.com\/rss\/articles\/CBMipAFBVV95cUxNZUtIQTNjX3FfQUdmM0QwSGZjSWJpalhlaVZ0ZGpzZ2ZBMUMwU3N0VzJ6VjRYZDBGUHczQ3hnWTk2SGV1YlhUTkdpNU1wTklSVWxDRExzZm1JSFJPSDZ3WlFwaTEyNmtobDJuQl8xdjU4QUdUZ1ZUOVdpZDZEeGczLWlnTGZJd2lvQmM4WnI5WlBtUVdsMFdnQXBoWDhWcy1oTjJSTNIBqgFBVV95cUxOMTFlNWhpV2s5QVdueF81ZmQxb000VmxHZmgwZmpLVWJtM3JNM1JyeTdKVmp2dnNrUUNJYVE5STAyTEstSXZIUDRheEt1Tjh2ODFWU3NRYWpUNVQwRnpJbUxQYnRRa1ZBbFJ1OUJFRXNzVEE0UVFROHJWZUJuMmVmZ3VFMFJySkNZNFpZMldoRGJBNV95VG1hd0RkckVocG1sS1U3WnoyZDVxQQ?oc=5\" target=\"_blank\" rel=\"nofollow noopener\">Kacper Tomasiak zaj\u0105\u0142 trzecie miejsce w kwalifikacjach do konkursu Pucharu \u015awiata w Engelbergu<\/a>&nbsp;&nbsp;sport.tvp.pl<\/li>\n<li><a href=\"https:\/\/news.google.com\/rss\/articles\/CBMi1AFBVV95cUxNYjR3X2J1dGJpcC1jSURqNUVRREQ2OHlhaFhxZjRPQjZEZWEtNF9hbS1fbDFuMkNTQ1lBUVZNVWhrN1EtMF9MLWlqZ1AtaHZuNF91ZkpfYk13NVNETG5SZUVmWWw3dnpydzNfOEp4dW1MakRieGdtLUpBZnZ2OWV6ZHpMZmxaeERRdVpOdzRPWEdhYjBLMkhMa1pVdkNkYjNzNXVyU21Ka1Z2VWNoS3JNU3BMNEVHOUsxaFMxbzh4ei1xZmFiRUJ6RHlkOWZtc19DVFNucQ?oc=5\" target=\"_blank\" rel=\"nofollow noopener\">\u017byciowy sukces 18-letniego Tomasiaka! Szalona loteria w Engelbergu<\/a>&nbsp;&nbsp;Przegl\u0105d Sportowy Onet<\/li>\n<li><a href=\"https:\/\/news.google.com\/rss\/articles\/CBMingFBVV95cUxQbU5icDNEMUNLVDd5Y3RseTNaRFpSQ19McTdNSGhTcnJ1Z2NMSHVVcW5CQ2l0UmFVbmhodVJ0a3VRei1VSFBfVElscTJkRm9vN0dzazkwY3g2TGNxaGhiSHVMZ3hiUlJfUlpBaDlpU3AxZnhVcFY3LWY2RHM5T3MxNG05MWNQaVBIbXYybURNMHlYcFlxWllKTl8xbXl3Zw?oc=5\" target=\"_blank\" rel=\"nofollow noopener\">Tomasiak bi\u0142 si\u0119 o podium! Oto co sta\u0142o si\u0119 w drugim skoku<\/a>&nbsp;&nbsp;SportoweFakty<\/li>\n<li><a href=\"https:\/\/news.google.com\/rss\/articles\/CBMiswFBVV95cUxNZFVYV3hOd0R6ajVyUEhLT0xRTDR1bE5oRUpqVDFiTVlMckM3c0x3MHR2Z1AyOGJSanZxQXBGVUwyR0pWLTZhbkxFYWlQMlBPaGlDMGRnaV9HN2xhYjc5bDBkdXhBaTF2X0s0SzBpMG4weGpzZUVmcktzaTUwV05lTU9SMklBbDVnbi1sQjVid09qRkZlaHNqbWhza2p6RlpxQ1ExRUdULWw1WEktdkptT2xRaw?oc=5\" target=\"_blank\" rel=\"nofollow noopener\">Oto co poza Polsk\u0105 m\u00f3wi si\u0119 o Tomasiaku. O s\u0142owach legendy b\u0119dzie g\u0142o\u015bno<\/a>&nbsp;&nbsp;Sport.pl<\/li>\n<li><a href=\"https:\/\/news.google.com\/rss\/articles\/CBMivgFBVV95cUxNZWFpaE5RRlFPa3V0X2VEWVJfSEFYNHljWTN5MWtIbzhZYmZuMG5aX2ZLQ0hfY1diZ2lGNlpXcDJFdmxEWFh1Q3VIaW56SVoxZnBDbWRQdmlVTk9IQVBmR1RROXRmdGNNZ3JfRGJXUi1hTEVMT2lFQ1NHR09oX0ZaQU1GZElXcUozOTdQZi1peFBvdUNEUmxQWG9JUGxDSl9FcEM3SU9GRFo5bE9YcjVNWDF6N1l0RnRqZFNKLVZ3?oc=5\" target=\"_blank\" rel=\"nofollow noopener\">Tomasiak zn\u00f3w z awansem, ale co si\u0119 dzieje przed nim. Tak wygl\u0105da klasyfikacja generalna Pucharu \u015awiata<\/a>&nbsp;&nbsp;Sport w INTERIA.PL<\/li>\n<\/ol>\n","protected":false},"excerpt":{"rendered":"Kacper Tomasiak zaj\u0105\u0142 trzecie miejsce w kwalifikacjach do konkursu Pucharu \u015awiata w Engelbergu&nbsp;&nbsp;sport.tvp.pl \u017byciowy sukces 18-letniego Tomasiaka! Szalona&hellip;\n","protected":false},"author":2,"featured_media":164000,"comment_status":"","ping_status":"","sticky":false,"template":"","format":"standard","meta":{"footnotes":""},"categories":[24],"tags":[30697,6799,42,38,40,39,41,17495,1538,127,334,126],"class_list":{"0":"post-163999","1":"post","2":"type-post","3":"status-publish","4":"format-standard","5":"has-post-thumbnail","7":"category-sport","8":"tag-engelberg","9":"tag-kacper-tomasiak","10":"tag-pl","11":"tag-poland","12":"tag-polish","13":"tag-polska","14":"tag-polski","15":"tag-puchar-swiata-w-skokach-narciarskich","16":"tag-skoki-narciarskie","17":"tag-sport","18":"tag-sport-tvp-pl","19":"tag-sports"},"share_on_mastodon":{"url":"https:\/\/pubeurope.com\/@pl\/115760136371406653","error":""},"_links":{"self":[{"href":"https:\/\/www.europesays.com\/pl\/wp-json\/wp\/v2\/posts\/163999","targetHints":{"allow":["GET"]}}],"collection":[{"href":"https:\/\/www.europesays.com\/pl\/wp-json\/wp\/v2\/posts"}],"about":[{"href":"https:\/\/www.europesays.com\/pl\/wp-json\/wp\/v2\/types\/post"}],"author":[{"embeddable":true,"href":"https:\/\/www.europesays.com\/pl\/wp-json\/wp\/v2\/users\/2"}],"replies":[{"embeddable":true,"href":"https:\/\/www.europesays.com\/pl\/wp-json\/wp\/v2\/comments?post=163999"}],"version-history":[{"count":0,"href":"https:\/\/www.europesays.com\/pl\/wp-json\/wp\/v2\/posts\/163999\/revisions"}],"wp:featuredmedia":[{"embeddable":true,"href":"https:\/\/www.europesays.com\/pl\/wp-json\/wp\/v2\/media\/164000"}],"wp:attachment":[{"href":"https:\/\/www.europesays.com\/pl\/wp-json\/wp\/v2\/media?parent=163999"}],"wp:term":[{"taxonomy":"category","embeddable":true,"href":"https:\/\/www.europesays.com\/pl\/wp-json\/wp\/v2\/categories?post=163999"},{"taxonomy":"post_tag","embeddable":true,"href":"https:\/\/www.europesays.com\/pl\/wp-json\/wp\/v2\/tags?post=163999"}],"curies":[{"name":"wp","href":"https:\/\/api.w.org\/{rel}","templated":true}]}}