{"id":164003,"date":"2025-12-21T23:28:20","date_gmt":"2025-12-21T23:28:20","guid":{"rendered":"https:\/\/www.europesays.com\/pl\/164003\/"},"modified":"2025-12-21T23:28:20","modified_gmt":"2025-12-21T23:28:20","slug":"wypadek-na-rysach-turysta-spadl-kilkaset-metrow-i-walczy-o-zycie","status":"publish","type":"post","link":"https:\/\/www.europesays.com\/pl\/164003\/","title":{"rendered":"Wypadek na Rysach. Turysta spad\u0142 kilkaset metr\u00f3w i walczy o \u017cycie"},"content":{"rendered":"<p class=\"Paragraph_desktopParagraph__U31Gm\">Na Rysach dosz\u0142o do kolejnego gro\u017anego wypadku, kt\u00f3ry pokazuje, jak niebezpieczne potrafi\u0105 by\u0107 zimowe warunki w Tatrach. W sobotnie popo\u0142udnie turysta schodz\u0105cy z najwy\u017cszego szczytu Polski straci\u0142 r\u00f3wnowag\u0119 na stromym, oblodzonym odcinku i spad\u0142 kilkaset metr\u00f3w w d\u00f3\u0142. M\u0119\u017cczyzna w ci\u0119\u017ckim stanie trafi\u0142 do szpitala w Zakopanem, gdzie lekarze walcz\u0105 o jego \u017cycie.<\/p>\n<p class=\"Paragraph_desktopParagraph__U31Gm\">Alarm w centrali TOPR zosta\u0142 og\u0142oszony tu\u017c po godzinie 15.00. Inny turysta, przebywaj\u0105cy w rejonie Buli pod Rysami, poinformowa\u0142 ratownik\u00f3w, \u017ce widzia\u0142, jak jego kolega z du\u017c\u0105 pr\u0119dko\u015bci\u0105 zsuwa si\u0119 po bardzo twardym \u015bniegu. Po chwili poszkodowany znikn\u0105\u0142 mu z pola widzenia i nie by\u0142o z nim \u017cadnego kontaktu.<\/p>\n<ul class=\"OchatFollowUps_wrapper__1ry7X\">\n<li class=\"OchatFollowUps_item__Dhyly OchatFollowUps_itemDesktop__R6aBv\">Jakie obra\u017cenia dozna\u0142 turysta?<\/li>\n<li class=\"OchatFollowUps_item__Dhyly OchatFollowUps_itemDesktop__R6aBv\">Gdzie trafi\u0142 poszkodowany m\u0119\u017cczyzna?<\/li>\n<li class=\"OchatFollowUps_item__Dhyly OchatFollowUps_itemDesktop__R6aBv\">Kiedy zosta\u0142 og\u0142oszony alarm TOPR?<\/li>\n<li class=\"OchatFollowUps_item__Dhyly OchatFollowUps_itemDesktop__R6aBv\">Jakie by\u0142y warunki na szlakach w Tatrach?<\/li>\n<\/ul>\n<p class=\"Paragraph_desktopParagraph__U31Gm\">Na miejsce natychmiast wys\u0142ano \u015bmig\u0142owiec z pi\u0119cioosobowym zespo\u0142em ratownik\u00f3w. M\u0119\u017cczyzna zosta\u0142 odnaleziony na wysoko\u015bci oko\u0142o 1700 m n.p.m. By\u0142 nieprzytomny i dozna\u0142 bardzo powa\u017cnych obra\u017ce\u0144 g\u0142owy, klatki piersiowej oraz ko\u0144czyny dolnej. Po udzieleniu pierwszej pomocy zosta\u0142 przetransportowany do szpitala.<\/p>\n<p class=\"Paragraph_desktopParagraph__U31Gm\">Jak poinformowa\u0142 TOPR, turysta posiada\u0142 zimowe wyposa\u017cenie, jednak w panuj\u0105cych warunkach to nie wystarczy\u0142o. Na skutek naprzemiennych odwil\u017cy i przymrozk\u00f3w szlaki w wy\u017cszych partiach Tatr s\u0105 obecnie wyj\u0105tkowo zdradliwe. Twardy, oblodzony \u015bnieg sprawia, \u017ce nawet chwila nieuwagi mo\u017ce zako\u0144czy\u0107 si\u0119 dramatem.<\/p>\n<p class=\"Paragraph_desktopParagraph__U31Gm\">Ratownicy podkre\u015blaj\u0105, \u017ce tego samego dnia interweniowali tak\u017ce w innym miejscu. Dwie turystki podczas podej\u015bcia na Karb zgubi\u0142y w\u0142a\u015bciw\u0105 drog\u0119 i znalaz\u0142y si\u0119 w eksponowanym terenie. Na szcz\u0119\u015bcie w ich przypadku akcja zako\u0144czy\u0142a si\u0119 bez obra\u017ce\u0144 \u2013 kobiety zosta\u0142y bezpiecznie sprowadzone do schroniska w Murowa\u0144cu.<\/p>\n<p class=\"Paragraph_desktopParagraph__U31Gm\">Tatrza\u0144ski Park Narodowy oraz TOPR apeluj\u0105 o rozwag\u0119 i odpowiednie przygotowanie. W obecnych warunkach poruszanie si\u0119 po Tatrach wymaga du\u017cego do\u015bwiadczenia oraz pe\u0142nego zimowego ekwipunku \u2013 rak\u00f3w, czekana i kasku, a tak\u017ce umiej\u0119tno\u015bci ich u\u017cywania. Zwyk\u0142e buty trekkingowe nie zapewniaj\u0105 wystarczaj\u0105cego bezpiecze\u0144stwa.<\/p>\n<p class=\"Paragraph_desktopParagraph__U31Gm\">Ratownicy przypominaj\u0105, \u017ce Tatry zim\u0105 nie wybaczaj\u0105 b\u0142\u0119d\u00f3w. Ka\u017cda wyprawa w wy\u017csze partie g\u00f3r powinna by\u0107 dobrze zaplanowana i dostosowana do aktualnych warunk\u00f3w pogodowych oraz w\u0142asnych umiej\u0119tno\u015bci.<\/p>\n","protected":false},"excerpt":{"rendered":"Na Rysach dosz\u0142o do kolejnego gro\u017anego wypadku, kt\u00f3ry pokazuje, jak niebezpieczne potrafi\u0105 by\u0107 zimowe warunki w Tatrach. W&hellip;\n","protected":false},"author":2,"featured_media":164004,"comment_status":"","ping_status":"","sticky":false,"template":"","format":"standard","meta":{"footnotes":""},"categories":[12],"tags":[1009,32,33,36,37,27,368,34,35,28,31,53,25,52,68,51,55,42,38,40,39,41,47,29,30,50,26],"class_list":{"0":"post-164003","1":"post","2":"type-post","3":"status-publish","4":"format-standard","5":"has-post-thumbnail","7":"category-polska","8":"tag-anejus","9":"tag-breaking-news","10":"tag-breakingnews","11":"tag-featured-news","12":"tag-featurednews","13":"tag-headlines","14":"tag-krakowdlawas","15":"tag-latest-news","16":"tag-latestnews","17":"tag-naglowki","18":"tag-najwazniejsze-artykuly","19":"tag-new_header","20":"tag-news","21":"tag-onet3","22":"tag-onet3d","23":"tag-onet3d_2i","24":"tag-phx","25":"tag-pl","26":"tag-poland","27":"tag-polish","28":"tag-polska","29":"tag-polski","30":"tag-screening_general","31":"tag-top-stories","32":"tag-topstories","33":"tag-v2021","34":"tag-wiadomosci"},"share_on_mastodon":{"url":"https:\/\/pubeurope.com\/@pl\/115760156045649411","error":""},"_links":{"self":[{"href":"https:\/\/www.europesays.com\/pl\/wp-json\/wp\/v2\/posts\/164003","targetHints":{"allow":["GET"]}}],"collection":[{"href":"https:\/\/www.europesays.com\/pl\/wp-json\/wp\/v2\/posts"}],"about":[{"href":"https:\/\/www.europesays.com\/pl\/wp-json\/wp\/v2\/types\/post"}],"author":[{"embeddable":true,"href":"https:\/\/www.europesays.com\/pl\/wp-json\/wp\/v2\/users\/2"}],"replies":[{"embeddable":true,"href":"https:\/\/www.europesays.com\/pl\/wp-json\/wp\/v2\/comments?post=164003"}],"version-history":[{"count":0,"href":"https:\/\/www.europesays.com\/pl\/wp-json\/wp\/v2\/posts\/164003\/revisions"}],"wp:featuredmedia":[{"embeddable":true,"href":"https:\/\/www.europesays.com\/pl\/wp-json\/wp\/v2\/media\/164004"}],"wp:attachment":[{"href":"https:\/\/www.europesays.com\/pl\/wp-json\/wp\/v2\/media?parent=164003"}],"wp:term":[{"taxonomy":"category","embeddable":true,"href":"https:\/\/www.europesays.com\/pl\/wp-json\/wp\/v2\/categories?post=164003"},{"taxonomy":"post_tag","embeddable":true,"href":"https:\/\/www.europesays.com\/pl\/wp-json\/wp\/v2\/tags?post=164003"}],"curies":[{"name":"wp","href":"https:\/\/api.w.org\/{rel}","templated":true}]}}