{"id":164009,"date":"2025-12-21T23:35:19","date_gmt":"2025-12-21T23:35:19","guid":{"rendered":"https:\/\/www.europesays.com\/pl\/164009\/"},"modified":"2025-12-21T23:35:19","modified_gmt":"2025-12-21T23:35:19","slug":"wojsko-szkoli-polakow-gen-polko-ma-rade-dla-mon-powinno-sie-zajac-kluczowa-robota","status":"publish","type":"post","link":"https:\/\/www.europesays.com\/pl\/164009\/","title":{"rendered":"Wojsko szkoli Polak\u00f3w. Gen. Polko ma rad\u0119 dla MON: powinno si\u0119 zaj\u0105\u0107 kluczow\u0105 robot\u0105"},"content":{"rendered":"<p class=\"hyphenate \" data-text-len=\"691\" data-scroll=\"paragraph_2\">W ramach programu szkole\u0144 &#8222;W gotowo\u015bci&#8221; ka\u017cdy doros\u0142y Polak m\u00f3g\u0142 dobrowolnie przeszkoli\u0107 si\u0119 w zakresie bezpiecze\u0144stwa, medycyny, przetrwania lub cyberhigieny. W sobot\u0119 20 grudnia odby\u0142y si\u0119 ostatnie szkolenia w ramach akcji &#8222;W Gotowo\u015bci&#8221; zorganizowanej w tym roku pilota\u017cowo przez <a href=\"https:\/\/www.dziennik.pl\/tagi\/mon\" id=\"9478590c-6dd6-473a-935f-021af2274f8b\" title=\"MON\" rel=\"nofollow noopener\" target=\"_blank\">MON<\/a>. &#8222;\u0106wiczenia \u00bbW Gotowo\u015bci\u00ab s\u0105 innowacyjne. Na tak\u0105 skal\u0119 w jednym dniu jeszcze nigdy nie mieli\u015bmy tak du\u017co os\u00f3b do przeszkolenia, wi\u0119c tym bardziej jest to wyzwanie dla si\u0142 zbrojnych, kt\u00f3remu podo\u0142amy, kt\u00f3remu wojsko da rad\u0119, bo jest bardzo dobrze do tego przygotowane&#8221; &#8211; m\u00f3wi\u0142 minister obrony narodowej. <\/p>\n<p>    Tylu Polak\u00f3w wzi\u0119\u0142o udzia\u0142 w szkoleniach MON<\/p>\n<p class=\"hyphenate \" data-text-len=\"638\" data-scroll=\"paragraph_5\">W ramach pilota\u017cowych szkole\u0144 od 22 listopada odby\u0142y si\u0119 cztery edycje kurs\u00f3w. Z zapowiedzi wynika\u0142o, \u017ce przeszkolonych zostanie oko\u0142o 25 tys. os\u00f3b. Jak podaje MON zapisa\u0142o si\u0119 na nie 18 tys. Polak\u00f3w. Jak podaje Wirtualna <a href=\"https:\/\/www.dziennik.pl\/tagi\/polska\" id=\"05d52019-331a-4525-ac04-783155d2f74d\" title=\"Polska\" rel=\"nofollow noopener\" target=\"_blank\">Polska<\/a>, \u0142\u0105cznie do 18 grudnia przeszkolono ponad 16 tys. uczestnik\u00f3w. Szkolili si\u0119 cz\u0119\u015bciej m\u0119\u017cczy\u017ani (59 proc.), a najwi\u0119kszy odsetek kobiet by\u0142 w najm\u0142odszej grupie 18-30 lat (44 proc.). Najstarszy m\u0119\u017cczyzna w wieku 91 lat zapisa\u0142 si\u0119 na kurs cyberhigieny, a najstarsza kobieta (80 lat) na kurs przetrwania.<\/p>\n<p>    Genera\u0142 Polko: MON nie powinien realizowa\u0107 tych szkole\u0144<\/p>\n<p class=\"hyphenate \" data-text-len=\"796\" data-scroll=\"paragraph_8\">&#8222;Szacunek dla ludzi, kt\u00f3rzy realizowali te szkolenia, na pewno z po\u015bwi\u0119ceniem i oddaniem. Odczuwam to lokalnie, \u017ce wielu ludzi chcia\u0142oby si\u0119 spotka\u0107, porozmawia\u0107 na temat bezpiecze\u0144stwa, przeszkoli\u0107, \u017ceby im pewne rzeczy t\u0142umaczy\u0107&#8221; &#8211; komentuje w rozmowie z WP gen. Roman Polko, by\u0142y dow\u00f3dca <a href=\"https:\/\/www.dziennik.pl\/tagi\/grom\" id=\"c96b2d74-2bc9-4587-8498-ff22a82ed045\" title=\"GROM\" rel=\"nofollow noopener\" target=\"_blank\">GROM<\/a> i by\u0142y zast\u0119pca szefa BBN. Jednak zdaniem eksperta, tego typu dzia\u0142aniami nie powinno zajmowa\u0107 si\u0119 Ministerstwo Obrony Narodowej, a Ministerstwo Spraw Wewn\u0119trznych i Administracji, kt\u00f3re w swoich zadaniach ma obron\u0119 cywiln\u0105 i ochron\u0119 ludno\u015bci. \u0106wiczenia dla ludno\u015bci, zdaniem by\u0142ego zast\u0119pcy szefa Biura Bezpiecze\u0144stwa Narodowego, powinny by\u0107 prowadzone w trybie sta\u0142ym, a nie jednorazowej akcji. <\/p>\n<p class=\"hyphenate \" data-text-len=\"419\" data-scroll=\"paragraph_9\">&#8222;MON powinien przede wszystkim przeprowadzi\u0107 kwalifikacj\u0119 wojskow\u0105 oko\u0142o 230 tysi\u0119cy m\u0142odych ludzi. Wyt\u0142umaczy\u0107 im, \u017ce kwalifikacja to nie jest pob\u00f3r, \u017ceby si\u0119 nie bali. <a href=\"https:\/\/www.dziennik.pl\/tagi\/mon\" id=\"47a4d17a-26e5-4399-86dc-025222e3e7bb\" title=\"MON\" rel=\"nofollow noopener\" target=\"_blank\">MON<\/a> musi przeszkoli\u0107 do s\u0142u\u017cby zawodowej oko\u0142o 20 tysi\u0119cy os\u00f3b, ponadto oko\u0142o 200 tysi\u0119cy rezerwist\u00f3w&#8221;- powiedzia\u0142 genera\u0142 Polko Wirtualnej Polsce. <\/p>\n<p>    Gen. Polko: MON musi opracowywa\u0107 strategie<\/p>\n<p class=\"hyphenate \" data-text-len=\"862\" data-scroll=\"paragraph_11\">&#8222;MON powinno si\u0119 zaj\u0105\u0107 swoj\u0105 kluczow\u0105 robot\u0105, jak\u0105 jest poznawanie taktyk, kt\u00f3re s\u0105 realizowane w <a href=\"https:\/\/www.dziennik.pl\/tagi\/ukraina\" id=\"f21807e4-4d6b-41a8-b8e3-57b164954089\" title=\"Ukraina\" rel=\"nofollow noopener\" target=\"_blank\">Ukrainie<\/a>, budowanie zdolno\u015bci do zwalczania dron\u00f3w, prowadzenia i koordynacji dzia\u0142a\u0144 po\u0142\u0105czonych, gdzie spotyka si\u0119 tradycyjna taktyka ze wsp\u00f3\u0142czesn\u0105 sztuczn\u0105 inteligencj\u0105 i trzeba ludzi przygotowa\u0107 do nowego typu dzia\u0142a\u0144. Sam minister obrony powinien si\u0119 zaj\u0105\u0107 kwesti\u0105, chocia\u017cby opracowania w porozumieniu z prezydentem strategii bezpiecze\u0144stwa narodowego, polityczno-strategicznej dyrektywy obronnej, kt\u00f3ra pos\u0142u\u017cy potem Sztabowi Generalnemu do budowania plan\u00f3w operacyjnych. I oczywi\u015bcie poszczeg\u00f3lne jednostki powinny opracowa\u0107 harmonogram \u0107wicze\u0144 mi\u0119dzynarodowych. To powinno by\u0107 kluczem dzia\u0142ania MON&#8221; -powiedzia\u0142 genera\u0142 Polko Wirtualnej Polsce. <\/p>\n","protected":false},"excerpt":{"rendered":"W ramach programu szkole\u0144 &#8222;W gotowo\u015bci&#8221; ka\u017cdy doros\u0142y Polak m\u00f3g\u0142 dobrowolnie przeszkoli\u0107 si\u0119 w zakresie bezpiecze\u0144stwa, medycyny, przetrwania&hellip;\n","protected":false},"author":2,"featured_media":164010,"comment_status":"","ping_status":"","sticky":false,"template":"","format":"standard","meta":{"footnotes":""},"categories":[12],"tags":[32,33,36,37,27,34,35,28,31,25,42,38,40,39,41,29,30,26],"class_list":{"0":"post-164009","1":"post","2":"type-post","3":"status-publish","4":"format-standard","5":"has-post-thumbnail","7":"category-polska","8":"tag-breaking-news","9":"tag-breakingnews","10":"tag-featured-news","11":"tag-featurednews","12":"tag-headlines","13":"tag-latest-news","14":"tag-latestnews","15":"tag-naglowki","16":"tag-najwazniejsze-artykuly","17":"tag-news","18":"tag-pl","19":"tag-poland","20":"tag-polish","21":"tag-polska","22":"tag-polski","23":"tag-top-stories","24":"tag-topstories","25":"tag-wiadomosci"},"share_on_mastodon":{"url":"https:\/\/pubeurope.com\/@pl\/115760183573026423","error":""},"_links":{"self":[{"href":"https:\/\/www.europesays.com\/pl\/wp-json\/wp\/v2\/posts\/164009","targetHints":{"allow":["GET"]}}],"collection":[{"href":"https:\/\/www.europesays.com\/pl\/wp-json\/wp\/v2\/posts"}],"about":[{"href":"https:\/\/www.europesays.com\/pl\/wp-json\/wp\/v2\/types\/post"}],"author":[{"embeddable":true,"href":"https:\/\/www.europesays.com\/pl\/wp-json\/wp\/v2\/users\/2"}],"replies":[{"embeddable":true,"href":"https:\/\/www.europesays.com\/pl\/wp-json\/wp\/v2\/comments?post=164009"}],"version-history":[{"count":0,"href":"https:\/\/www.europesays.com\/pl\/wp-json\/wp\/v2\/posts\/164009\/revisions"}],"wp:featuredmedia":[{"embeddable":true,"href":"https:\/\/www.europesays.com\/pl\/wp-json\/wp\/v2\/media\/164010"}],"wp:attachment":[{"href":"https:\/\/www.europesays.com\/pl\/wp-json\/wp\/v2\/media?parent=164009"}],"wp:term":[{"taxonomy":"category","embeddable":true,"href":"https:\/\/www.europesays.com\/pl\/wp-json\/wp\/v2\/categories?post=164009"},{"taxonomy":"post_tag","embeddable":true,"href":"https:\/\/www.europesays.com\/pl\/wp-json\/wp\/v2\/tags?post=164009"}],"curies":[{"name":"wp","href":"https:\/\/api.w.org\/{rel}","templated":true}]}}