{"id":164198,"date":"2025-12-22T04:17:11","date_gmt":"2025-12-22T04:17:11","guid":{"rendered":"https:\/\/www.europesays.com\/pl\/164198\/"},"modified":"2025-12-22T04:17:11","modified_gmt":"2025-12-22T04:17:11","slug":"wielki-jubileusz-lewego-imponujace-osiagniecia-polaka","status":"publish","type":"post","link":"https:\/\/www.europesays.com\/pl\/164198\/","title":{"rendered":"Wielki jubileusz &#8222;Lewego&#8221;. Imponuj\u0105ce osi\u0105gni\u0119cia Polaka"},"content":{"rendered":"\n<p class=\"contentpart contentpart--default contentpart--text\" data-position=\"0\"><a href=\"https:\/\/sportowefakty.wp.pl\/pilka-nozna\/robert-lewandowski\" rel=\"nofollow noopener\" target=\"_blank\">Robert Lewandowski<\/a>\u00a0postawi\u0142 ten krok milowy w swoim 16. sezonie w ligach TOP5, do kt\u00f3rych nale\u017c\u0105 angielska, francuska, hiszpa\u0144ska, niemiecka i hiszpa\u0144ska. \u017baden Polak nie rozegra\u0142 w europejskiej elicie tylu spotka\u0144, ale osi\u0105gni\u0119cia &#8222;Lewego&#8221; robi\u0105 wra\u017cenie bez podzia\u0142u na narodowo\u015bci.<\/p>\n<p class=\"contentpart contentpart--default contentpart--text\" data-position=\"1\">37-latek w ostatnich miesi\u0105cach obni\u017cy\u0142 loty, ale to, czego dokona\u0142 w europejskiej pi\u0142ce, jest imponuj\u0105ce i mo\u017ce napawa\u0107 go dum\u0105. Takie do\u015bwiadczenie w najlepszych ligach Europy przed Lewandowskim zdoby\u0142o ponad stu pi\u0142karzy, ale tylko dw\u00f3ch z nich zgromadzi\u0142o w tych rozgrywkach okazalszy dorobek. Lewandowski (389 bramek) wyprzedzaj\u0105 jedynie giganci: Cristiano Ronaldo (495) i Leo Messi (496).<\/p>\n<p> <img role=\"presentation\" src=\"https:\/\/std.wpcdn.pl\/images\/adv\/placeholder_wp.svg\" loading=\"lazy\" alt=\"\" decoding=\"async\"\/>  <\/p>\n<p class=\"contentpart contentpart--default contentpart--text\" data-position=\"2\">ZOBACZ WIDEO: Brz\u0119czek musia\u0142 si\u0119 wkupi\u0107 do kadry? &#8222;Wtedy si\u0119 zdenerwowa\u0142em&#8221;<\/p>\n<p class=\"contentpart contentpart--default contentpart--text\" data-position=\"4\">&#8222;Lewy&#8221; wyprzedza m.in. Gerda Muellera (365) czy Zlatana Ibrahimovicia (302). A spo\u015br\u00f3d pi\u0142karzy, kt\u00f3rzy mog\u0105 w najbli\u017cszym czasie zagrozi\u0107 Polakowi, najwi\u0119cej bramek w TOP5 zdoby\u0142 Harry Kane. Do weterana z Barcelony traci jednak 95 bramek. Bior\u0105c pod uwag\u0119 jego \u015brednie, to dystans, kt\u00f3ry mo\u017ce nadrobi\u0107 na koniec sezonu 2027\/28.<\/p>\n<p class=\"contentpart contentpart--default contentpart--text\" data-position=\"5\">Lewandowski jest nie tylko jednym z najskuteczniejszych pi\u0142karzy w historii TOP5, ale te\u017c jednym z najbardziej utytu\u0142owanych. Ma w kolekcji a\u017c 12 mistrzostw tych lig. Wi\u0119cej z\u0142otych medali (po 13) maj\u0105 tylko Ryan Giggs, Thomas Mueller i Kingsley Coman.<\/p>\n<p class=\"contentpart contentpart--default contentpart--text\" data-position=\"6\">Imponuj\u0105ca jest te\u017c kolekcja strzeleckich tytu\u0142\u00f3w Lewandowskiego. Mo\u017ce si\u0119 pochwali\u0107 a\u017c o\u015bmioma szczeroz\u0142otymi koronam lig TOP5. Nikt nie ma wi\u0119cej tytu\u0142\u00f3w kr\u00f3la strzelc\u00f3w, a tylko Messi mo\u017ce si\u0119 pochwali\u0107 tak\u0105 sam\u0105 zdobycz\u0105. &#8222;Lewy&#8221; siedem razy triumfowa\u0142 w Bundeslidze, a raz w La Lidze.<\/p>\n<p> <img role=\"presentation\" src=\"https:\/\/std.wpcdn.pl\/images\/adv\/placeholder_wp.svg\" loading=\"lazy\" alt=\"\" decoding=\"async\"\/>  <\/p>\n<p class=\"contentpart contentpart--default contentpart--text\" data-position=\"7\">Kapitan reprezentacji Polski jest najskuteczniejszym obcokrajowcem w historii niemieckiej ekstraklasy (312) i dzier\u017cy te\u017c m.in. rekord bramek zdobytych w jednym sezonie Bundesligi (41 w 2020\/21).<\/p>\n<p class=\"contentpart contentpart--default contentpart--text\" data-position=\"8\">Robert Lewandowski w ligach TOP5:<\/p>\n<tr> LigaKlubBramkiMeczeLata <\/tr>\n<tr>\n<td> Bundesliga <\/td>\n<td> Borussia Dortmund <\/td>\n<td> 74 <\/td>\n<td> 131 <\/td>\n<td> 2010-14 <\/td>\n<\/tr>\n<tr>\n<td> <\/td>\n<td> Bayern Monachium <\/td>\n<td> 238 <\/td>\n<td> 253 <\/td>\n<td> 2014-22 <\/td>\n<\/tr>\n<tr>\n<td> <\/td>\n<td> \u0142\u0105cznie <\/td>\n<td> <\/td>\n<td> <\/td>\n<td> <\/td>\n<\/tr>\n<tr>\n<td> La Liga <\/td>\n<td> FC Barcelona <\/td>\n<td> 77 <\/td>\n<td> 116 <\/td>\n<td> 2022- <\/td>\n<\/tr>\n<tr>\n<td> <\/td>\n<td> \u0142\u0105cznie <\/td>\n<td> 389 <\/td>\n<td> 500 <\/td>\n<td> 2010- <\/td>\n<\/tr>\n","protected":false},"excerpt":{"rendered":"Robert Lewandowski\u00a0postawi\u0142 ten krok milowy w swoim 16. sezonie w ligach TOP5, do kt\u00f3rych nale\u017c\u0105 angielska, francuska, hiszpa\u0144ska,&hellip;\n","protected":false},"author":2,"featured_media":164199,"comment_status":"","ping_status":"","sticky":false,"template":"","format":"standard","meta":{"footnotes":""},"categories":[24],"tags":[933,12695,538,1278,989,269,540,930,278,42,38,40,39,41,273,127,126],"class_list":{"0":"post-164198","1":"post","2":"type-post","3":"status-publish","4":"format-standard","5":"has-post-thumbnail","7":"category-sport","8":"tag-bundesliga","9":"tag-cristiano-ronaldo","10":"tag-la-liga","11":"tag-lionel-messi","12":"tag-pilka-na-swiecie","13":"tag-pilka-nozna","14":"tag-pilka-nozna-w-hiszpanii","15":"tag-pilka-nozna-w-niemczech","16":"tag-pilka-w-europie","17":"tag-pl","18":"tag-poland","19":"tag-polish","20":"tag-polska","21":"tag-polski","22":"tag-robert-lewandowski","23":"tag-sport","24":"tag-sports"},"share_on_mastodon":{"url":"https:\/\/pubeurope.com\/@pl\/115761292715077981","error":""},"_links":{"self":[{"href":"https:\/\/www.europesays.com\/pl\/wp-json\/wp\/v2\/posts\/164198","targetHints":{"allow":["GET"]}}],"collection":[{"href":"https:\/\/www.europesays.com\/pl\/wp-json\/wp\/v2\/posts"}],"about":[{"href":"https:\/\/www.europesays.com\/pl\/wp-json\/wp\/v2\/types\/post"}],"author":[{"embeddable":true,"href":"https:\/\/www.europesays.com\/pl\/wp-json\/wp\/v2\/users\/2"}],"replies":[{"embeddable":true,"href":"https:\/\/www.europesays.com\/pl\/wp-json\/wp\/v2\/comments?post=164198"}],"version-history":[{"count":0,"href":"https:\/\/www.europesays.com\/pl\/wp-json\/wp\/v2\/posts\/164198\/revisions"}],"wp:featuredmedia":[{"embeddable":true,"href":"https:\/\/www.europesays.com\/pl\/wp-json\/wp\/v2\/media\/164199"}],"wp:attachment":[{"href":"https:\/\/www.europesays.com\/pl\/wp-json\/wp\/v2\/media?parent=164198"}],"wp:term":[{"taxonomy":"category","embeddable":true,"href":"https:\/\/www.europesays.com\/pl\/wp-json\/wp\/v2\/categories?post=164198"},{"taxonomy":"post_tag","embeddable":true,"href":"https:\/\/www.europesays.com\/pl\/wp-json\/wp\/v2\/tags?post=164198"}],"curies":[{"name":"wp","href":"https:\/\/api.w.org\/{rel}","templated":true}]}}